{"id":24475,"date":"2026-04-28T13:05:44","date_gmt":"2026-04-28T11:05:44","guid":{"rendered":"https:\/\/swiatsupli.pl\/blog\/?p=24475"},"modified":"2026-04-28T13:05:46","modified_gmt":"2026-04-28T11:05:46","slug":"suplementacja-przy-luszczycy-co-lagodzi-stan-zapalny-skory-od-srodka-i-jaka-role-gra-witamina-d-oraz-omega-3","status":"publish","type":"post","link":"https:\/\/swiatsupli.pl\/blog\/suplementacja-przy-luszczycy-co-lagodzi-stan-zapalny-skory-od-srodka-i-jaka-role-gra-witamina-d-oraz-omega-3\/","title":{"rendered":"Suplementacja przy \u0142uszczycy \u2014 co \u0142agodzi stan zapalny sk\u00f3ry od \u015brodka i jak\u0105 rol\u0119 gra witamina D oraz omega-3"},"content":{"rendered":"<div id=\"ez-toc-container\" class=\"ez-toc-v2_0_75 counter-hierarchy ez-toc-counter ez-toc-grey ez-toc-container-direction\">\n<div class=\"ez-toc-title-container\">\n<p class=\"ez-toc-title\" style=\"cursor:inherit\">Spis tre\u015bci<\/p>\n<span class=\"ez-toc-title-toggle\"><a href=\"#\" class=\"ez-toc-pull-right ez-toc-btn ez-toc-btn-xs ez-toc-btn-default ez-toc-toggle\" aria-label=\"Toggle Table of Content\"><span class=\"ez-toc-js-icon-con\"><span class=\"\"><span class=\"eztoc-hide\" style=\"display:none;\">Toggle<\/span><span class=\"ez-toc-icon-toggle-span\"><svg style=\"fill: #999;color:#999\" xmlns=\"http:\/\/www.w3.org\/2000\/svg\" class=\"list-377408\" width=\"20px\" height=\"20px\" viewBox=\"0 0 24 24\" fill=\"none\"><path d=\"M6 6H4v2h2V6zm14 0H8v2h12V6zM4 11h2v2H4v-2zm16 0H8v2h12v-2zM4 16h2v2H4v-2zm16 0H8v2h12v-2z\" fill=\"currentColor\"><\/path><\/svg><svg style=\"fill: #999;color:#999\" class=\"arrow-unsorted-368013\" xmlns=\"http:\/\/www.w3.org\/2000\/svg\" width=\"10px\" height=\"10px\" viewBox=\"0 0 24 24\" version=\"1.2\" baseProfile=\"tiny\"><path d=\"M18.2 9.3l-6.2-6.3-6.2 6.3c-.2.2-.3.4-.3.7s.1.5.3.7c.2.2.4.3.7.3h11c.3 0 .5-.1.7-.3.2-.2.3-.5.3-.7s-.1-.5-.3-.7zM5.8 14.7l6.2 6.3 6.2-6.3c.2-.2.3-.5.3-.7s-.1-.5-.3-.7c-.2-.2-.4-.3-.7-.3h-11c-.3 0-.5.1-.7.3-.2.2-.3.5-.3.7s.1.5.3.7z\"\/><\/svg><\/span><\/span><\/span><\/a><\/span><\/div>\n<nav><ul class='ez-toc-list ez-toc-list-level-1 ' ><li class='ez-toc-page-1 ez-toc-heading-level-2'><a class=\"ez-toc-link ez-toc-heading-1\" href=\"https:\/\/swiatsupli.pl\/blog\/suplementacja-przy-luszczycy-co-lagodzi-stan-zapalny-skory-od-srodka-i-jaka-role-gra-witamina-d-oraz-omega-3\/#Luszczyca_jako_choroba_ukladowa_%E2%80%94_mechanizm_zapalny\" >\u0141uszczyca jako choroba uk\u0142adowa \u2014 mechanizm zapalny<\/a><\/li><li class='ez-toc-page-1 ez-toc-heading-level-2'><a class=\"ez-toc-link ez-toc-heading-2\" href=\"https:\/\/swiatsupli.pl\/blog\/suplementacja-przy-luszczycy-co-lagodzi-stan-zapalny-skory-od-srodka-i-jaka-role-gra-witamina-d-oraz-omega-3\/#Witamina_D_%E2%80%94_dlaczego_jest_kluczowa_przy_luszczycy\" >Witamina D \u2014 dlaczego jest kluczowa przy \u0142uszczycy<\/a><\/li><li class='ez-toc-page-1 ez-toc-heading-level-2'><a class=\"ez-toc-link ez-toc-heading-3\" href=\"https:\/\/swiatsupli.pl\/blog\/suplementacja-przy-luszczycy-co-lagodzi-stan-zapalny-skory-od-srodka-i-jaka-role-gra-witamina-d-oraz-omega-3\/#Omega-3_%E2%80%94_mechanizm_przeciwzapalny_i_dowody_kliniczne\" >Omega-3 \u2014 mechanizm przeciwzapalny i dowody kliniczne<\/a><\/li><li class='ez-toc-page-1 ez-toc-heading-level-2'><a class=\"ez-toc-link ez-toc-heading-4\" href=\"https:\/\/swiatsupli.pl\/blog\/suplementacja-przy-luszczycy-co-lagodzi-stan-zapalny-skory-od-srodka-i-jaka-role-gra-witamina-d-oraz-omega-3\/#Kwasy_tluszczowe_i_bariera_skorna_%E2%80%94_co_jeszcze_pomaga\" >Kwasy t\u0142uszczowe i bariera sk\u00f3rna \u2014 co jeszcze pomaga<\/a><\/li><li class='ez-toc-page-1 ez-toc-heading-level-2'><a class=\"ez-toc-link ez-toc-heading-5\" href=\"https:\/\/swiatsupli.pl\/blog\/suplementacja-przy-luszczycy-co-lagodzi-stan-zapalny-skory-od-srodka-i-jaka-role-gra-witamina-d-oraz-omega-3\/#Cynk_%E2%80%94_rola_w_proliferacji_komorek_skory\" >Cynk \u2014 rola w proliferacji kom\u00f3rek sk\u00f3ry<\/a><\/li><li class='ez-toc-page-1 ez-toc-heading-level-2'><a class=\"ez-toc-link ez-toc-heading-6\" href=\"https:\/\/swiatsupli.pl\/blog\/suplementacja-przy-luszczycy-co-lagodzi-stan-zapalny-skory-od-srodka-i-jaka-role-gra-witamina-d-oraz-omega-3\/#Selen_i_stres_oksydacyjny\" >Selen i stres oksydacyjny<\/a><\/li><li class='ez-toc-page-1 ez-toc-heading-level-2'><a class=\"ez-toc-link ez-toc-heading-7\" href=\"https:\/\/swiatsupli.pl\/blog\/suplementacja-przy-luszczycy-co-lagodzi-stan-zapalny-skory-od-srodka-i-jaka-role-gra-witamina-d-oraz-omega-3\/#Probiotyki_a_luszczyca_%E2%80%94_polaczenie_jelito%E2%80%93skora\" >Probiotyki a \u0142uszczyca \u2014 po\u0142\u0105czenie jelito\u2013sk\u00f3ra<\/a><\/li><li class='ez-toc-page-1 ez-toc-heading-level-2'><a class=\"ez-toc-link ez-toc-heading-8\" href=\"https:\/\/swiatsupli.pl\/blog\/suplementacja-przy-luszczycy-co-lagodzi-stan-zapalny-skory-od-srodka-i-jaka-role-gra-witamina-d-oraz-omega-3\/#Czego_unikac_przy_luszczycy\" >Czego unika\u0107 przy \u0142uszczycy<\/a><\/li><li class='ez-toc-page-1 ez-toc-heading-level-2'><a class=\"ez-toc-link ez-toc-heading-9\" href=\"https:\/\/swiatsupli.pl\/blog\/suplementacja-przy-luszczycy-co-lagodzi-stan-zapalny-skory-od-srodka-i-jaka-role-gra-witamina-d-oraz-omega-3\/#Suplementacja_a_leczenie_farmakologiczne_%E2%80%94_wazne_zastrzezenia\" >Suplementacja a leczenie farmakologiczne \u2014 wa\u017cne zastrze\u017cenia<\/a><\/li><li class='ez-toc-page-1 ez-toc-heading-level-2'><a class=\"ez-toc-link ez-toc-heading-10\" href=\"https:\/\/swiatsupli.pl\/blog\/suplementacja-przy-luszczycy-co-lagodzi-stan-zapalny-skory-od-srodka-i-jaka-role-gra-witamina-d-oraz-omega-3\/#FAQ\" >FAQ<\/a><\/li><li class='ez-toc-page-1 ez-toc-heading-level-2'><a class=\"ez-toc-link ez-toc-heading-11\" href=\"https:\/\/swiatsupli.pl\/blog\/suplementacja-przy-luszczycy-co-lagodzi-stan-zapalny-skory-od-srodka-i-jaka-role-gra-witamina-d-oraz-omega-3\/#Podsumowanie\" >Podsumowanie<\/a><\/li><li class='ez-toc-page-1 ez-toc-heading-level-2'><a class=\"ez-toc-link ez-toc-heading-12\" href=\"https:\/\/swiatsupli.pl\/blog\/suplementacja-przy-luszczycy-co-lagodzi-stan-zapalny-skory-od-srodka-i-jaka-role-gra-witamina-d-oraz-omega-3\/#Warto_przeczytac_rowniez\" >Warto przeczyta\u0107 r\u00f3wnie\u017c<\/a><\/li><\/ul><\/nav><\/div>\n\n<p>\u0141uszczyca to nie tylko choroba sk\u00f3ry. To og\u00f3lnoustrojowa choroba zapalna, w kt\u00f3rej uk\u0142ad odporno\u015bciowy atakuje w\u0142asne kom\u00f3rki nask\u00f3rka \u2014 z wci\u0105\u017c nie do ko\u0144ca wyja\u015bnionych przyczyn. Leczenie dermatologiczne skupia si\u0119 na objawach zewn\u0119trznych, ale coraz wi\u0119cej dowod\u00f3w wskazuje, \u017ce stan zapalny mo\u017cna modulowa\u0107 r\u00f3wnie\u017c od wewn\u0105trz \u2014 przez diet\u0119 i suplementacj\u0119. <a href=\"https:\/\/swiatsupli.pl\/witamina-d\/c293?utm_source=blog&amp;utm_medium=referral&amp;utm_campaign=Suplementacja_przy_%C5%82uszczycy%E2%80%94_co_%C5%82agodzi_stan_zapalny_sk%C3%B3ry_od_%C5%9Brodka_i_jak%C4%85_rol%C4%99_gra_witamina_D_oraz_omega-3\" target=\"_blank\" rel=\"noreferrer noopener\">Witamina D <\/a>i omega-3 maj\u0105 tu najsilniejsz\u0105 dokumentacj\u0119, ale lista aktywnych sk\u0142adnik\u00f3w jest d\u0142u\u017csza. Poni\u017cej przedstawiamy to, co faktycznie m\u00f3wi\u0105 badania.<\/p>\n\n\n\n<hr class=\"wp-block-separator has-alpha-channel-opacity\"\/>\n\n\n\n<h2 class=\"wp-block-heading\"><span class=\"ez-toc-section\" id=\"Luszczyca_jako_choroba_ukladowa_%E2%80%94_mechanizm_zapalny\"><\/span><strong>\u0141uszczyca jako choroba uk\u0142adowa \u2014 mechanizm zapalny<\/strong><span class=\"ez-toc-section-end\"><\/span><\/h2>\n\n\n\n<p>\u0141uszczyca dotyka ok. 2\u20133% populacji i objawia si\u0119 nadmiern\u0105 proliferacj\u0105 keratynocyt\u00f3w \u2014 cykl odnowy kom\u00f3rek nask\u00f3rka skraca si\u0119 z normalnych 28\u201330 dni do zaledwie 3\u20134 dni. Efektem s\u0105 charakterystyczne, \u0142uszcz\u0105ce si\u0119, czerwone blaszki.<\/p>\n\n\n\n<p><strong>Mechanizm jest immunologiczny:<\/strong> Limfocyty T (g\u0142\u00f3wnie Th1 i Th17) w sk\u00f3rze wydzielaj\u0105 prozapalne cytokiny \u2014 TNF-\u03b1, IL-17, IL-23 \u2014 kt\u00f3re nap\u0119dzaj\u0105 nadmiern\u0105 proliferacj\u0119 keratynocyt\u00f3w. To ten sam szlak zapalny, kt\u00f3ry dotyczy staw\u00f3w przy \u0142uszczycowym zapaleniu staw\u00f3w.<\/p>\n\n\n\n<p>Dlatego \u0142uszczyca wi\u0105\u017ce si\u0119 ze zwi\u0119kszonym ryzykiem chor\u00f3b sercowo-naczyniowych, insulinooporno\u015bci i depresji \u2014 to nie s\u0105 odr\u0119bne choroby, ale objawy tego samego przewlek\u0142ego zapalenia og\u00f3lnoustrojowego.<\/p>\n\n\n\n<p>Suplementacja, kt\u00f3ra redukuje og\u00f3lny stan zapalny lub moduluje o\u015b immunologiczn\u0105, ma w tym kontek\u015bcie biologiczne uzasadnienie.<\/p>\n\n\n\n<figure class=\"wp-block-image\"><a href=\"https:\/\/swiatsupli.pl\/kwasy-tluszczowe-promaker-omega-ultra-500-epa-250-dha-90-caps\/p14424?utm_source=blog&amp;utm_medium=referral&amp;utm_campaign=Suplementacja_przy_%C5%82uszczycy%E2%80%94_co_%C5%82agodzi_stan_zapalny_sk%C3%B3ry_od_%C5%9Brodka_i_jak%C4%85_rol%C4%99_gra_witamina_D_oraz_omega-3\" target=\"_blank\" rel=\" noreferrer noopener\"><img decoding=\"async\" src=\"https:\/\/www2.swiatsupli.pl\/30020-large_default\/kwasy-tluszczowe-promaker-omega-ultra-500-epa-250-dha-90-caps.jpg\" alt=\"Kwasy T\u0142uszczowe Promaker Omega ULTRA 500 EPA 250 DHA 90 caps\" title=\"Kwasy T\u0142uszczowe Promaker Omega ULTRA 500 EPA 250 DHA 90 caps\"\/><\/a><\/figure>\n\n\n\n<p class=\"has-text-align-center\"><a href=\"https:\/\/swiatsupli.pl\/kwasy-tluszczowe-promaker-omega-ultra-500-epa-250-dha-90-caps\/p14424?utm_source=blog&amp;utm_medium=referral&amp;utm_campaign=Suplementacja_przy_%C5%82uszczycy%E2%80%94_co_%C5%82agodzi_stan_zapalny_sk%C3%B3ry_od_%C5%9Brodka_i_jak%C4%85_rol%C4%99_gra_witamina_D_oraz_omega-3\" target=\"_blank\" rel=\"noreferrer noopener\">\u00a0Promaker Omega ULTRA 500 EPA 250 DHA 90 caps-KLIKNIJ TUTAJ<\/a><\/p>\n\n\n\n<hr class=\"wp-block-separator has-alpha-channel-opacity\"\/>\n\n\n\n<h2 class=\"wp-block-heading\"><span class=\"ez-toc-section\" id=\"Witamina_D_%E2%80%94_dlaczego_jest_kluczowa_przy_luszczycy\"><\/span><strong>Witamina D \u2014 dlaczego jest kluczowa przy \u0142uszczycy<\/strong><span class=\"ez-toc-section-end\"><\/span><\/h2>\n\n\n\n<p>Witamina D pe\u0142ni podw\u00f3jn\u0105 rol\u0119 przy \u0142uszczycy \u2014 i jest jedynym sk\u0142adnikiem stosowanym zar\u00f3wno zewn\u0119trznie (ma\u015bci z analogami D3), jak i wewn\u0119trznie.<\/p>\n\n\n\n<p><strong>Mechanizm:<\/strong> Aktywna forma witaminy D (kalcytriol) wi\u0105\u017ce si\u0119 z receptorem VDR (vitamin D receptor) obecnym w keratynocytach i kom\u00f3rkach uk\u0142adu odporno\u015bciowego. Aktywacja VDR:<\/p>\n\n\n\n<ul class=\"wp-block-list\">\n<li>Hamuje nadmiern\u0105 proliferacj\u0119 keratynocyt\u00f3w<\/li>\n\n\n\n<li>Moduluje r\u00f3\u017cnicowanie kom\u00f3rek T (zmniejsza Th1\/Th17, wspiera Treg)<\/li>\n\n\n\n<li>Redukuje produkcj\u0119 prozapalnych cytokin: TNF-\u03b1, IL-6, IL-17<\/li>\n<\/ul>\n\n\n\n<p><strong>Dowody kliniczne:<\/strong> Badania epidemiologiczne konsekwentnie wykazuj\u0105 ni\u017csze st\u0119\u017cenia 25(OH)D we krwi u chorych na \u0142uszczyc\u0119 w por\u00f3wnaniu do zdrowych kontroli. Metaanaliza Orgaz-Molina i wsp. wskazuje, \u017ce korelacja mi\u0119dzy niskim poziomem witaminy D a nasileniem \u0142uszczycy (mierzonym wska\u017anikiem PASI) jest istotna statystycznie.<\/p>\n\n\n\n<p>Pr\u00f3by interwencyjne z suplementacj\u0105 daj\u0105 wyniki umiarkowane, ale kilka RCT wykaza\u0142o redukcj\u0119 wska\u017anika PASI przy wysokich dawkach witaminy D3 (5000\u201310 000 IU\/dob\u0119) przez 6 miesi\u0119cy.<\/p>\n\n\n\n<p><strong>Zalecana suplementacja:<\/strong><\/p>\n\n\n\n<ul class=\"wp-block-list\">\n<li>Oznacz 25(OH)D przed suplementacj\u0105<\/li>\n\n\n\n<li>Cel terapeutyczny przy \u0142uszczycy: 50\u201380 ng\/ml (wy\u017cej ni\u017c standardowe &#8222;wystarczaj\u0105ce&#8221; 30 ng\/ml)<\/li>\n\n\n\n<li>Dawka: zazwyczaj 4000\u20138000 IU\/dob\u0119 (zawsze dobiera\u0107 indywidualnie po badaniu)<\/li>\n\n\n\n<li>Niezb\u0119dne po\u0142\u0105czenie z witamin\u0105 K2 (MK-7) \u2014 przy wysokich dawkach D3 konieczna do kierowania wapniem<\/li>\n<\/ul>\n\n\n\n<p><strong>WA\u017bNE:<\/strong> Wysokie dawki witaminy D3 wymagaj\u0105 monitorowania st\u0119\u017cenia 25(OH)D i wapnia co 3 miesi\u0105ce. Suplementacja powy\u017cej 4000 IU\/dob\u0119 powinna by\u0107 prowadzona pod kontrol\u0105 lekarza.<\/p>\n\n\n\n<hr class=\"wp-block-separator has-alpha-channel-opacity\"\/>\n\n\n\n<h2 class=\"wp-block-heading\"><span class=\"ez-toc-section\" id=\"Omega-3_%E2%80%94_mechanizm_przeciwzapalny_i_dowody_kliniczne\"><\/span><strong>Omega-3 \u2014 mechanizm przeciwzapalny i dowody kliniczne<\/strong><span class=\"ez-toc-section-end\"><\/span><\/h2>\n\n\n\n<p>Kwasy omega-3 \u2014 EPA i DHA \u2014 to jeden z najlepiej przebadanych sk\u0142adnik\u00f3w przeciwzapalnych w kontek\u015bcie chor\u00f3b sk\u00f3ry.<\/p>\n\n\n\n<p><strong>Mechanizm:<\/strong> EPA i DHA konkuruj\u0105 z kwasem arachidonowym (AA) o enzymy cyklooksygenazy (COX) i lipooksygenazy (LOX). Efektem jest zmniejszona produkcja prozapalnych eikozanoid\u00f3w (prostaglandyn serii 2, leukotrien\u00f3w serii 4) i wzrost produkcji przeciwzapalnych rezolwin i protektyn.<\/p>\n\n\n\n<p>W sk\u00f3rze przy \u0142uszczycy obserwuje si\u0119 podwy\u017cszony stosunek AA do EPA \u2014 suplementacja omega-3 ten stosunek koryguje.<\/p>\n\n\n\n<p><strong>Dowody kliniczne:<\/strong> Metaanaliza Guida i wsp. (2014) \u2014 suplementacja olejem rybim (1,8\u20133,6 g EPA+DHA dziennie) przez 12\u201316 tygodni wi\u0105za\u0142a si\u0119 z umiarkowan\u0105, ale istotn\u0105 statystycznie redukcj\u0105 nasilenia zmian \u0142uszczycowych. Najsilniejszy efekt obserwowano u pacjent\u00f3w z podwy\u017cszonymi markerami stanu zapalnego.<\/p>\n\n\n\n<p><strong>Zalecana suplementacja:<\/strong><\/p>\n\n\n\n<ul class=\"wp-block-list\">\n<li>Dawka efektywna: 2\u20134 g EPA+DHA dziennie<\/li>\n\n\n\n<li>Preferuj wysoki stosunek EPA do DHA (EPA ma silniejsze dzia\u0142anie przeciwzapalne przy chorobach sk\u00f3ry)<\/li>\n\n\n\n<li>Jako\u015b\u0107 ma znaczenie: olej rybi nierafinowany mo\u017ce by\u0107 utleniony \u2014 szukaj produkt\u00f3w z certyfikatem IFOS lub TOTOX<\/li>\n\n\n\n<li>Czas dzia\u0142ania: minimum 8\u201312 tygodni regularnej suplementacji przed ocen\u0105 efekt\u00f3w<\/li>\n<\/ul>\n\n\n\n<p><strong>WSKAZ\u00d3WKA:<\/strong> Przy \u0142uszczycy wybieraj koncentraty omega-3 z wysok\u0105 zawarto\u015bci\u0105 EPA \u2014 minimum 60% udzia\u0142u EPA w porcji. Sprawd\u017a dost\u0119pne preparaty omega-3 w \u015awiat Supli z potwierdzonym sk\u0142adem i jako\u015bci\u0105.<\/p>\n\n\n\n<hr class=\"wp-block-separator has-alpha-channel-opacity\"\/>\n\n\n\n<h2 class=\"wp-block-heading\"><span class=\"ez-toc-section\" id=\"Kwasy_tluszczowe_i_bariera_skorna_%E2%80%94_co_jeszcze_pomaga\"><\/span><strong>Kwasy t\u0142uszczowe i bariera sk\u00f3rna \u2014 co jeszcze pomaga<\/strong><span class=\"ez-toc-section-end\"><\/span><\/h2>\n\n\n\n<p>Poza omega-3 istotn\u0105 rol\u0119 pe\u0142ni\u0105 kwasy t\u0142uszczowe buduj\u0105ce barier\u0119 lipidow\u0105 nask\u00f3rka.<\/p>\n\n\n\n<p><strong>Kwas gamma-linolenowy (GLA) z oleju z wiesio\u0142ka lub og\u00f3recznika:<\/strong> GLA jest prekursorem prostaglandyn serii 1 (PGE1) \u2014 o dzia\u0142aniu przeciwzapalnym i wspieraj\u0105cym barier\u0119 sk\u00f3rn\u0105. Kilka bada\u0144 klinicznych przy atopowym zapaleniu sk\u00f3ry i \u0142uszczycy wskazuje na redukcj\u0119 sucho\u015bci i \u015bwi\u0105du przy suplementacji 480\u20132000 mg GLA dziennie. Efekty skromne, ale powtarzalne.<\/p>\n\n\n\n<p><strong>Ceramidy:<\/strong> Ceramidy s\u0105 kluczowym sk\u0142adnikiem cementu lipidowego nask\u00f3rka. U chorych na \u0142uszczyc\u0119 ich zawarto\u015b\u0107 jest zmniejszona \u2014 co prowadzi do nadmiernej utraty wody przez sk\u00f3r\u0119 (TEWL). Suplementacja ceramidami (wewn\u0119trznie \u2014 ekstrakty z pszenicy lub ry\u017cu) ma ograniczon\u0105 baz\u0119 dowodow\u0105, ale zewn\u0119trznie ceramidy w emolientach s\u0105 standardem piel\u0119gnacji.<\/p>\n\n\n\n<hr class=\"wp-block-separator has-alpha-channel-opacity\"\/>\n\n\n\n<h2 class=\"wp-block-heading\"><span class=\"ez-toc-section\" id=\"Cynk_%E2%80%94_rola_w_proliferacji_komorek_skory\"><\/span><strong>Cynk \u2014 rola w proliferacji kom\u00f3rek sk\u00f3ry<\/strong><span class=\"ez-toc-section-end\"><\/span><\/h2>\n\n\n\n<p>Cynk jest niezb\u0119dny dla prawid\u0142owego r\u00f3\u017cnicowania keratynocyt\u00f3w i ma w\u0142a\u015bciwo\u015bci immunomoduluj\u0105ce \u2014 hamuje aktywacj\u0119 Th1 i TNF-\u03b1.<\/p>\n\n\n\n<p><strong>Dowody przy \u0142uszczycy:<\/strong> Badania wykazuj\u0105 ni\u017csze st\u0119\u017cenia cynku w surowicy i w sk\u00f3rze u pacjent\u00f3w z \u0142uszczyc\u0105. Kilka otwartych pr\u00f3b klinicznych z glicynianem lub octanem cynku (30\u201345 mg\/dob\u0119 przez 3 miesi\u0105ce) wskazuje na umiarkowan\u0105 popraw\u0119 wska\u017anika PASI.<\/p>\n\n\n\n<p>Cynk w wysokich dawkach hamuje wch\u0142anianie miedzi \u2014 przy d\u0142ugotrwa\u0142ej suplementacji powy\u017cej 40 mg\/dob\u0119 nale\u017cy rozwa\u017cy\u0107 dodatkowe 1\u20132 mg miedzi.<\/p>\n\n\n\n<hr class=\"wp-block-separator has-alpha-channel-opacity\"\/>\n\n\n\n<h2 class=\"wp-block-heading\"><span class=\"ez-toc-section\" id=\"Selen_i_stres_oksydacyjny\"><\/span><strong>Selen i stres oksydacyjny<\/strong><span class=\"ez-toc-section-end\"><\/span><\/h2>\n\n\n\n<p>Selen jest sk\u0142adnikiem peroksydazy glutationowej \u2014 kluczowego enzymu antyoksydacyjnego. Przy \u0142uszczycy stres oksydacyjny w keratynocytach jest podwy\u017cszony.<\/p>\n\n\n\n<p>Badania wskazuj\u0105 na ni\u017csze st\u0119\u017cenia selenu u chorych na \u0142uszczyc\u0119. Suplementacja selenem (100\u2013200 \u00b5g\/dob\u0119) mo\u017ce redukowa\u0107 markery stresu oksydacyjnego w sk\u00f3rze. Najlepiej przyswajalna forma to selenometionina lub dro\u017cd\u017ce selenowe.<\/p>\n\n\n\n<p><strong>WA\u017bNE:<\/strong> Selen ma w\u0105skie okno terapeutyczne. Dawki powy\u017cej 400 \u00b5g\/dob\u0119 s\u0105 toksyczne. Przy suplementacji nie przekraczaj 200 \u00b5g\/dob\u0119 bez badania st\u0119\u017cenia we krwi.<\/p>\n\n\n\n<figure class=\"wp-block-image\"><a href=\"https:\/\/swiatsupli.pl\/mineraly-cynk-promaker-zinc-15mg-100kaps\/p4312?utm_source=blog&amp;utm_medium=referral&amp;utm_campaign=Suplementacja_przy_%C5%82uszczycy%E2%80%94_co_%C5%82agodzi_stan_zapalny_sk%C3%B3ry_od_%C5%9Brodka_i_jak%C4%85_rol%C4%99_gra_witamina_D_oraz_omega-3\" target=\"_blank\" rel=\" noreferrer noopener\"><img decoding=\"async\" src=\"https:\/\/www2.swiatsupli.pl\/26783-large_default\/mineraly-cynk-promaker-zinc-15mg-100kaps.jpg\" alt=\"Minera\u0142y Cynk Promaker Zinc 15mg 100kaps\" title=\"Minera\u0142y Cynk Promaker Zinc 15mg 100kaps\"\/><\/a><\/figure>\n\n\n\n<p class=\"has-text-align-center\"><a href=\"https:\/\/swiatsupli.pl\/mineraly-cynk-promaker-zinc-15mg-100kaps\/p4312?utm_source=blog&amp;utm_medium=referral&amp;utm_campaign=Suplementacja_przy_%C5%82uszczycy%E2%80%94_co_%C5%82agodzi_stan_zapalny_sk%C3%B3ry_od_%C5%9Brodka_i_jak%C4%85_rol%C4%99_gra_witamina_D_oraz_omega-3\" target=\"_blank\" rel=\"noreferrer noopener\">\u00a0Promaker Zinc 15mg 100kaps-KLIKNIJ TUTAJ<\/a><\/p>\n\n\n\n<hr class=\"wp-block-separator has-alpha-channel-opacity\"\/>\n\n\n\n<h2 class=\"wp-block-heading\"><span class=\"ez-toc-section\" id=\"Probiotyki_a_luszczyca_%E2%80%94_polaczenie_jelito%E2%80%93skora\"><\/span><strong>Probiotyki a \u0142uszczyca \u2014 po\u0142\u0105czenie jelito\u2013sk\u00f3ra<\/strong><span class=\"ez-toc-section-end\"><\/span><\/h2>\n\n\n\n<p>O\u015b jelito\u2013sk\u00f3ra (gut\u2013skin axis) zyskuje coraz wi\u0119cej uwagi w badaniach nad \u0142uszczyc\u0105.<\/p>\n\n\n\n<p><strong>Dowody \u0142\u0105cz\u0105ce mikrobiom z \u0142uszczyc\u0105:<\/strong><\/p>\n\n\n\n<ul class=\"wp-block-list\">\n<li>Chorzy na \u0142uszczyc\u0119 maj\u0105 zmieniony sk\u0142ad mikrobiomu jelitowego \u2014 ni\u017csz\u0105 liczb\u0119 <em>Faecalibacterium prausnitzii<\/em> i <em>Akkermansia muciniphila<\/em>, wy\u017csz\u0105 <em>Candida<\/em><\/li>\n\n\n\n<li>Zwi\u0119kszona przepuszczalno\u015b\u0107 jelitowa (leaky gut) koreluje z nasileniem \u0142uszczycy<\/li>\n\n\n\n<li>LPS (endotoksyna bakteryjna) przenikaj\u0105cy przez uszkodzon\u0105 barier\u0119 jelitow\u0105 nasila og\u00f3lnoustrojowy stan zapalny<\/li>\n<\/ul>\n\n\n\n<p><strong>Badania z probiotykami:<\/strong> Kilka RCT z <em>Lactobacillus rhamnosus<\/em> i <em>Bifidobacterium longum<\/em> wykaza\u0142o umiarkowan\u0105 redukcj\u0119 stanu zapalnego i nasilenia zmian sk\u00f3rnych. Wyniki s\u0105 obiecuj\u0105ce, ale baza jest jeszcze skromna. Probiotyki wieloszczepowe z potwierdzonym sk\u0142adem s\u0105 rozs\u0105dnym uzupe\u0142nieniem terapii.<\/p>\n\n\n\n<hr class=\"wp-block-separator has-alpha-channel-opacity\"\/>\n\n\n\n<h2 class=\"wp-block-heading\"><span class=\"ez-toc-section\" id=\"Czego_unikac_przy_luszczycy\"><\/span><strong>Czego unika\u0107 przy \u0142uszczycy<\/strong><span class=\"ez-toc-section-end\"><\/span><\/h2>\n\n\n\n<ul class=\"wp-block-list\">\n<li><strong>Alkohol<\/strong> \u2014 silny czynnik zaostrzaj\u0105cy; upo\u015bledza barier\u0119 jelitow\u0105 i nasila og\u00f3lnoustrojowe zapalenie<\/li>\n\n\n\n<li><strong>Gluten<\/strong> (u pacjent\u00f3w z pozytywn\u0105 serologi\u0105 celiakii lub nadwra\u017cliwo\u015bci) \u2014 zwi\u0105zek \u0142uszczycy z celiaki\u0105 jest dobrze udokumentowany; dieta bezglutenowa mo\u017ce zmniejsza\u0107 PASI u seropozytywnych pacjent\u00f3w<\/li>\n\n\n\n<li><strong>Wysoka poda\u017c AA<\/strong> (kwas arachidonowy) \u2014 czerwone mi\u0119so w du\u017cych ilo\u015bciach dostarcza substratu do prostaglandyn prozapalnych<\/li>\n\n\n\n<li><strong>Niedob\u00f3r witaminy D<\/strong> \u2014 paradoksalnie, wysokie dawki D3 pomagaj\u0105, ale suplementy wapnia bez D3 i K2 mog\u0105 paradoksalnie nasila\u0107 objawy przy niedoborze K2<\/li>\n<\/ul>\n\n\n\n<hr class=\"wp-block-separator has-alpha-channel-opacity\"\/>\n\n\n\n<h2 class=\"wp-block-heading\"><span class=\"ez-toc-section\" id=\"Suplementacja_a_leczenie_farmakologiczne_%E2%80%94_wazne_zastrzezenia\"><\/span><strong>Suplementacja a leczenie farmakologiczne \u2014 wa\u017cne zastrze\u017cenia<\/strong><span class=\"ez-toc-section-end\"><\/span><\/h2>\n\n\n\n<p>Przy \u0142uszczycy leczonej farmakologicznie kilka interakcji wymaga uwagi:<\/p>\n\n\n\n<ul class=\"wp-block-list\">\n<li><strong>Metotreksat<\/strong> (klasyczny lek przy \u0142uszczycy) \u2014 wyczerpuje folian. Suplementacja kwasem foliowym (1\u20135 mg\/dob\u0119) jest standardem przy leczeniu metotreksatem, ale zawsze po uzgodnieniu z lekarzem.<\/li>\n\n\n\n<li><strong>Acytretyna (retinoidy)<\/strong> \u2014 przy jednoczesnej suplementacji witamin\u0105 A ryzyko hiperwitaminozy A; nie \u0142\u0105cz bez konsultacji.<\/li>\n\n\n\n<li><strong>Leki biologiczne<\/strong> (inhibitory IL-17, IL-23, TNF) \u2014 suplementy immunostymuluj\u0105ce (echinacea, astragalus) s\u0105 generalnie niezalecane przy terapii biologicznej.<\/li>\n<\/ul>\n\n\n\n<p><strong>WA\u017bNE:<\/strong> Wszystkie decyzje suplementacyjne przy \u0142uszczycy leczonej farmakologicznie powinny by\u0107 skonsultowane z prowadz\u0105cym dermatologiem. Suplementy wspieraj\u0105 leczenie \u2014 nie zast\u0119puj\u0105 go.<\/p>\n\n\n\n<hr class=\"wp-block-separator has-alpha-channel-opacity\"\/>\n\n\n\n<h2 class=\"wp-block-heading\"><span class=\"ez-toc-section\" id=\"FAQ\"><\/span><strong>FAQ<\/strong><span class=\"ez-toc-section-end\"><\/span><\/h2>\n\n\n\n<p><strong>Czy dieta bezglutenowa pomaga przy \u0142uszczycy?<\/strong> Przy \u0142uszczycy bez celiakii lub NCGS (nieceliakalnej nadwra\u017cliwo\u015bci na gluten) \u2014 dowody s\u0105 s\u0142abe. Natomiast u pacjent\u00f3w z podwy\u017cszonymi przeciwcia\u0142ami anty-tTG lub anty-AGA dieta bezglutenowa mo\u017ce istotnie zmniejszy\u0107 nasilenie \u0142uszczycy. Warto oznaczy\u0107 serologi\u0119 celiakii przed podj\u0119ciem decyzji o eliminacji glutenu.<\/p>\n\n\n\n<p><strong>Jak d\u0142ugo trwa poprawa po w\u0142\u0105czeniu omega-3?<\/strong> Pierwsze efekty (zmniejszenie \u015bwi\u0105du, redukcja zaczerwienienia) s\u0105 widoczne po 8\u201312 tygodniach regularnej suplementacji 2\u20134 g EPA+DHA dziennie. Efekty narastaj\u0105 przez 4\u20136 miesi\u0119cy.<\/p>\n\n\n\n<p><strong>Czy solarium (UV) pomaga przy \u0142uszczycy?<\/strong> Kontrolowana fototerapia UVB jest uznan\u0105 metod\u0105 leczenia \u0142uszczycy \u2014 zwi\u0119ksza syntez\u0119 witaminy D3 w sk\u00f3rze i bezpo\u015brednio redukuje nadmiern\u0105 proliferacj\u0119 keratynocyt\u00f3w. Niekontrolowane solarium mo\u017ce jednak nasila\u0107 objawy przy fototoksycznym dzia\u0142aniu niekt\u00f3rych lek\u00f3w.<\/p>\n\n\n\n<p><strong>Czy witamina D3 zast\u0119puje ma\u015bci z analogami witaminy D?<\/strong> Nie \u2014 maj\u0105 inny mechanizm i efekty. Ma\u015bci z analogami witaminy D (kalcipotriol) dzia\u0142aj\u0105 miejscowo na keratynocyty. Suplementacja D3 dzia\u0142a og\u00f3lnoustrojowo na uk\u0142ad odporno\u015bciowy. Oba dzia\u0142ania s\u0105 komplementarne.<\/p>\n\n\n\n<hr class=\"wp-block-separator has-alpha-channel-opacity\"\/>\n\n\n\n<h2 class=\"wp-block-heading\"><span class=\"ez-toc-section\" id=\"Podsumowanie\"><\/span><strong>Podsumowanie<\/strong><span class=\"ez-toc-section-end\"><\/span><\/h2>\n\n\n\n<p>\u0141uszczyca to choroba zapalna, kt\u00f3r\u0105 mo\u017cna wspiera\u0107 od wewn\u0105trz przez precyzyjn\u0105 suplementacj\u0119. Najsilniejsze dowody dotycz\u0105 witaminy D3 (cel terapeutyczny 50\u201380 ng\/ml, dawki 4000\u20138000 IU\/dob\u0119 pod kontrol\u0105 lekarza) i omega-3 (2\u20134 g EPA+DHA z wysokim udzia\u0142em EPA). Cynk, selen i probiotyki stanowi\u0105 warto\u015bciowe uzupe\u0142nienie, dzia\u0142aj\u0105c na proliferacj\u0119 keratynocyt\u00f3w, stres oksydacyjny i o\u015b jelito\u2013sk\u00f3ra. Suplementacja \u0142agodzi objawy i redukuje og\u00f3lny stan zapalny \u2014 ale nie zast\u0119puje leczenia dermatologicznego. Sprawd\u017a dost\u0119pne w \u015awiat Supli preparaty witaminy D3+K2 i omega-3 premium dla os\u00f3b z chorobami zapalnymi sk\u00f3ry.<\/p>\n\n\n\n<hr class=\"wp-block-separator has-alpha-channel-opacity\"\/>\n\n\n\n<h2 class=\"wp-block-heading\"><span class=\"ez-toc-section\" id=\"Warto_przeczytac_rowniez\"><\/span><strong>Warto przeczyta\u0107 r\u00f3wnie\u017c<\/strong><span class=\"ez-toc-section-end\"><\/span><\/h2>\n\n\n\n<ul class=\"wp-block-list\">\n<li><strong>Witamina D3 i K2 \u2014 dlaczego zawsze id\u0105 razem<\/strong> \u2014 mechanizm i bezpieczna suplementacja wysokimi dawkami D3.<\/li>\n\n\n\n<li><strong>Omega-3 \u2014 jak wybra\u0107 dobry olej rybi i nie da\u0107 si\u0119 nabra\u0107<\/strong> \u2014 o jako\u015bci, formach i certyfikatach.<\/li>\n\n\n\n<li><strong>Probiotyki przy chorobach zapalnych \u2014 o\u015b jelito\u2013sk\u00f3ra<\/strong> \u2014 o mikrobiocie jelitowej w kontek\u015bcie dermatologii.<\/li>\n\n\n\n<li><strong>Suplementacja przy chorobach autoimmunologicznych<\/strong> \u2014 og\u00f3lne zasady modulacji uk\u0142adu odporno\u015bciowego suplementami.<\/li>\n<\/ul>\n","protected":false},"excerpt":{"rendered":"<p>\u0141uszczyca to nie tylko choroba sk\u00f3ry. To og\u00f3lnoustrojowa choroba zapalna, w kt\u00f3rej uk\u0142ad odporno\u015bciowy atakuje w\u0142asne kom\u00f3rki nask\u00f3rka \u2014 z wci\u0105\u017c nie do ko\u0144ca wyja\u015bnionych przyczyn. Leczenie dermatologiczne skupia si\u0119 na objawach zewn\u0119trznych, ale coraz&#8230;<\/p>\n","protected":false},"author":17,"featured_media":24476,"comment_status":"closed","ping_status":"closed","sticky":false,"template":"","format":"standard","meta":{"_editorskit_title_hidden":false,"_editorskit_reading_time":0,"_editorskit_is_block_options_detached":false,"_editorskit_block_options_position":"{}","inline_featured_image":false,"rop_custom_images_group":[],"rop_custom_messages_group":[],"rop_publish_now":"yes","rop_publish_now_accounts":[],"rop_publish_now_history":[],"rop_publish_now_status":"pending","footnotes":""},"categories":[1385],"tags":[34,1517,74,42],"class_list":{"0":"post-24475","1":"post","2":"type-post","3":"status-publish","4":"format-standard","5":"has-post-thumbnail","7":"category-dolegliwosci-i-choroby","8":"tag-polecamy","9":"tag-promaker","10":"tag-suplementy","11":"tag-zdrowie"},"yoast_head":"<!-- This site is optimized with the Yoast SEO plugin v27.5 - https:\/\/yoast.com\/product\/yoast-seo-wordpress\/ -->\n<title>Suplementacja przy \u0142uszczycy \u2014 co \u0142agodzi stan zapalny sk\u00f3ry od \u015brodka i jak\u0105 rol\u0119 gra witamina D oraz omega-3 - Blog \u015awiat Supli<\/title>\n<meta name=\"description\" content=\"Suplementacja przy \u0142uszczycy \u2014 co \u0142agodzi stan zapalny sk\u00f3ry od \u015brodka i jak\u0105 rol\u0119 gra witamina D oraz omega-3 - zobacz wi\u0119cej na blogu \u015awiatSupli.pl\" \/>\n<meta name=\"robots\" content=\"index, follow, max-snippet:-1, max-image-preview:large, max-video-preview:-1\" \/>\n<link rel=\"canonical\" href=\"https:\/\/swiatsupli.pl\/blog\/suplementacja-przy-luszczycy-co-lagodzi-stan-zapalny-skory-od-srodka-i-jaka-role-gra-witamina-d-oraz-omega-3\/\" \/>\n<meta property=\"og:locale\" content=\"pl_PL\" \/>\n<meta property=\"og:type\" content=\"article\" \/>\n<meta property=\"og:title\" content=\"Suplementacja przy \u0142uszczycy \u2014 co \u0142agodzi stan zapalny sk\u00f3ry od \u015brodka i jak\u0105 rol\u0119 gra witamina D oraz omega-3 - Blog \u015awiat Supli\" \/>\n<meta property=\"og:description\" content=\"Suplementacja przy \u0142uszczycy \u2014 co \u0142agodzi stan zapalny sk\u00f3ry od \u015brodka i jak\u0105 rol\u0119 gra witamina D oraz omega-3 - zobacz wi\u0119cej na blogu \u015awiatSupli.pl\" \/>\n<meta property=\"og:url\" content=\"https:\/\/swiatsupli.pl\/blog\/suplementacja-przy-luszczycy-co-lagodzi-stan-zapalny-skory-od-srodka-i-jaka-role-gra-witamina-d-oraz-omega-3\/\" \/>\n<meta property=\"og:site_name\" content=\"Blog \u015awiat Supli\" \/>\n<meta property=\"article:publisher\" content=\"https:\/\/www.facebook.com\/Swiat.Supli\" \/>\n<meta property=\"article:published_time\" content=\"2026-04-28T11:05:44+00:00\" \/>\n<meta property=\"article:modified_time\" content=\"2026-04-28T11:05:46+00:00\" \/>\n<meta property=\"og:image\" content=\"https:\/\/swiatsupli.pl\/blog\/wp-content\/uploads\/2026\/04\/Suplementacja-przy-luszczycy-\u2014-co-lagodzi-stan-zapalny-skory-od-srodka-i-jaka-role-gra-witamina-D-oraz-omega-3.jpg\" \/>\n\t<meta property=\"og:image:width\" content=\"1366\" \/>\n\t<meta property=\"og:image:height\" content=\"768\" \/>\n\t<meta property=\"og:image:type\" content=\"image\/jpeg\" \/>\n<meta name=\"author\" content=\"Przemek \u2013 Trener i Ekspert Suplementacji\" \/>\n<meta name=\"twitter:card\" content=\"summary_large_image\" \/>\n<meta name=\"twitter:creator\" content=\"@SwiatSupli\" \/>\n<meta name=\"twitter:site\" content=\"@SwiatSupli\" \/>\n<meta name=\"twitter:label1\" content=\"Napisane przez\" \/>\n\t<meta name=\"twitter:data1\" content=\"Przemek \u2013 Trener i Ekspert Suplementacji\" \/>\n\t<meta name=\"twitter:label2\" content=\"Szacowany czas czytania\" \/>\n\t<meta name=\"twitter:data2\" content=\"9 minut\" \/>\n<script type=\"application\/ld+json\" class=\"yoast-schema-graph\">{\"@context\":\"https:\\\/\\\/schema.org\",\"@graph\":[{\"@type\":\"Article\",\"@id\":\"https:\\\/\\\/swiatsupli.pl\\\/blog\\\/suplementacja-przy-luszczycy-co-lagodzi-stan-zapalny-skory-od-srodka-i-jaka-role-gra-witamina-d-oraz-omega-3\\\/#article\",\"isPartOf\":{\"@id\":\"https:\\\/\\\/swiatsupli.pl\\\/blog\\\/suplementacja-przy-luszczycy-co-lagodzi-stan-zapalny-skory-od-srodka-i-jaka-role-gra-witamina-d-oraz-omega-3\\\/\"},\"author\":{\"name\":\"Przemek \u2013 Trener i Ekspert Suplementacji\",\"@id\":\"https:\\\/\\\/swiatsupli.pl\\\/blog\\\/#\\\/schema\\\/person\\\/b0f37b0e0d211afc8a9eb2e96e7b3a8c\"},\"headline\":\"Suplementacja przy \u0142uszczycy \u2014 co \u0142agodzi stan zapalny sk\u00f3ry od \u015brodka i jak\u0105 rol\u0119 gra witamina D oraz omega-3\",\"datePublished\":\"2026-04-28T11:05:44+00:00\",\"dateModified\":\"2026-04-28T11:05:46+00:00\",\"mainEntityOfPage\":{\"@id\":\"https:\\\/\\\/swiatsupli.pl\\\/blog\\\/suplementacja-przy-luszczycy-co-lagodzi-stan-zapalny-skory-od-srodka-i-jaka-role-gra-witamina-d-oraz-omega-3\\\/\"},\"wordCount\":1646,\"publisher\":{\"@id\":\"https:\\\/\\\/swiatsupli.pl\\\/blog\\\/#organization\"},\"image\":{\"@id\":\"https:\\\/\\\/swiatsupli.pl\\\/blog\\\/suplementacja-przy-luszczycy-co-lagodzi-stan-zapalny-skory-od-srodka-i-jaka-role-gra-witamina-d-oraz-omega-3\\\/#primaryimage\"},\"thumbnailUrl\":\"https:\\\/\\\/swiatsupli.pl\\\/blog\\\/wp-content\\\/uploads\\\/2026\\\/04\\\/Suplementacja-przy-luszczycy-\u2014-co-lagodzi-stan-zapalny-skory-od-srodka-i-jaka-role-gra-witamina-D-oraz-omega-3.jpg\",\"keywords\":[\"Polecamy\",\"Promaker\",\"suplementy\",\"Zdrowie\"],\"articleSection\":[\"Dolegliwo\u015bci i choroby\"],\"inLanguage\":\"pl-PL\"},{\"@type\":\"WebPage\",\"@id\":\"https:\\\/\\\/swiatsupli.pl\\\/blog\\\/suplementacja-przy-luszczycy-co-lagodzi-stan-zapalny-skory-od-srodka-i-jaka-role-gra-witamina-d-oraz-omega-3\\\/\",\"url\":\"https:\\\/\\\/swiatsupli.pl\\\/blog\\\/suplementacja-przy-luszczycy-co-lagodzi-stan-zapalny-skory-od-srodka-i-jaka-role-gra-witamina-d-oraz-omega-3\\\/\",\"name\":\"Suplementacja przy \u0142uszczycy \u2014 co \u0142agodzi stan zapalny sk\u00f3ry od \u015brodka i jak\u0105 rol\u0119 gra witamina D oraz omega-3 - Blog \u015awiat Supli\",\"isPartOf\":{\"@id\":\"https:\\\/\\\/swiatsupli.pl\\\/blog\\\/#website\"},\"primaryImageOfPage\":{\"@id\":\"https:\\\/\\\/swiatsupli.pl\\\/blog\\\/suplementacja-przy-luszczycy-co-lagodzi-stan-zapalny-skory-od-srodka-i-jaka-role-gra-witamina-d-oraz-omega-3\\\/#primaryimage\"},\"image\":{\"@id\":\"https:\\\/\\\/swiatsupli.pl\\\/blog\\\/suplementacja-przy-luszczycy-co-lagodzi-stan-zapalny-skory-od-srodka-i-jaka-role-gra-witamina-d-oraz-omega-3\\\/#primaryimage\"},\"thumbnailUrl\":\"https:\\\/\\\/swiatsupli.pl\\\/blog\\\/wp-content\\\/uploads\\\/2026\\\/04\\\/Suplementacja-przy-luszczycy-\u2014-co-lagodzi-stan-zapalny-skory-od-srodka-i-jaka-role-gra-witamina-D-oraz-omega-3.jpg\",\"datePublished\":\"2026-04-28T11:05:44+00:00\",\"dateModified\":\"2026-04-28T11:05:46+00:00\",\"description\":\"Suplementacja przy \u0142uszczycy \u2014 co \u0142agodzi stan zapalny sk\u00f3ry od \u015brodka i jak\u0105 rol\u0119 gra witamina D oraz omega-3 - zobacz wi\u0119cej na blogu \u015awiatSupli.pl\",\"breadcrumb\":{\"@id\":\"https:\\\/\\\/swiatsupli.pl\\\/blog\\\/suplementacja-przy-luszczycy-co-lagodzi-stan-zapalny-skory-od-srodka-i-jaka-role-gra-witamina-d-oraz-omega-3\\\/#breadcrumb\"},\"inLanguage\":\"pl-PL\",\"potentialAction\":[{\"@type\":\"ReadAction\",\"target\":[\"https:\\\/\\\/swiatsupli.pl\\\/blog\\\/suplementacja-przy-luszczycy-co-lagodzi-stan-zapalny-skory-od-srodka-i-jaka-role-gra-witamina-d-oraz-omega-3\\\/\"]}]},{\"@type\":\"ImageObject\",\"inLanguage\":\"pl-PL\",\"@id\":\"https:\\\/\\\/swiatsupli.pl\\\/blog\\\/suplementacja-przy-luszczycy-co-lagodzi-stan-zapalny-skory-od-srodka-i-jaka-role-gra-witamina-d-oraz-omega-3\\\/#primaryimage\",\"url\":\"https:\\\/\\\/swiatsupli.pl\\\/blog\\\/wp-content\\\/uploads\\\/2026\\\/04\\\/Suplementacja-przy-luszczycy-\u2014-co-lagodzi-stan-zapalny-skory-od-srodka-i-jaka-role-gra-witamina-D-oraz-omega-3.jpg\",\"contentUrl\":\"https:\\\/\\\/swiatsupli.pl\\\/blog\\\/wp-content\\\/uploads\\\/2026\\\/04\\\/Suplementacja-przy-luszczycy-\u2014-co-lagodzi-stan-zapalny-skory-od-srodka-i-jaka-role-gra-witamina-D-oraz-omega-3.jpg\",\"width\":1366,\"height\":768},{\"@type\":\"BreadcrumbList\",\"@id\":\"https:\\\/\\\/swiatsupli.pl\\\/blog\\\/suplementacja-przy-luszczycy-co-lagodzi-stan-zapalny-skory-od-srodka-i-jaka-role-gra-witamina-d-oraz-omega-3\\\/#breadcrumb\",\"itemListElement\":[{\"@type\":\"ListItem\",\"position\":1,\"name\":\"Strona g\u0142\u00f3wna\",\"item\":\"https:\\\/\\\/swiatsupli.pl\\\/blog\\\/\"},{\"@type\":\"ListItem\",\"position\":2,\"name\":\"Suplementacja przy \u0142uszczycy \u2014 co \u0142agodzi stan zapalny sk\u00f3ry od \u015brodka i jak\u0105 rol\u0119 gra witamina D oraz omega-3\"}]},{\"@type\":\"WebSite\",\"@id\":\"https:\\\/\\\/swiatsupli.pl\\\/blog\\\/#website\",\"url\":\"https:\\\/\\\/swiatsupli.pl\\\/blog\\\/\",\"name\":\"Blog \u015awiat Supli\",\"description\":\"Wspieramy Tw\u00f3j styl \u017cycia\",\"publisher\":{\"@id\":\"https:\\\/\\\/swiatsupli.pl\\\/blog\\\/#organization\"},\"potentialAction\":[{\"@type\":\"SearchAction\",\"target\":{\"@type\":\"EntryPoint\",\"urlTemplate\":\"https:\\\/\\\/swiatsupli.pl\\\/blog\\\/?s={search_term_string}\"},\"query-input\":{\"@type\":\"PropertyValueSpecification\",\"valueRequired\":true,\"valueName\":\"search_term_string\"}}],\"inLanguage\":\"pl-PL\"},{\"@type\":\"Organization\",\"@id\":\"https:\\\/\\\/swiatsupli.pl\\\/blog\\\/#organization\",\"name\":\"\u015awiat Supli\",\"url\":\"https:\\\/\\\/swiatsupli.pl\\\/blog\\\/\",\"logo\":{\"@type\":\"ImageObject\",\"inLanguage\":\"pl-PL\",\"@id\":\"https:\\\/\\\/swiatsupli.pl\\\/blog\\\/#\\\/schema\\\/logo\\\/image\\\/\",\"url\":\"https:\\\/\\\/swiatsupli.pl\\\/blog\\\/wp-content\\\/uploads\\\/2020\\\/10\\\/swiat-supli-logo-hex-color-bg-2-scaled.jpg\",\"contentUrl\":\"https:\\\/\\\/swiatsupli.pl\\\/blog\\\/wp-content\\\/uploads\\\/2020\\\/10\\\/swiat-supli-logo-hex-color-bg-2-scaled.jpg\",\"width\":2560,\"height\":680,\"caption\":\"\u015awiat Supli\"},\"image\":{\"@id\":\"https:\\\/\\\/swiatsupli.pl\\\/blog\\\/#\\\/schema\\\/logo\\\/image\\\/\"},\"sameAs\":[\"https:\\\/\\\/www.facebook.com\\\/Swiat.Supli\",\"https:\\\/\\\/x.com\\\/SwiatSupli\",\"https:\\\/\\\/www.instagram.com\\\/swiatsupli_pl\\\/\",\"https:\\\/\\\/www.youtube.com\\\/channel\\\/UCbrXSxhnVQmv08kapZgYW5Q\"]},{\"@type\":\"Person\",\"@id\":\"https:\\\/\\\/swiatsupli.pl\\\/blog\\\/#\\\/schema\\\/person\\\/b0f37b0e0d211afc8a9eb2e96e7b3a8c\",\"name\":\"Przemek \u2013 Trener i Ekspert Suplementacji\",\"url\":\"https:\\\/\\\/swiatsupli.pl\\\/blog\\\/author\\\/swiat-supli\\\/\"}]}<\/script>\n<!-- \/ Yoast SEO plugin. -->","yoast_head_json":{"title":"Suplementacja przy \u0142uszczycy \u2014 co \u0142agodzi stan zapalny sk\u00f3ry od \u015brodka i jak\u0105 rol\u0119 gra witamina D oraz omega-3 - Blog \u015awiat Supli","description":"Suplementacja przy \u0142uszczycy \u2014 co \u0142agodzi stan zapalny sk\u00f3ry od \u015brodka i jak\u0105 rol\u0119 gra witamina D oraz omega-3 - zobacz wi\u0119cej na blogu \u015awiatSupli.pl","robots":{"index":"index","follow":"follow","max-snippet":"max-snippet:-1","max-image-preview":"max-image-preview:large","max-video-preview":"max-video-preview:-1"},"canonical":"https:\/\/swiatsupli.pl\/blog\/suplementacja-przy-luszczycy-co-lagodzi-stan-zapalny-skory-od-srodka-i-jaka-role-gra-witamina-d-oraz-omega-3\/","og_locale":"pl_PL","og_type":"article","og_title":"Suplementacja przy \u0142uszczycy \u2014 co \u0142agodzi stan zapalny sk\u00f3ry od \u015brodka i jak\u0105 rol\u0119 gra witamina D oraz omega-3 - Blog \u015awiat Supli","og_description":"Suplementacja przy \u0142uszczycy \u2014 co \u0142agodzi stan zapalny sk\u00f3ry od \u015brodka i jak\u0105 rol\u0119 gra witamina D oraz omega-3 - zobacz wi\u0119cej na blogu \u015awiatSupli.pl","og_url":"https:\/\/swiatsupli.pl\/blog\/suplementacja-przy-luszczycy-co-lagodzi-stan-zapalny-skory-od-srodka-i-jaka-role-gra-witamina-d-oraz-omega-3\/","og_site_name":"Blog \u015awiat Supli","article_publisher":"https:\/\/www.facebook.com\/Swiat.Supli","article_published_time":"2026-04-28T11:05:44+00:00","article_modified_time":"2026-04-28T11:05:46+00:00","og_image":[{"width":1366,"height":768,"url":"https:\/\/swiatsupli.pl\/blog\/wp-content\/uploads\/2026\/04\/Suplementacja-przy-luszczycy-\u2014-co-lagodzi-stan-zapalny-skory-od-srodka-i-jaka-role-gra-witamina-D-oraz-omega-3.jpg","type":"image\/jpeg"}],"author":"Przemek \u2013 Trener i Ekspert Suplementacji","twitter_card":"summary_large_image","twitter_creator":"@SwiatSupli","twitter_site":"@SwiatSupli","twitter_misc":{"Napisane przez":"Przemek \u2013 Trener i Ekspert Suplementacji","Szacowany czas czytania":"9 minut"},"schema":{"@context":"https:\/\/schema.org","@graph":[{"@type":"Article","@id":"https:\/\/swiatsupli.pl\/blog\/suplementacja-przy-luszczycy-co-lagodzi-stan-zapalny-skory-od-srodka-i-jaka-role-gra-witamina-d-oraz-omega-3\/#article","isPartOf":{"@id":"https:\/\/swiatsupli.pl\/blog\/suplementacja-przy-luszczycy-co-lagodzi-stan-zapalny-skory-od-srodka-i-jaka-role-gra-witamina-d-oraz-omega-3\/"},"author":{"name":"Przemek \u2013 Trener i Ekspert Suplementacji","@id":"https:\/\/swiatsupli.pl\/blog\/#\/schema\/person\/b0f37b0e0d211afc8a9eb2e96e7b3a8c"},"headline":"Suplementacja przy \u0142uszczycy \u2014 co \u0142agodzi stan zapalny sk\u00f3ry od \u015brodka i jak\u0105 rol\u0119 gra witamina D oraz omega-3","datePublished":"2026-04-28T11:05:44+00:00","dateModified":"2026-04-28T11:05:46+00:00","mainEntityOfPage":{"@id":"https:\/\/swiatsupli.pl\/blog\/suplementacja-przy-luszczycy-co-lagodzi-stan-zapalny-skory-od-srodka-i-jaka-role-gra-witamina-d-oraz-omega-3\/"},"wordCount":1646,"publisher":{"@id":"https:\/\/swiatsupli.pl\/blog\/#organization"},"image":{"@id":"https:\/\/swiatsupli.pl\/blog\/suplementacja-przy-luszczycy-co-lagodzi-stan-zapalny-skory-od-srodka-i-jaka-role-gra-witamina-d-oraz-omega-3\/#primaryimage"},"thumbnailUrl":"https:\/\/swiatsupli.pl\/blog\/wp-content\/uploads\/2026\/04\/Suplementacja-przy-luszczycy-\u2014-co-lagodzi-stan-zapalny-skory-od-srodka-i-jaka-role-gra-witamina-D-oraz-omega-3.jpg","keywords":["Polecamy","Promaker","suplementy","Zdrowie"],"articleSection":["Dolegliwo\u015bci i choroby"],"inLanguage":"pl-PL"},{"@type":"WebPage","@id":"https:\/\/swiatsupli.pl\/blog\/suplementacja-przy-luszczycy-co-lagodzi-stan-zapalny-skory-od-srodka-i-jaka-role-gra-witamina-d-oraz-omega-3\/","url":"https:\/\/swiatsupli.pl\/blog\/suplementacja-przy-luszczycy-co-lagodzi-stan-zapalny-skory-od-srodka-i-jaka-role-gra-witamina-d-oraz-omega-3\/","name":"Suplementacja przy \u0142uszczycy \u2014 co \u0142agodzi stan zapalny sk\u00f3ry od \u015brodka i jak\u0105 rol\u0119 gra witamina D oraz omega-3 - Blog \u015awiat Supli","isPartOf":{"@id":"https:\/\/swiatsupli.pl\/blog\/#website"},"primaryImageOfPage":{"@id":"https:\/\/swiatsupli.pl\/blog\/suplementacja-przy-luszczycy-co-lagodzi-stan-zapalny-skory-od-srodka-i-jaka-role-gra-witamina-d-oraz-omega-3\/#primaryimage"},"image":{"@id":"https:\/\/swiatsupli.pl\/blog\/suplementacja-przy-luszczycy-co-lagodzi-stan-zapalny-skory-od-srodka-i-jaka-role-gra-witamina-d-oraz-omega-3\/#primaryimage"},"thumbnailUrl":"https:\/\/swiatsupli.pl\/blog\/wp-content\/uploads\/2026\/04\/Suplementacja-przy-luszczycy-\u2014-co-lagodzi-stan-zapalny-skory-od-srodka-i-jaka-role-gra-witamina-D-oraz-omega-3.jpg","datePublished":"2026-04-28T11:05:44+00:00","dateModified":"2026-04-28T11:05:46+00:00","description":"Suplementacja przy \u0142uszczycy \u2014 co \u0142agodzi stan zapalny sk\u00f3ry od \u015brodka i jak\u0105 rol\u0119 gra witamina D oraz omega-3 - zobacz wi\u0119cej na blogu \u015awiatSupli.pl","breadcrumb":{"@id":"https:\/\/swiatsupli.pl\/blog\/suplementacja-przy-luszczycy-co-lagodzi-stan-zapalny-skory-od-srodka-i-jaka-role-gra-witamina-d-oraz-omega-3\/#breadcrumb"},"inLanguage":"pl-PL","potentialAction":[{"@type":"ReadAction","target":["https:\/\/swiatsupli.pl\/blog\/suplementacja-przy-luszczycy-co-lagodzi-stan-zapalny-skory-od-srodka-i-jaka-role-gra-witamina-d-oraz-omega-3\/"]}]},{"@type":"ImageObject","inLanguage":"pl-PL","@id":"https:\/\/swiatsupli.pl\/blog\/suplementacja-przy-luszczycy-co-lagodzi-stan-zapalny-skory-od-srodka-i-jaka-role-gra-witamina-d-oraz-omega-3\/#primaryimage","url":"https:\/\/swiatsupli.pl\/blog\/wp-content\/uploads\/2026\/04\/Suplementacja-przy-luszczycy-\u2014-co-lagodzi-stan-zapalny-skory-od-srodka-i-jaka-role-gra-witamina-D-oraz-omega-3.jpg","contentUrl":"https:\/\/swiatsupli.pl\/blog\/wp-content\/uploads\/2026\/04\/Suplementacja-przy-luszczycy-\u2014-co-lagodzi-stan-zapalny-skory-od-srodka-i-jaka-role-gra-witamina-D-oraz-omega-3.jpg","width":1366,"height":768},{"@type":"BreadcrumbList","@id":"https:\/\/swiatsupli.pl\/blog\/suplementacja-przy-luszczycy-co-lagodzi-stan-zapalny-skory-od-srodka-i-jaka-role-gra-witamina-d-oraz-omega-3\/#breadcrumb","itemListElement":[{"@type":"ListItem","position":1,"name":"Strona g\u0142\u00f3wna","item":"https:\/\/swiatsupli.pl\/blog\/"},{"@type":"ListItem","position":2,"name":"Suplementacja przy \u0142uszczycy \u2014 co \u0142agodzi stan zapalny sk\u00f3ry od \u015brodka i jak\u0105 rol\u0119 gra witamina D oraz omega-3"}]},{"@type":"WebSite","@id":"https:\/\/swiatsupli.pl\/blog\/#website","url":"https:\/\/swiatsupli.pl\/blog\/","name":"Blog \u015awiat Supli","description":"Wspieramy Tw\u00f3j styl \u017cycia","publisher":{"@id":"https:\/\/swiatsupli.pl\/blog\/#organization"},"potentialAction":[{"@type":"SearchAction","target":{"@type":"EntryPoint","urlTemplate":"https:\/\/swiatsupli.pl\/blog\/?s={search_term_string}"},"query-input":{"@type":"PropertyValueSpecification","valueRequired":true,"valueName":"search_term_string"}}],"inLanguage":"pl-PL"},{"@type":"Organization","@id":"https:\/\/swiatsupli.pl\/blog\/#organization","name":"\u015awiat Supli","url":"https:\/\/swiatsupli.pl\/blog\/","logo":{"@type":"ImageObject","inLanguage":"pl-PL","@id":"https:\/\/swiatsupli.pl\/blog\/#\/schema\/logo\/image\/","url":"https:\/\/swiatsupli.pl\/blog\/wp-content\/uploads\/2020\/10\/swiat-supli-logo-hex-color-bg-2-scaled.jpg","contentUrl":"https:\/\/swiatsupli.pl\/blog\/wp-content\/uploads\/2020\/10\/swiat-supli-logo-hex-color-bg-2-scaled.jpg","width":2560,"height":680,"caption":"\u015awiat Supli"},"image":{"@id":"https:\/\/swiatsupli.pl\/blog\/#\/schema\/logo\/image\/"},"sameAs":["https:\/\/www.facebook.com\/Swiat.Supli","https:\/\/x.com\/SwiatSupli","https:\/\/www.instagram.com\/swiatsupli_pl\/","https:\/\/www.youtube.com\/channel\/UCbrXSxhnVQmv08kapZgYW5Q"]},{"@type":"Person","@id":"https:\/\/swiatsupli.pl\/blog\/#\/schema\/person\/b0f37b0e0d211afc8a9eb2e96e7b3a8c","name":"Przemek \u2013 Trener i Ekspert Suplementacji","url":"https:\/\/swiatsupli.pl\/blog\/author\/swiat-supli\/"}]}},"_links":{"self":[{"href":"https:\/\/swiatsupli.pl\/blog\/wp-json\/wp\/v2\/posts\/24475","targetHints":{"allow":["GET"]}}],"collection":[{"href":"https:\/\/swiatsupli.pl\/blog\/wp-json\/wp\/v2\/posts"}],"about":[{"href":"https:\/\/swiatsupli.pl\/blog\/wp-json\/wp\/v2\/types\/post"}],"author":[{"embeddable":true,"href":"https:\/\/swiatsupli.pl\/blog\/wp-json\/wp\/v2\/users\/17"}],"replies":[{"embeddable":true,"href":"https:\/\/swiatsupli.pl\/blog\/wp-json\/wp\/v2\/comments?post=24475"}],"version-history":[{"count":1,"href":"https:\/\/swiatsupli.pl\/blog\/wp-json\/wp\/v2\/posts\/24475\/revisions"}],"predecessor-version":[{"id":24477,"href":"https:\/\/swiatsupli.pl\/blog\/wp-json\/wp\/v2\/posts\/24475\/revisions\/24477"}],"wp:featuredmedia":[{"embeddable":true,"href":"https:\/\/swiatsupli.pl\/blog\/wp-json\/wp\/v2\/media\/24476"}],"wp:attachment":[{"href":"https:\/\/swiatsupli.pl\/blog\/wp-json\/wp\/v2\/media?parent=24475"}],"wp:term":[{"taxonomy":"category","embeddable":true,"href":"https:\/\/swiatsupli.pl\/blog\/wp-json\/wp\/v2\/categories?post=24475"},{"taxonomy":"post_tag","embeddable":true,"href":"https:\/\/swiatsupli.pl\/blog\/wp-json\/wp\/v2\/tags?post=24475"}],"curies":[{"name":"wp","href":"https:\/\/api.w.org\/{rel}","templated":true}]}}