{"id":24465,"date":"2026-04-27T17:04:22","date_gmt":"2026-04-27T15:04:22","guid":{"rendered":"https:\/\/swiatsupli.pl\/blog\/?p=24465"},"modified":"2026-04-27T17:04:24","modified_gmt":"2026-04-27T15:04:24","slug":"tradzik-rozowaty-rola-bariery-skornej-mikrobiomu-i-suplementow-przeciwzapalnych-w-lagodzeniu-objawow","status":"publish","type":"post","link":"https:\/\/swiatsupli.pl\/blog\/tradzik-rozowaty-rola-bariery-skornej-mikrobiomu-i-suplementow-przeciwzapalnych-w-lagodzeniu-objawow\/","title":{"rendered":"Tr\u0105dzik r\u00f3\u017cowaty \u2014 rola bariery sk\u00f3rnej, mikrobiomu i suplement\u00f3w przeciwzapalnych w \u0142agodzeniu objaw\u00f3w"},"content":{"rendered":"<div id=\"ez-toc-container\" class=\"ez-toc-v2_0_75 counter-hierarchy ez-toc-counter ez-toc-grey ez-toc-container-direction\">\n<div class=\"ez-toc-title-container\">\n<p class=\"ez-toc-title\" style=\"cursor:inherit\">Spis tre\u015bci<\/p>\n<span class=\"ez-toc-title-toggle\"><a href=\"#\" class=\"ez-toc-pull-right ez-toc-btn ez-toc-btn-xs ez-toc-btn-default ez-toc-toggle\" aria-label=\"Toggle Table of Content\"><span class=\"ez-toc-js-icon-con\"><span class=\"\"><span class=\"eztoc-hide\" style=\"display:none;\">Toggle<\/span><span class=\"ez-toc-icon-toggle-span\"><svg style=\"fill: #999;color:#999\" xmlns=\"http:\/\/www.w3.org\/2000\/svg\" class=\"list-377408\" width=\"20px\" height=\"20px\" viewBox=\"0 0 24 24\" fill=\"none\"><path d=\"M6 6H4v2h2V6zm14 0H8v2h12V6zM4 11h2v2H4v-2zm16 0H8v2h12v-2zM4 16h2v2H4v-2zm16 0H8v2h12v-2z\" fill=\"currentColor\"><\/path><\/svg><svg style=\"fill: #999;color:#999\" class=\"arrow-unsorted-368013\" xmlns=\"http:\/\/www.w3.org\/2000\/svg\" width=\"10px\" height=\"10px\" viewBox=\"0 0 24 24\" version=\"1.2\" baseProfile=\"tiny\"><path d=\"M18.2 9.3l-6.2-6.3-6.2 6.3c-.2.2-.3.4-.3.7s.1.5.3.7c.2.2.4.3.7.3h11c.3 0 .5-.1.7-.3.2-.2.3-.5.3-.7s-.1-.5-.3-.7zM5.8 14.7l6.2 6.3 6.2-6.3c.2-.2.3-.5.3-.7s-.1-.5-.3-.7c-.2-.2-.4-.3-.7-.3h-11c-.3 0-.5.1-.7.3-.2.2-.3.5-.3.7s.1.5.3.7z\"\/><\/svg><\/span><\/span><\/span><\/a><\/span><\/div>\n<nav><ul class='ez-toc-list ez-toc-list-level-1 ' ><li class='ez-toc-page-1 ez-toc-heading-level-2'><a class=\"ez-toc-link ez-toc-heading-1\" href=\"https:\/\/swiatsupli.pl\/blog\/tradzik-rozowaty-rola-bariery-skornej-mikrobiomu-i-suplementow-przeciwzapalnych-w-lagodzeniu-objawow\/#Rosacea_%E2%80%94_mechanizmy_choroby_nie_tylko_naczynka\" >Rosacea \u2014 mechanizmy choroby, nie tylko naczynka<\/a><\/li><li class='ez-toc-page-1 ez-toc-heading-level-2'><a class=\"ez-toc-link ez-toc-heading-2\" href=\"https:\/\/swiatsupli.pl\/blog\/tradzik-rozowaty-rola-bariery-skornej-mikrobiomu-i-suplementow-przeciwzapalnych-w-lagodzeniu-objawow\/#Zaburzona_bariera_skorna_%E2%80%94_co_oznacza_i_jak_ja_wspierac_od_srodka\" >Zaburzona bariera sk\u00f3rna \u2014 co oznacza i jak j\u0105 wspiera\u0107 od \u015brodka<\/a><\/li><li class='ez-toc-page-1 ez-toc-heading-level-2'><a class=\"ez-toc-link ez-toc-heading-3\" href=\"https:\/\/swiatsupli.pl\/blog\/tradzik-rozowaty-rola-bariery-skornej-mikrobiomu-i-suplementow-przeciwzapalnych-w-lagodzeniu-objawow\/#Mikrobiom_skorny_i_jelitowy_%E2%80%94_os_jelito%E2%80%93skora_przy_rosacea\" >Mikrobiom sk\u00f3rny i jelitowy \u2014 o\u015b jelito\u2013sk\u00f3ra przy rosacea<\/a><\/li><li class='ez-toc-page-1 ez-toc-heading-level-2'><a class=\"ez-toc-link ez-toc-heading-4\" href=\"https:\/\/swiatsupli.pl\/blog\/tradzik-rozowaty-rola-bariery-skornej-mikrobiomu-i-suplementow-przeciwzapalnych-w-lagodzeniu-objawow\/#Omega-3_%E2%80%94_dzialanie_przeciwzapalne_przy_rosacea\" >Omega-3 \u2014 dzia\u0142anie przeciwzapalne przy rosacea<\/a><\/li><li class='ez-toc-page-1 ez-toc-heading-level-2'><a class=\"ez-toc-link ez-toc-heading-5\" href=\"https:\/\/swiatsupli.pl\/blog\/tradzik-rozowaty-rola-bariery-skornej-mikrobiomu-i-suplementow-przeciwzapalnych-w-lagodzeniu-objawow\/#Witamina_D_i_modulacja_odpornosci_skory\" >Witamina D i modulacja odporno\u015bci sk\u00f3ry<\/a><\/li><li class='ez-toc-page-1 ez-toc-heading-level-2'><a class=\"ez-toc-link ez-toc-heading-6\" href=\"https:\/\/swiatsupli.pl\/blog\/tradzik-rozowaty-rola-bariery-skornej-mikrobiomu-i-suplementow-przeciwzapalnych-w-lagodzeniu-objawow\/#Cynk_%E2%80%94_dzialanie_przeciwzapalne_i_ochrona_bariery\" >Cynk \u2014 dzia\u0142anie przeciwzapalne i ochrona bariery<\/a><\/li><li class='ez-toc-page-1 ez-toc-heading-level-2'><a class=\"ez-toc-link ez-toc-heading-7\" href=\"https:\/\/swiatsupli.pl\/blog\/tradzik-rozowaty-rola-bariery-skornej-mikrobiomu-i-suplementow-przeciwzapalnych-w-lagodzeniu-objawow\/#Probiotyki_%E2%80%94_dowody_przy_rosacea\" >Probiotyki \u2014 dowody przy rosacea<\/a><\/li><li class='ez-toc-page-1 ez-toc-heading-level-2'><a class=\"ez-toc-link ez-toc-heading-8\" href=\"https:\/\/swiatsupli.pl\/blog\/tradzik-rozowaty-rola-bariery-skornej-mikrobiomu-i-suplementow-przeciwzapalnych-w-lagodzeniu-objawow\/#Skladniki_do_unikania_%E2%80%94_co_nasila_objawy\" >Sk\u0142adniki do unikania \u2014 co nasila objawy<\/a><\/li><li class='ez-toc-page-1 ez-toc-heading-level-2'><a class=\"ez-toc-link ez-toc-heading-9\" href=\"https:\/\/swiatsupli.pl\/blog\/tradzik-rozowaty-rola-bariery-skornej-mikrobiomu-i-suplementow-przeciwzapalnych-w-lagodzeniu-objawow\/#Suplementy_bez_wystarczajacych_dowodow\" >Suplementy bez wystarczaj\u0105cych dowod\u00f3w<\/a><\/li><li class='ez-toc-page-1 ez-toc-heading-level-2'><a class=\"ez-toc-link ez-toc-heading-10\" href=\"https:\/\/swiatsupli.pl\/blog\/tradzik-rozowaty-rola-bariery-skornej-mikrobiomu-i-suplementow-przeciwzapalnych-w-lagodzeniu-objawow\/#FAQ\" >FAQ<\/a><\/li><li class='ez-toc-page-1 ez-toc-heading-level-2'><a class=\"ez-toc-link ez-toc-heading-11\" href=\"https:\/\/swiatsupli.pl\/blog\/tradzik-rozowaty-rola-bariery-skornej-mikrobiomu-i-suplementow-przeciwzapalnych-w-lagodzeniu-objawow\/#Podsumowanie\" >Podsumowanie<\/a><\/li><\/ul><\/nav><\/div>\n\n<p>Tr\u0105dzik r\u00f3\u017cowaty (rosacea) jest przewlek\u0142\u0105 chorob\u0105 zapaln\u0105 <a href=\"https:\/\/swiatsupli.pl\/skora-wlosy-i-paznokcie\/c173?utm_source=blog&amp;utm_medium=referral&amp;utm_campaign=Tr%C4%85dzik_r%C3%B3%C5%BCowaty_%E2%80%94_rola_bariery_sk%C3%B3rnej%2C_mikrobiomu_i_suplement%C3%B3w_przeciwzapalnych_w_%C5%82agodzeniu_objaw%C3%B3w\" target=\"_blank\" rel=\"noreferrer noopener\">sk\u00f3ry <\/a>twarzy \u2014 z zaczerwienieniem, widocznymi naczynkami, krostkami i uczuciem pieczenia. Cierpi na ni\u0105 ok. 5\u201310% populacji, a konwencjonalne leczenie skupia si\u0119 g\u0142\u00f3wnie na objawach (antybiotyki, metronidazol, lasery). Tymczasem coraz wi\u0119cej dowod\u00f3w wskazuje, \u017ce rosacea to choroba z g\u0142\u0119bszymi korzeniami \u2014 zaburzon\u0105 barier\u0105 sk\u00f3rn\u0105, dysregulacj\u0105 mikrobiomu sk\u00f3rnego i jelitowego oraz przewlek\u0142ym stanem zapalnym naczy\u0144. Suplementacja mo\u017ce adresowa\u0107 te mechanizmy od \u015brodka. Poni\u017cej przedstawiamy aktualn\u0105 wiedz\u0119.<\/p>\n\n\n\n<hr class=\"wp-block-separator has-alpha-channel-opacity\"\/>\n\n\n\n<h2 class=\"wp-block-heading\"><span class=\"ez-toc-section\" id=\"Rosacea_%E2%80%94_mechanizmy_choroby_nie_tylko_naczynka\"><\/span><strong>Rosacea \u2014 mechanizmy choroby, nie tylko naczynka<\/strong><span class=\"ez-toc-section-end\"><\/span><\/h2>\n\n\n\n<p>D\u0142ugo rosacea traktowana by\u0142a jako &#8222;problem naczyniowy&#8221; \u2014 rozszerzone naczynia sk\u00f3ry twarzy, nadreaktywno\u015b\u0107 na ciep\u0142o i pikantne jedzenie. Nowoczesne badania pokazuj\u0105 obraz znacznie bardziej z\u0142o\u017cony.<\/p>\n\n\n\n<p><strong>Kluczowe mechanizmy rosacea:<\/strong><\/p>\n\n\n\n<p><strong>1. Dysregulacja uk\u0142adu odporno\u015bci wrodzonej<\/strong> Keratynocyty i kom\u00f3rki dendrytyczne sk\u00f3ry przy rosacea wykazuj\u0105 nadmiern\u0105 produkcj\u0119 katelicydyny LL-37 \u2014 peptydu antimikrobowego, kt\u00f3ry w warunkach prawid\u0142owych chroni przed infekcj\u0105, ale w nadmiarze wywo\u0142uje stan zapalny naczy\u0144 i proliferacj\u0119 naczynkow\u0105.<\/p>\n\n\n\n<p><strong>2. Zaburzenie bariery sk\u00f3rnej<\/strong> Ceramidy, kwasy t\u0142uszczowe i filagryna tworz\u0105 szczeln\u0105 barier\u0119 lipidow\u0105 nask\u00f3rka. Przy rosacea bariera ta jest upo\u015bledzona \u2014 co prowadzi do nadmiernej utraty wody, nadwra\u017cliwo\u015bci na czynniki \u015brodowiskowe i penetracji drobnoustroj\u00f3w i alergen\u00f3w.<\/p>\n\n\n\n<p><strong>3. Nadmierny wzrost neuropeptyd\u00f3w<\/strong> Substancja P i CGRP \u2014 neuropeptydy wydzielane przez nerwy sk\u00f3rne \u2014 s\u0105 podwy\u017cszone przy rosacea i bezpo\u015brednio stymuluj\u0105 naczynia sk\u00f3ry do rozszerzenia oraz mastocyty do degranulacji.<\/p>\n\n\n\n<p><strong>4. Sk\u0142adowa zaka\u017ana\/mikrobiomowa<\/strong> <em>Demodex folliculorum<\/em> \u2014 mikroskopijny roztocze mieszkaj\u0105cy w mieszkach w\u0142osowych \u2014 jest liczniejszy u pacjent\u00f3w z rosacea. Bakterie <em>Bacillus oleronius<\/em> \u017cyj\u0105ce w Demodex mog\u0105 by\u0107 wyzwalaczem miejscowego zapalenia.<\/p>\n\n\n\n<hr class=\"wp-block-separator has-alpha-channel-opacity\"\/>\n\n\n\n<figure class=\"wp-block-image size-full\"><a href=\"https:\/\/swiatsupli.pl\/regeneracja-stawow-kolagen-activlab-collagen-beauty-shot-80ml\/p4783?utm_source=blog&amp;utm_medium=referral&amp;utm_campaign=Tr%C4%85dzik_r%C3%B3%C5%BCowaty_%E2%80%94_rola_bariery_sk%C3%B3rnej%2C_mikrobiomu_i_suplement%C3%B3w_przeciwzapalnych_w_%C5%82agodzeniu_objaw%C3%B3w\" target=\"_blank\" rel=\" noreferrer noopener\"><img loading=\"lazy\" decoding=\"async\" width=\"800\" height=\"800\" src=\"https:\/\/swiatsupli.pl\/blog\/wp-content\/uploads\/2026\/04\/regeneracja-stawow-kolagen-activlab-collagen-beauty-shot-80ml.jpg\" alt=\"\" class=\"wp-image-24467\"\/><\/a><\/figure>\n\n\n\n<p class=\"has-text-align-center\"><a href=\"https:\/\/swiatsupli.pl\/regeneracja-stawow-kolagen-activlab-collagen-beauty-shot-80ml\/p4783?utm_source=blog&amp;utm_medium=referral&amp;utm_campaign=Tr%C4%85dzik_r%C3%B3%C5%BCowaty_%E2%80%94_rola_bariery_sk%C3%B3rnej%2C_mikrobiomu_i_suplement%C3%B3w_przeciwzapalnych_w_%C5%82agodzeniu_objaw%C3%B3w\" target=\"_blank\" rel=\"noreferrer noopener\">Activlab Collagen Beauty Shot 80ml-KLIKNIJ TUTAJ<\/a><\/p>\n\n\n\n<h2 class=\"wp-block-heading\"><span class=\"ez-toc-section\" id=\"Zaburzona_bariera_skorna_%E2%80%94_co_oznacza_i_jak_ja_wspierac_od_srodka\"><\/span><strong>Zaburzona bariera sk\u00f3rna \u2014 co oznacza i jak j\u0105 wspiera\u0107 od \u015brodka<\/strong><span class=\"ez-toc-section-end\"><\/span><\/h2>\n\n\n\n<p>Uszkodzona bariera sk\u00f3rna przy rosacea oznacza:<\/p>\n\n\n\n<ul class=\"wp-block-list\">\n<li>Zwi\u0119kszon\u0105 TEWL (transepidermal water loss) \u2014 sk\u00f3ra odwodniona, reaktywna<\/li>\n\n\n\n<li>Penetracj\u0119 czynnik\u00f3w dra\u017cni\u0105cych<\/li>\n\n\n\n<li>Nasilenie stan\u00f3w zapalnych<\/li>\n<\/ul>\n\n\n\n<p><strong>Suplementacja wspieraj\u0105ca barier\u0119 sk\u00f3rn\u0105 od \u015brodka:<\/strong><\/p>\n\n\n\n<p><strong>Ceramidy (wewn\u0119trznie):<\/strong> Ekstrakty z ry\u017cu i pszenicy zawieraj\u0105ce glukozyloceramidy s\u0105 badane jako suplementy uzupe\u0142niaj\u0105ce ceramidy sk\u00f3rne. Kilka bada\u0144 klinicznych wskazuje na popraw\u0119 nawil\u017cenia i TEWL. Biodost\u0119pno\u015b\u0107 doustnych ceramid\u00f3w jest umiarkowana.<\/p>\n\n\n\n<p><strong>Kwasy t\u0142uszczowe:<\/strong><\/p>\n\n\n\n<ul class=\"wp-block-list\">\n<li>Kwasy omega-3 (EPA\/DHA) \u2014 redukuj\u0105 stan zapalny i wspieraj\u0105 syntez\u0119 ceramid\u00f3w<\/li>\n\n\n\n<li>Kwas gamma-linolenowy (GLA) z oleju z og\u00f3recznika lub wiesio\u0142ka \u2014 prekursor PGE1 (prostaglandyny przeciwzapalnej), wspiera integralno\u015b\u0107 bariery<\/li>\n<\/ul>\n\n\n\n<p><strong>Nawodnienie wewn\u0119trzne:<\/strong> Hialuronian sodu doustnie (wysokiej masy cz\u0105steczkowej) \u2014 kilka japo\u0144skich bada\u0144 wykaza\u0142o popraw\u0119 nawil\u017cenia sk\u00f3ry. Wyniki skromne, ale bezpieczne.<\/p>\n\n\n\n<hr class=\"wp-block-separator has-alpha-channel-opacity\"\/>\n\n\n\n<h2 class=\"wp-block-heading\"><span class=\"ez-toc-section\" id=\"Mikrobiom_skorny_i_jelitowy_%E2%80%94_os_jelito%E2%80%93skora_przy_rosacea\"><\/span><strong>Mikrobiom sk\u00f3rny i jelitowy \u2014 o\u015b jelito\u2013sk\u00f3ra przy rosacea<\/strong><span class=\"ez-toc-section-end\"><\/span><\/h2>\n\n\n\n<p><strong>Powi\u0105zania rosacea z mikrobiomem jelitowym:<\/strong><\/p>\n\n\n\n<ul class=\"wp-block-list\">\n<li>Badania wykazuj\u0105 wy\u017csze wska\u017aniki SIBO (przerost bakteryjny jelita cienkiego) u pacjent\u00f3w z rosacea \u2014 niekt\u00f3re z nich ust\u0119puj\u0105 po eradykacji SIBO antybiotykami<\/li>\n\n\n\n<li>Wy\u017csze wska\u017aniki zaka\u017cenia <em>Helicobacter pylori<\/em> u pacjent\u00f3w z rosacea (cho\u0107 zwi\u0105zek przyczynowy jest dyskutowany)<\/li>\n\n\n\n<li>Zaburzona przepuszczalno\u015b\u0107 jelitowa koreluje z nasileniem objaw\u00f3w sk\u00f3rnych<\/li>\n<\/ul>\n\n\n\n<p><strong>Mikrobiom sk\u00f3rny:<\/strong> Przy rosacea obserwuje si\u0119 zaburzony sk\u0142ad mikrobioty sk\u00f3ry twarzy \u2014 dysbioz\u0119 z nadreprezentacj\u0105 okre\u015blonych szczep\u00f3w i zmniejszon\u0105 r\u00f3\u017cnorodno\u015bci\u0105.<\/p>\n\n\n\n<p><strong>Mechanizm osi jelito\u2013sk\u00f3ra:<\/strong> LPS (endotoksyna) z jelita przenikaj\u0105cy przez uszkodzon\u0105 barier\u0119 jelitow\u0105 aktywuje receptory TLR4 na keratynocytach \u2192 produkcja LL-37 \u2192 zapalenie naczy\u0144 sk\u00f3ry.<\/p>\n\n\n\n<hr class=\"wp-block-separator has-alpha-channel-opacity\"\/>\n\n\n\n<figure class=\"wp-block-image size-full\"><a href=\"https:\/\/swiatsupli.pl\/kwasy-tluszczowe-omega-health-labs-omegame-120softgels\/p6885?utm_source=blog&amp;utm_medium=referral&amp;utm_campaign=Tr%C4%85dzik_r%C3%B3%C5%BCowaty_%E2%80%94_rola_bariery_sk%C3%B3rnej%2C_mikrobiomu_i_suplement%C3%B3w_przeciwzapalnych_w_%C5%82agodzeniu_objaw%C3%B3w\" target=\"_blank\" rel=\" noreferrer noopener\"><img loading=\"lazy\" decoding=\"async\" width=\"800\" height=\"800\" src=\"https:\/\/swiatsupli.pl\/blog\/wp-content\/uploads\/2026\/04\/kwasy-tluszczowe-omega-health-labs-omegame-120softgels.jpg\" alt=\"\" class=\"wp-image-24468\"\/><\/a><\/figure>\n\n\n\n<p class=\"has-text-align-center\"><a href=\"https:\/\/swiatsupli.pl\/kwasy-tluszczowe-omega-health-labs-omegame-120softgels\/p6885?utm_source=blog&amp;utm_medium=referral&amp;utm_campaign=Tr%C4%85dzik_r%C3%B3%C5%BCowaty_%E2%80%94_rola_bariery_sk%C3%B3rnej%2C_mikrobiomu_i_suplement%C3%B3w_przeciwzapalnych_w_%C5%82agodzeniu_objaw%C3%B3w\" target=\"_blank\" rel=\"noreferrer noopener\">Health Labs Care OmegaMe 120softgels-KLIKNIJ TUTAJ<\/a><\/p>\n\n\n\n<h2 class=\"wp-block-heading\"><span class=\"ez-toc-section\" id=\"Omega-3_%E2%80%94_dzialanie_przeciwzapalne_przy_rosacea\"><\/span><strong><a href=\"https:\/\/swiatsupli.pl\/omega-3-omega-3-6-9\/c139?utm_source=blog&amp;utm_medium=referral&amp;utm_campaign=Tr%C4%85dzik_r%C3%B3%C5%BCowaty_%E2%80%94_rola_bariery_sk%C3%B3rnej%2C_mikrobiomu_i_suplement%C3%B3w_przeciwzapalnych_w_%C5%82agodzeniu_objaw%C3%B3w\" target=\"_blank\" rel=\"noreferrer noopener\">Omega-3<\/a> \u2014 dzia\u0142anie przeciwzapalne przy rosacea<\/strong><span class=\"ez-toc-section-end\"><\/span><\/h2>\n\n\n\n<p>EPA i DHA dzia\u0142aj\u0105 na kilka szlak\u00f3w zapalnych istotnych przy rosacea:<\/p>\n\n\n\n<ul class=\"wp-block-list\">\n<li>Hamowanie COX-2 i LOX \u2192 mniej prostaglandyn prozapalnych<\/li>\n\n\n\n<li>Redukcja produkcji LL-37 przez keratynocyty (bezpo\u015bredni mechanizm istotny przy rosacea)<\/li>\n\n\n\n<li>Wsparcie syntezy ceramid\u00f3w i integralno\u015bci bariery sk\u00f3rnej<\/li>\n\n\n\n<li>Modulacja aktywno\u015bci mastocyt\u00f3w<\/li>\n<\/ul>\n\n\n\n<p>Bezpo\u015brednie badania przy rosacea s\u0105 ograniczone, ale mechanistyczne uzasadnienie jest silne \u2014 i omega-3 s\u0105 elementem protoko\u0142\u00f3w dietetycznych przy rosacea w kilku o\u015brodkach dermatologicznych.<\/p>\n\n\n\n<p><strong>Dawkowanie:<\/strong> 2\u20133 g EPA+DHA dziennie, z przewag\u0105 EPA przy dominacji objaw\u00f3w zapalnych.<\/p>\n\n\n\n<hr class=\"wp-block-separator has-alpha-channel-opacity\"\/>\n\n\n\n<h2 class=\"wp-block-heading\"><span class=\"ez-toc-section\" id=\"Witamina_D_i_modulacja_odpornosci_skory\"><\/span><strong>Witamina D i modulacja odporno\u015bci sk\u00f3ry<\/strong><span class=\"ez-toc-section-end\"><\/span><\/h2>\n\n\n\n<p>Witamina D reguluje produkcj\u0119 katelicydyny LL-37 \u2014 kluczowego mediatora rosacea. W warunkach prawid\u0142owych D3 moduluje jej ekspresj\u0119; przy niedoborze D3 ta regulacja jest upo\u015bledzona.<\/p>\n\n\n\n<p>Badania wskazuj\u0105, \u017ce pacjenci z rosacea maj\u0105 cz\u0119\u015bciej niedob\u00f3r witaminy D ni\u017c populacja og\u00f3lna. Korekta niedoboru D3 jest uzasadniona przy ka\u017cdej chorobie zapalnej sk\u00f3ry, w tym przy rosacea.<\/p>\n\n\n\n<hr class=\"wp-block-separator has-alpha-channel-opacity\"\/>\n\n\n\n<h2 class=\"wp-block-heading\"><span class=\"ez-toc-section\" id=\"Cynk_%E2%80%94_dzialanie_przeciwzapalne_i_ochrona_bariery\"><\/span><strong>Cynk \u2014 dzia\u0142anie przeciwzapalne i ochrona bariery<\/strong><span class=\"ez-toc-section-end\"><\/span><\/h2>\n\n\n\n<p>Cynk jest niezb\u0119dny do prawid\u0142owego funkcjonowania keratynocyt\u00f3w i ma dobrze udokumentowane dzia\u0142anie przeciwzapalne:<\/p>\n\n\n\n<ul class=\"wp-block-list\">\n<li>Hamuje aktywacj\u0119 NF-\u03baB<\/li>\n\n\n\n<li>Redukuje produkcj\u0119 IL-6, IL-1\u03b2 i TNF-\u03b1<\/li>\n\n\n\n<li>Wspiera adhezj\u0119 kom\u00f3rek nab\u0142onkowych i integralno\u015b\u0107 bariery<\/li>\n<\/ul>\n\n\n\n<p>Przy rosacea \u2014 kilka bada\u0144 klinicznych z octanem cynku (100\u2013200 mg siarczanu cynku, czyli ok. 22\u201344 mg cynku elementarnego) wykaza\u0142o popraw\u0119 nasilenia objaw\u00f3w.<\/p>\n\n\n\n<p><strong>Dawkowanie:<\/strong> 15\u201330 mg cynku dziennie (forma glicynian lub cytrynian dla najlepszej biodost\u0119pno\u015bci i tolerancji \u017co\u0142\u0105dka).<\/p>\n\n\n\n<hr class=\"wp-block-separator has-alpha-channel-opacity\"\/>\n\n\n\n<h2 class=\"wp-block-heading\"><span class=\"ez-toc-section\" id=\"Probiotyki_%E2%80%94_dowody_przy_rosacea\"><\/span><strong>Probiotyki \u2014 dowody przy rosacea<\/strong><span class=\"ez-toc-section-end\"><\/span><\/h2>\n\n\n\n<p>Probiotyki przez o\u015b jelito\u2013sk\u00f3ra mog\u0105 modyfikowa\u0107 og\u00f3lnoustrojowy stan zapalny nap\u0119dzaj\u0105cy rosacea.<\/p>\n\n\n\n<p><strong>Dost\u0119pne dane:<\/strong><\/p>\n\n\n\n<p>Badanie Baquerizo Nole i wsp. (2014) \u2014 przegl\u0105d literatury: doustne probiotyki zmniejsza\u0142y rumie\u0144, pieczenie i reaktywno\u015b\u0107 sk\u00f3ry u pacjent\u00f3w z rosacea.<\/p>\n\n\n\n<p>Badania z <em>Lactobacillus acidophilus<\/em> i <em>Bifidobacterium bifidum<\/em>: poprawa wska\u017anik\u00f3w klinicznych rosacea po 8 tygodniach.<\/p>\n\n\n\n<p><strong>Topiczne probiotyki<\/strong> (bakteryjne lizaty aplikowane na sk\u00f3r\u0119) \u2014 nowszy kierunek z obiecuj\u0105cymi wynikami wst\u0119pnymi.<\/p>\n\n\n\n<p><strong>WSKAZ\u00d3WKA:<\/strong> Przy rosacea z podejrzeniem komponentu jelitowej (wzd\u0119cia, nieregularne wypr\u00f3\u017cnienia, SIBO) \u2014 probiotyki wieloszczepowe z <em>Lactobacillus<\/em> i <em>Bifidobacterium<\/em> s\u0105 sensownym uzupe\u0142nieniem leczenia. Sprawd\u017a dost\u0119pne w \u015awiat Supli preparaty probiotyczne z udokumentowanymi szczepami.<\/p>\n\n\n\n<hr class=\"wp-block-separator has-alpha-channel-opacity\"\/>\n\n\n\n<h2 class=\"wp-block-heading\"><span class=\"ez-toc-section\" id=\"Skladniki_do_unikania_%E2%80%94_co_nasila_objawy\"><\/span><strong>Sk\u0142adniki do unikania \u2014 co nasila objawy<\/strong><span class=\"ez-toc-section-end\"><\/span><\/h2>\n\n\n\n<ul class=\"wp-block-list\">\n<li><strong>Niacyna (kwas nikotynowy) w du\u017cych dawkach<\/strong> \u2014 wywo\u0142uje &#8222;flush&#8221; (zaczerwienienie, pieczenie), nasilaj\u0105c klasyczne objawy rosacea. Je\u015bli stosujesz niacyn\u0119, wybierz form\u0119 nicynamidu (nie niacyna) lub inositol hexanicotinate.<\/li>\n\n\n\n<li><strong>Cynamon i pikantne przyprawy<\/strong> \u2014 wyzwalacze dla wielu pacjent\u00f3w<\/li>\n\n\n\n<li><strong>Alkohol<\/strong> \u2014 szczeg\u00f3lnie wino czerwone (histamina, taniny, siarczan)<\/li>\n\n\n\n<li><strong>Gor\u0105ce napoje<\/strong> \u2014 temperatura jest silnym wyzwalaczem naczynioruchowym<\/li>\n\n\n\n<li><strong>Witamina B3 w formie niacyny<\/strong> \u2014 jak wy\u017cej; nicynamid jest bezpieczn\u0105 alternatyw\u0105<\/li>\n<\/ul>\n\n\n\n<hr class=\"wp-block-separator has-alpha-channel-opacity\"\/>\n\n\n\n<h2 class=\"wp-block-heading\"><span class=\"ez-toc-section\" id=\"Suplementy_bez_wystarczajacych_dowodow\"><\/span><strong>Suplementy bez wystarczaj\u0105cych dowod\u00f3w<\/strong><span class=\"ez-toc-section-end\"><\/span><\/h2>\n\n\n\n<p>Uczciwy przegl\u0105d wymaga wskazania, co jest popularne, ale s\u0142abo udowodnione:<\/p>\n\n\n\n<ul class=\"wp-block-list\">\n<li><strong>Olej z oregano doustnie<\/strong> \u2014 aktywno\u015b\u0107 przeciwgrzybicza i przeciwbakteryjna, ale brak RCT przy rosacea<\/li>\n\n\n\n<li><strong>Kurkuma<\/strong> \u2014 w\u0142a\u015bciwo\u015bci przeciwzapalne, ale brak danych klinicznych specyficznie dla rosacea<\/li>\n\n\n\n<li><strong>Chlorofil doustny<\/strong> \u2014 marketingowy &#8222;detoks sk\u00f3rny&#8221; bez dowod\u00f3w klinicznych<\/li>\n<\/ul>\n\n\n\n<hr class=\"wp-block-separator has-alpha-channel-opacity\"\/>\n\n\n\n<h2 class=\"wp-block-heading\"><span class=\"ez-toc-section\" id=\"FAQ\"><\/span><strong>FAQ<\/strong><span class=\"ez-toc-section-end\"><\/span><\/h2>\n\n\n\n<p><strong>Czy dieta wp\u0142ywa na nasilenie rosacea?<\/strong> Tak \u2014 ale indywidualnie. Powszechne wyzwalacze to: alkohol (szczeg\u00f3lnie wino czerwone), ostre potrawy, gor\u0105ce napoje, histamina (sery dojrza\u0142e, w\u0119dliny). Dieta eliminacyjna prowadzona pod nadzorem dietetyka mo\u017ce pom\u00f3c zidentyfikowa\u0107 indywidualne wyzwalacze.<\/p>\n\n\n\n<p><strong>Czy rosacea to choroba autoimmunologiczna?<\/strong> Rosacea nie jest klasyfikowana jako choroba autoimmunologiczna, ale ma wyra\u017an\u0105 komponent\u0119 immunologiczn\u0105 (dysregulacja odporno\u015bci wrodzonej, nadprodukcja LL-37). Wsp\u00f3\u0142wyst\u0119puje z niekt\u00f3rymi chorobami autoimmunologicznymi (np. zapalenie jelit).<\/p>\n\n\n\n<p><strong>Czy ochrona przeciws\u0142oneczna mo\u017ce ograniczy\u0107 rosacea?<\/strong> Tak \u2014 UV jest jednym z silniejszych wyzwalaczy nasilania rosacea przez stymulacj\u0119 produkcji LL-37 i reaktywno\u015bci naczy\u0144. Codzienny SPF 30\u201350 jest standardem post\u0119powania przy rosacea.<\/p>\n\n\n\n<p><strong>Jak d\u0142ugo trwa efekt suplementacji przy rosacea?<\/strong> Omega-3 i probiotyki wymagaj\u0105 minimum 8\u201312 tygodni regularnej suplementacji przed ocen\u0105 efekt\u00f3w. Cynk mo\u017ce dawa\u0107 pierwsze efekty po 4\u20136 tygodniach.<\/p>\n\n\n\n<hr class=\"wp-block-separator has-alpha-channel-opacity\"\/>\n\n\n\n<h2 class=\"wp-block-heading\"><span class=\"ez-toc-section\" id=\"Podsumowanie\"><\/span><strong>Podsumowanie<\/strong><span class=\"ez-toc-section-end\"><\/span><\/h2>\n\n\n\n<p>Tr\u0105dzik r\u00f3\u017cowaty to choroba wieloczynnikowa \u2014 zaburzona bariera sk\u00f3rna, dysregulacja odporno\u015bci wrodzonej, nadprodukcja LL-37 i o\u015b jelito\u2013sk\u00f3ra s\u0105 jej mechanizmami, nie tylko &#8222;reaktywne naczynka&#8221;. Suplementacja adresuj\u0105ca te mechanizmy obejmuje: omega-3 (redukcja LL-37, wsparcie bariery, dzia\u0142anie przeciwzapalne), cynk (przeciwzapalnie, ochrona bariery), witamin\u0119 D3 (regulacja katelicydyny), probiotyki (modulacja osi jelito\u2013sk\u00f3ra) i GLA. Kluczowe jest te\u017c unikanie wyzwalaczy \u2014 w tym niacyny w formie kwasu nikotynowego. Sprawd\u017a dost\u0119pne w \u015awiat Supli preparaty omega-3 premium i probiotyki wieloszczepowe dla os\u00f3b z chorobami zapalnymi sk\u00f3ry.<\/p>\n\n\n\n<hr class=\"wp-block-separator has-alpha-channel-opacity\"\/>\n","protected":false},"excerpt":{"rendered":"<p>Tr\u0105dzik r\u00f3\u017cowaty (rosacea) jest przewlek\u0142\u0105 chorob\u0105 zapaln\u0105 sk\u00f3ry twarzy \u2014 z zaczerwienieniem, widocznymi naczynkami, krostkami i uczuciem pieczenia. Cierpi na ni\u0105 ok. 5\u201310% populacji, a konwencjonalne leczenie skupia si\u0119 g\u0142\u00f3wnie na objawach (antybiotyki, metronidazol, lasery)&#8230;.<\/p>\n","protected":false},"author":17,"featured_media":24466,"comment_status":"closed","ping_status":"closed","sticky":false,"template":"","format":"standard","meta":{"_editorskit_title_hidden":false,"_editorskit_reading_time":0,"_editorskit_is_block_options_detached":false,"_editorskit_block_options_position":"{}","inline_featured_image":false,"rop_custom_images_group":[],"rop_custom_messages_group":[],"rop_publish_now":"yes","rop_publish_now_accounts":[],"rop_publish_now_history":[],"rop_publish_now_status":"pending","footnotes":""},"categories":[1385],"tags":[93,34,354,74,42],"class_list":{"0":"post-24465","1":"post","2":"type-post","3":"status-publish","4":"format-standard","5":"has-post-thumbnail","7":"category-dolegliwosci-i-choroby","8":"tag-dieta","9":"tag-polecamy","10":"tag-skora","11":"tag-suplementy","12":"tag-zdrowie"},"yoast_head":"<!-- This site is optimized with the Yoast SEO plugin v27.4 - https:\/\/yoast.com\/product\/yoast-seo-wordpress\/ -->\n<title>Tr\u0105dzik r\u00f3\u017cowaty \u2014 rola bariery sk\u00f3rnej, mikrobiomu i suplement\u00f3w przeciwzapalnych w \u0142agodzeniu objaw\u00f3w - Blog \u015awiat Supli<\/title>\n<meta name=\"description\" content=\"Tr\u0105dzik r\u00f3\u017cowaty \u2014 rola bariery sk\u00f3rnej, mikrobiomu i suplement\u00f3w przeciwzapalnych w \u0142agodzeniu objaw\u00f3w - zobacz wi\u0119cej na blogu \u015awiatSupli.pl\" \/>\n<meta name=\"robots\" content=\"index, follow, max-snippet:-1, max-image-preview:large, max-video-preview:-1\" \/>\n<link rel=\"canonical\" href=\"https:\/\/swiatsupli.pl\/blog\/tradzik-rozowaty-rola-bariery-skornej-mikrobiomu-i-suplementow-przeciwzapalnych-w-lagodzeniu-objawow\/\" \/>\n<meta property=\"og:locale\" content=\"pl_PL\" \/>\n<meta property=\"og:type\" content=\"article\" \/>\n<meta property=\"og:title\" content=\"Tr\u0105dzik r\u00f3\u017cowaty \u2014 rola bariery sk\u00f3rnej, mikrobiomu i suplement\u00f3w przeciwzapalnych w \u0142agodzeniu objaw\u00f3w - Blog \u015awiat Supli\" \/>\n<meta property=\"og:description\" content=\"Tr\u0105dzik r\u00f3\u017cowaty \u2014 rola bariery sk\u00f3rnej, mikrobiomu i suplement\u00f3w przeciwzapalnych w \u0142agodzeniu objaw\u00f3w - zobacz wi\u0119cej na blogu \u015awiatSupli.pl\" \/>\n<meta property=\"og:url\" content=\"https:\/\/swiatsupli.pl\/blog\/tradzik-rozowaty-rola-bariery-skornej-mikrobiomu-i-suplementow-przeciwzapalnych-w-lagodzeniu-objawow\/\" \/>\n<meta property=\"og:site_name\" content=\"Blog \u015awiat Supli\" \/>\n<meta property=\"article:publisher\" content=\"https:\/\/www.facebook.com\/Swiat.Supli\" \/>\n<meta property=\"article:published_time\" content=\"2026-04-27T15:04:22+00:00\" \/>\n<meta property=\"article:modified_time\" content=\"2026-04-27T15:04:24+00:00\" \/>\n<meta property=\"og:image\" content=\"https:\/\/swiatsupli.pl\/blog\/wp-content\/uploads\/2026\/04\/Tradzik-rozowaty-\u2014-rola-bariery-skornej-mikrobiomu-i-suplementow-przeciwzapalnych-w-lagodzeniu-objawow.jpg\" \/>\n\t<meta property=\"og:image:width\" content=\"1366\" \/>\n\t<meta property=\"og:image:height\" content=\"768\" \/>\n\t<meta property=\"og:image:type\" content=\"image\/jpeg\" \/>\n<meta name=\"author\" content=\"Przemek \u2013 Trener i Ekspert Suplementacji\" \/>\n<meta name=\"twitter:card\" content=\"summary_large_image\" \/>\n<meta name=\"twitter:creator\" content=\"@SwiatSupli\" \/>\n<meta name=\"twitter:site\" content=\"@SwiatSupli\" \/>\n<meta name=\"twitter:label1\" content=\"Napisane przez\" \/>\n\t<meta name=\"twitter:data1\" content=\"Przemek \u2013 Trener i Ekspert Suplementacji\" \/>\n\t<meta name=\"twitter:label2\" content=\"Szacowany czas czytania\" \/>\n\t<meta name=\"twitter:data2\" content=\"8 minut\" \/>\n<script type=\"application\/ld+json\" class=\"yoast-schema-graph\">{\"@context\":\"https:\\\/\\\/schema.org\",\"@graph\":[{\"@type\":\"Article\",\"@id\":\"https:\\\/\\\/swiatsupli.pl\\\/blog\\\/tradzik-rozowaty-rola-bariery-skornej-mikrobiomu-i-suplementow-przeciwzapalnych-w-lagodzeniu-objawow\\\/#article\",\"isPartOf\":{\"@id\":\"https:\\\/\\\/swiatsupli.pl\\\/blog\\\/tradzik-rozowaty-rola-bariery-skornej-mikrobiomu-i-suplementow-przeciwzapalnych-w-lagodzeniu-objawow\\\/\"},\"author\":{\"name\":\"Przemek \u2013 Trener i Ekspert Suplementacji\",\"@id\":\"https:\\\/\\\/swiatsupli.pl\\\/blog\\\/#\\\/schema\\\/person\\\/b0f37b0e0d211afc8a9eb2e96e7b3a8c\"},\"headline\":\"Tr\u0105dzik r\u00f3\u017cowaty \u2014 rola bariery sk\u00f3rnej, mikrobiomu i suplement\u00f3w przeciwzapalnych w \u0142agodzeniu objaw\u00f3w\",\"datePublished\":\"2026-04-27T15:04:22+00:00\",\"dateModified\":\"2026-04-27T15:04:24+00:00\",\"mainEntityOfPage\":{\"@id\":\"https:\\\/\\\/swiatsupli.pl\\\/blog\\\/tradzik-rozowaty-rola-bariery-skornej-mikrobiomu-i-suplementow-przeciwzapalnych-w-lagodzeniu-objawow\\\/\"},\"wordCount\":1277,\"publisher\":{\"@id\":\"https:\\\/\\\/swiatsupli.pl\\\/blog\\\/#organization\"},\"image\":{\"@id\":\"https:\\\/\\\/swiatsupli.pl\\\/blog\\\/tradzik-rozowaty-rola-bariery-skornej-mikrobiomu-i-suplementow-przeciwzapalnych-w-lagodzeniu-objawow\\\/#primaryimage\"},\"thumbnailUrl\":\"https:\\\/\\\/swiatsupli.pl\\\/blog\\\/wp-content\\\/uploads\\\/2026\\\/04\\\/Tradzik-rozowaty-\u2014-rola-bariery-skornej-mikrobiomu-i-suplementow-przeciwzapalnych-w-lagodzeniu-objawow.jpg\",\"keywords\":[\"dieta\",\"Polecamy\",\"sk\u00f3ra\",\"suplementy\",\"Zdrowie\"],\"articleSection\":[\"Dolegliwo\u015bci i choroby\"],\"inLanguage\":\"pl-PL\"},{\"@type\":\"WebPage\",\"@id\":\"https:\\\/\\\/swiatsupli.pl\\\/blog\\\/tradzik-rozowaty-rola-bariery-skornej-mikrobiomu-i-suplementow-przeciwzapalnych-w-lagodzeniu-objawow\\\/\",\"url\":\"https:\\\/\\\/swiatsupli.pl\\\/blog\\\/tradzik-rozowaty-rola-bariery-skornej-mikrobiomu-i-suplementow-przeciwzapalnych-w-lagodzeniu-objawow\\\/\",\"name\":\"Tr\u0105dzik r\u00f3\u017cowaty \u2014 rola bariery sk\u00f3rnej, mikrobiomu i suplement\u00f3w przeciwzapalnych w \u0142agodzeniu objaw\u00f3w - Blog \u015awiat Supli\",\"isPartOf\":{\"@id\":\"https:\\\/\\\/swiatsupli.pl\\\/blog\\\/#website\"},\"primaryImageOfPage\":{\"@id\":\"https:\\\/\\\/swiatsupli.pl\\\/blog\\\/tradzik-rozowaty-rola-bariery-skornej-mikrobiomu-i-suplementow-przeciwzapalnych-w-lagodzeniu-objawow\\\/#primaryimage\"},\"image\":{\"@id\":\"https:\\\/\\\/swiatsupli.pl\\\/blog\\\/tradzik-rozowaty-rola-bariery-skornej-mikrobiomu-i-suplementow-przeciwzapalnych-w-lagodzeniu-objawow\\\/#primaryimage\"},\"thumbnailUrl\":\"https:\\\/\\\/swiatsupli.pl\\\/blog\\\/wp-content\\\/uploads\\\/2026\\\/04\\\/Tradzik-rozowaty-\u2014-rola-bariery-skornej-mikrobiomu-i-suplementow-przeciwzapalnych-w-lagodzeniu-objawow.jpg\",\"datePublished\":\"2026-04-27T15:04:22+00:00\",\"dateModified\":\"2026-04-27T15:04:24+00:00\",\"description\":\"Tr\u0105dzik r\u00f3\u017cowaty \u2014 rola bariery sk\u00f3rnej, mikrobiomu i suplement\u00f3w przeciwzapalnych w \u0142agodzeniu objaw\u00f3w - zobacz wi\u0119cej na blogu \u015awiatSupli.pl\",\"breadcrumb\":{\"@id\":\"https:\\\/\\\/swiatsupli.pl\\\/blog\\\/tradzik-rozowaty-rola-bariery-skornej-mikrobiomu-i-suplementow-przeciwzapalnych-w-lagodzeniu-objawow\\\/#breadcrumb\"},\"inLanguage\":\"pl-PL\",\"potentialAction\":[{\"@type\":\"ReadAction\",\"target\":[\"https:\\\/\\\/swiatsupli.pl\\\/blog\\\/tradzik-rozowaty-rola-bariery-skornej-mikrobiomu-i-suplementow-przeciwzapalnych-w-lagodzeniu-objawow\\\/\"]}]},{\"@type\":\"ImageObject\",\"inLanguage\":\"pl-PL\",\"@id\":\"https:\\\/\\\/swiatsupli.pl\\\/blog\\\/tradzik-rozowaty-rola-bariery-skornej-mikrobiomu-i-suplementow-przeciwzapalnych-w-lagodzeniu-objawow\\\/#primaryimage\",\"url\":\"https:\\\/\\\/swiatsupli.pl\\\/blog\\\/wp-content\\\/uploads\\\/2026\\\/04\\\/Tradzik-rozowaty-\u2014-rola-bariery-skornej-mikrobiomu-i-suplementow-przeciwzapalnych-w-lagodzeniu-objawow.jpg\",\"contentUrl\":\"https:\\\/\\\/swiatsupli.pl\\\/blog\\\/wp-content\\\/uploads\\\/2026\\\/04\\\/Tradzik-rozowaty-\u2014-rola-bariery-skornej-mikrobiomu-i-suplementow-przeciwzapalnych-w-lagodzeniu-objawow.jpg\",\"width\":1366,\"height\":768},{\"@type\":\"BreadcrumbList\",\"@id\":\"https:\\\/\\\/swiatsupli.pl\\\/blog\\\/tradzik-rozowaty-rola-bariery-skornej-mikrobiomu-i-suplementow-przeciwzapalnych-w-lagodzeniu-objawow\\\/#breadcrumb\",\"itemListElement\":[{\"@type\":\"ListItem\",\"position\":1,\"name\":\"Strona g\u0142\u00f3wna\",\"item\":\"https:\\\/\\\/swiatsupli.pl\\\/blog\\\/\"},{\"@type\":\"ListItem\",\"position\":2,\"name\":\"Tr\u0105dzik r\u00f3\u017cowaty \u2014 rola bariery sk\u00f3rnej, mikrobiomu i suplement\u00f3w przeciwzapalnych w \u0142agodzeniu objaw\u00f3w\"}]},{\"@type\":\"WebSite\",\"@id\":\"https:\\\/\\\/swiatsupli.pl\\\/blog\\\/#website\",\"url\":\"https:\\\/\\\/swiatsupli.pl\\\/blog\\\/\",\"name\":\"Blog \u015awiat Supli\",\"description\":\"Wspieramy Tw\u00f3j styl \u017cycia\",\"publisher\":{\"@id\":\"https:\\\/\\\/swiatsupli.pl\\\/blog\\\/#organization\"},\"potentialAction\":[{\"@type\":\"SearchAction\",\"target\":{\"@type\":\"EntryPoint\",\"urlTemplate\":\"https:\\\/\\\/swiatsupli.pl\\\/blog\\\/?s={search_term_string}\"},\"query-input\":{\"@type\":\"PropertyValueSpecification\",\"valueRequired\":true,\"valueName\":\"search_term_string\"}}],\"inLanguage\":\"pl-PL\"},{\"@type\":\"Organization\",\"@id\":\"https:\\\/\\\/swiatsupli.pl\\\/blog\\\/#organization\",\"name\":\"\u015awiat Supli\",\"url\":\"https:\\\/\\\/swiatsupli.pl\\\/blog\\\/\",\"logo\":{\"@type\":\"ImageObject\",\"inLanguage\":\"pl-PL\",\"@id\":\"https:\\\/\\\/swiatsupli.pl\\\/blog\\\/#\\\/schema\\\/logo\\\/image\\\/\",\"url\":\"https:\\\/\\\/swiatsupli.pl\\\/blog\\\/wp-content\\\/uploads\\\/2020\\\/10\\\/swiat-supli-logo-hex-color-bg-2-scaled.jpg\",\"contentUrl\":\"https:\\\/\\\/swiatsupli.pl\\\/blog\\\/wp-content\\\/uploads\\\/2020\\\/10\\\/swiat-supli-logo-hex-color-bg-2-scaled.jpg\",\"width\":2560,\"height\":680,\"caption\":\"\u015awiat Supli\"},\"image\":{\"@id\":\"https:\\\/\\\/swiatsupli.pl\\\/blog\\\/#\\\/schema\\\/logo\\\/image\\\/\"},\"sameAs\":[\"https:\\\/\\\/www.facebook.com\\\/Swiat.Supli\",\"https:\\\/\\\/x.com\\\/SwiatSupli\",\"https:\\\/\\\/www.instagram.com\\\/swiatsupli_pl\\\/\",\"https:\\\/\\\/www.youtube.com\\\/channel\\\/UCbrXSxhnVQmv08kapZgYW5Q\"]},{\"@type\":\"Person\",\"@id\":\"https:\\\/\\\/swiatsupli.pl\\\/blog\\\/#\\\/schema\\\/person\\\/b0f37b0e0d211afc8a9eb2e96e7b3a8c\",\"name\":\"Przemek \u2013 Trener i Ekspert Suplementacji\",\"url\":\"https:\\\/\\\/swiatsupli.pl\\\/blog\\\/author\\\/swiat-supli\\\/\"}]}<\/script>\n<!-- \/ Yoast SEO plugin. -->","yoast_head_json":{"title":"Tr\u0105dzik r\u00f3\u017cowaty \u2014 rola bariery sk\u00f3rnej, mikrobiomu i suplement\u00f3w przeciwzapalnych w \u0142agodzeniu objaw\u00f3w - Blog \u015awiat Supli","description":"Tr\u0105dzik r\u00f3\u017cowaty \u2014 rola bariery sk\u00f3rnej, mikrobiomu i suplement\u00f3w przeciwzapalnych w \u0142agodzeniu objaw\u00f3w - zobacz wi\u0119cej na blogu \u015awiatSupli.pl","robots":{"index":"index","follow":"follow","max-snippet":"max-snippet:-1","max-image-preview":"max-image-preview:large","max-video-preview":"max-video-preview:-1"},"canonical":"https:\/\/swiatsupli.pl\/blog\/tradzik-rozowaty-rola-bariery-skornej-mikrobiomu-i-suplementow-przeciwzapalnych-w-lagodzeniu-objawow\/","og_locale":"pl_PL","og_type":"article","og_title":"Tr\u0105dzik r\u00f3\u017cowaty \u2014 rola bariery sk\u00f3rnej, mikrobiomu i suplement\u00f3w przeciwzapalnych w \u0142agodzeniu objaw\u00f3w - Blog \u015awiat Supli","og_description":"Tr\u0105dzik r\u00f3\u017cowaty \u2014 rola bariery sk\u00f3rnej, mikrobiomu i suplement\u00f3w przeciwzapalnych w \u0142agodzeniu objaw\u00f3w - zobacz wi\u0119cej na blogu \u015awiatSupli.pl","og_url":"https:\/\/swiatsupli.pl\/blog\/tradzik-rozowaty-rola-bariery-skornej-mikrobiomu-i-suplementow-przeciwzapalnych-w-lagodzeniu-objawow\/","og_site_name":"Blog \u015awiat Supli","article_publisher":"https:\/\/www.facebook.com\/Swiat.Supli","article_published_time":"2026-04-27T15:04:22+00:00","article_modified_time":"2026-04-27T15:04:24+00:00","og_image":[{"width":1366,"height":768,"url":"https:\/\/swiatsupli.pl\/blog\/wp-content\/uploads\/2026\/04\/Tradzik-rozowaty-\u2014-rola-bariery-skornej-mikrobiomu-i-suplementow-przeciwzapalnych-w-lagodzeniu-objawow.jpg","type":"image\/jpeg"}],"author":"Przemek \u2013 Trener i Ekspert Suplementacji","twitter_card":"summary_large_image","twitter_creator":"@SwiatSupli","twitter_site":"@SwiatSupli","twitter_misc":{"Napisane przez":"Przemek \u2013 Trener i Ekspert Suplementacji","Szacowany czas czytania":"8 minut"},"schema":{"@context":"https:\/\/schema.org","@graph":[{"@type":"Article","@id":"https:\/\/swiatsupli.pl\/blog\/tradzik-rozowaty-rola-bariery-skornej-mikrobiomu-i-suplementow-przeciwzapalnych-w-lagodzeniu-objawow\/#article","isPartOf":{"@id":"https:\/\/swiatsupli.pl\/blog\/tradzik-rozowaty-rola-bariery-skornej-mikrobiomu-i-suplementow-przeciwzapalnych-w-lagodzeniu-objawow\/"},"author":{"name":"Przemek \u2013 Trener i Ekspert Suplementacji","@id":"https:\/\/swiatsupli.pl\/blog\/#\/schema\/person\/b0f37b0e0d211afc8a9eb2e96e7b3a8c"},"headline":"Tr\u0105dzik r\u00f3\u017cowaty \u2014 rola bariery sk\u00f3rnej, mikrobiomu i suplement\u00f3w przeciwzapalnych w \u0142agodzeniu objaw\u00f3w","datePublished":"2026-04-27T15:04:22+00:00","dateModified":"2026-04-27T15:04:24+00:00","mainEntityOfPage":{"@id":"https:\/\/swiatsupli.pl\/blog\/tradzik-rozowaty-rola-bariery-skornej-mikrobiomu-i-suplementow-przeciwzapalnych-w-lagodzeniu-objawow\/"},"wordCount":1277,"publisher":{"@id":"https:\/\/swiatsupli.pl\/blog\/#organization"},"image":{"@id":"https:\/\/swiatsupli.pl\/blog\/tradzik-rozowaty-rola-bariery-skornej-mikrobiomu-i-suplementow-przeciwzapalnych-w-lagodzeniu-objawow\/#primaryimage"},"thumbnailUrl":"https:\/\/swiatsupli.pl\/blog\/wp-content\/uploads\/2026\/04\/Tradzik-rozowaty-\u2014-rola-bariery-skornej-mikrobiomu-i-suplementow-przeciwzapalnych-w-lagodzeniu-objawow.jpg","keywords":["dieta","Polecamy","sk\u00f3ra","suplementy","Zdrowie"],"articleSection":["Dolegliwo\u015bci i choroby"],"inLanguage":"pl-PL"},{"@type":"WebPage","@id":"https:\/\/swiatsupli.pl\/blog\/tradzik-rozowaty-rola-bariery-skornej-mikrobiomu-i-suplementow-przeciwzapalnych-w-lagodzeniu-objawow\/","url":"https:\/\/swiatsupli.pl\/blog\/tradzik-rozowaty-rola-bariery-skornej-mikrobiomu-i-suplementow-przeciwzapalnych-w-lagodzeniu-objawow\/","name":"Tr\u0105dzik r\u00f3\u017cowaty \u2014 rola bariery sk\u00f3rnej, mikrobiomu i suplement\u00f3w przeciwzapalnych w \u0142agodzeniu objaw\u00f3w - Blog \u015awiat Supli","isPartOf":{"@id":"https:\/\/swiatsupli.pl\/blog\/#website"},"primaryImageOfPage":{"@id":"https:\/\/swiatsupli.pl\/blog\/tradzik-rozowaty-rola-bariery-skornej-mikrobiomu-i-suplementow-przeciwzapalnych-w-lagodzeniu-objawow\/#primaryimage"},"image":{"@id":"https:\/\/swiatsupli.pl\/blog\/tradzik-rozowaty-rola-bariery-skornej-mikrobiomu-i-suplementow-przeciwzapalnych-w-lagodzeniu-objawow\/#primaryimage"},"thumbnailUrl":"https:\/\/swiatsupli.pl\/blog\/wp-content\/uploads\/2026\/04\/Tradzik-rozowaty-\u2014-rola-bariery-skornej-mikrobiomu-i-suplementow-przeciwzapalnych-w-lagodzeniu-objawow.jpg","datePublished":"2026-04-27T15:04:22+00:00","dateModified":"2026-04-27T15:04:24+00:00","description":"Tr\u0105dzik r\u00f3\u017cowaty \u2014 rola bariery sk\u00f3rnej, mikrobiomu i suplement\u00f3w przeciwzapalnych w \u0142agodzeniu objaw\u00f3w - zobacz wi\u0119cej na blogu \u015awiatSupli.pl","breadcrumb":{"@id":"https:\/\/swiatsupli.pl\/blog\/tradzik-rozowaty-rola-bariery-skornej-mikrobiomu-i-suplementow-przeciwzapalnych-w-lagodzeniu-objawow\/#breadcrumb"},"inLanguage":"pl-PL","potentialAction":[{"@type":"ReadAction","target":["https:\/\/swiatsupli.pl\/blog\/tradzik-rozowaty-rola-bariery-skornej-mikrobiomu-i-suplementow-przeciwzapalnych-w-lagodzeniu-objawow\/"]}]},{"@type":"ImageObject","inLanguage":"pl-PL","@id":"https:\/\/swiatsupli.pl\/blog\/tradzik-rozowaty-rola-bariery-skornej-mikrobiomu-i-suplementow-przeciwzapalnych-w-lagodzeniu-objawow\/#primaryimage","url":"https:\/\/swiatsupli.pl\/blog\/wp-content\/uploads\/2026\/04\/Tradzik-rozowaty-\u2014-rola-bariery-skornej-mikrobiomu-i-suplementow-przeciwzapalnych-w-lagodzeniu-objawow.jpg","contentUrl":"https:\/\/swiatsupli.pl\/blog\/wp-content\/uploads\/2026\/04\/Tradzik-rozowaty-\u2014-rola-bariery-skornej-mikrobiomu-i-suplementow-przeciwzapalnych-w-lagodzeniu-objawow.jpg","width":1366,"height":768},{"@type":"BreadcrumbList","@id":"https:\/\/swiatsupli.pl\/blog\/tradzik-rozowaty-rola-bariery-skornej-mikrobiomu-i-suplementow-przeciwzapalnych-w-lagodzeniu-objawow\/#breadcrumb","itemListElement":[{"@type":"ListItem","position":1,"name":"Strona g\u0142\u00f3wna","item":"https:\/\/swiatsupli.pl\/blog\/"},{"@type":"ListItem","position":2,"name":"Tr\u0105dzik r\u00f3\u017cowaty \u2014 rola bariery sk\u00f3rnej, mikrobiomu i suplement\u00f3w przeciwzapalnych w \u0142agodzeniu objaw\u00f3w"}]},{"@type":"WebSite","@id":"https:\/\/swiatsupli.pl\/blog\/#website","url":"https:\/\/swiatsupli.pl\/blog\/","name":"Blog \u015awiat Supli","description":"Wspieramy Tw\u00f3j styl \u017cycia","publisher":{"@id":"https:\/\/swiatsupli.pl\/blog\/#organization"},"potentialAction":[{"@type":"SearchAction","target":{"@type":"EntryPoint","urlTemplate":"https:\/\/swiatsupli.pl\/blog\/?s={search_term_string}"},"query-input":{"@type":"PropertyValueSpecification","valueRequired":true,"valueName":"search_term_string"}}],"inLanguage":"pl-PL"},{"@type":"Organization","@id":"https:\/\/swiatsupli.pl\/blog\/#organization","name":"\u015awiat Supli","url":"https:\/\/swiatsupli.pl\/blog\/","logo":{"@type":"ImageObject","inLanguage":"pl-PL","@id":"https:\/\/swiatsupli.pl\/blog\/#\/schema\/logo\/image\/","url":"https:\/\/swiatsupli.pl\/blog\/wp-content\/uploads\/2020\/10\/swiat-supli-logo-hex-color-bg-2-scaled.jpg","contentUrl":"https:\/\/swiatsupli.pl\/blog\/wp-content\/uploads\/2020\/10\/swiat-supli-logo-hex-color-bg-2-scaled.jpg","width":2560,"height":680,"caption":"\u015awiat Supli"},"image":{"@id":"https:\/\/swiatsupli.pl\/blog\/#\/schema\/logo\/image\/"},"sameAs":["https:\/\/www.facebook.com\/Swiat.Supli","https:\/\/x.com\/SwiatSupli","https:\/\/www.instagram.com\/swiatsupli_pl\/","https:\/\/www.youtube.com\/channel\/UCbrXSxhnVQmv08kapZgYW5Q"]},{"@type":"Person","@id":"https:\/\/swiatsupli.pl\/blog\/#\/schema\/person\/b0f37b0e0d211afc8a9eb2e96e7b3a8c","name":"Przemek \u2013 Trener i Ekspert Suplementacji","url":"https:\/\/swiatsupli.pl\/blog\/author\/swiat-supli\/"}]}},"_links":{"self":[{"href":"https:\/\/swiatsupli.pl\/blog\/wp-json\/wp\/v2\/posts\/24465","targetHints":{"allow":["GET"]}}],"collection":[{"href":"https:\/\/swiatsupli.pl\/blog\/wp-json\/wp\/v2\/posts"}],"about":[{"href":"https:\/\/swiatsupli.pl\/blog\/wp-json\/wp\/v2\/types\/post"}],"author":[{"embeddable":true,"href":"https:\/\/swiatsupli.pl\/blog\/wp-json\/wp\/v2\/users\/17"}],"replies":[{"embeddable":true,"href":"https:\/\/swiatsupli.pl\/blog\/wp-json\/wp\/v2\/comments?post=24465"}],"version-history":[{"count":1,"href":"https:\/\/swiatsupli.pl\/blog\/wp-json\/wp\/v2\/posts\/24465\/revisions"}],"predecessor-version":[{"id":24469,"href":"https:\/\/swiatsupli.pl\/blog\/wp-json\/wp\/v2\/posts\/24465\/revisions\/24469"}],"wp:featuredmedia":[{"embeddable":true,"href":"https:\/\/swiatsupli.pl\/blog\/wp-json\/wp\/v2\/media\/24466"}],"wp:attachment":[{"href":"https:\/\/swiatsupli.pl\/blog\/wp-json\/wp\/v2\/media?parent=24465"}],"wp:term":[{"taxonomy":"category","embeddable":true,"href":"https:\/\/swiatsupli.pl\/blog\/wp-json\/wp\/v2\/categories?post=24465"},{"taxonomy":"post_tag","embeddable":true,"href":"https:\/\/swiatsupli.pl\/blog\/wp-json\/wp\/v2\/tags?post=24465"}],"curies":[{"name":"wp","href":"https:\/\/api.w.org\/{rel}","templated":true}]}}