{"id":24261,"date":"2026-04-11T12:18:23","date_gmt":"2026-04-11T10:18:23","guid":{"rendered":"https:\/\/swiatsupli.pl\/blog\/?p=24261"},"modified":"2026-08-24T12:44:15","modified_gmt":"2026-08-24T10:44:15","slug":"laktoferyna-bialko-z-mleka-matki-silniejsze-niz-probiotyki","status":"publish","type":"post","link":"https:\/\/swiatsupli.pl\/blog\/laktoferyna-bialko-z-mleka-matki-silniejsze-niz-probiotyki\/","title":{"rendered":"Laktoferyna \u2014 bia\u0142ko z mleka matki silniejsze ni\u017c probiotyki?"},"content":{"rendered":"<div id=\"ez-toc-container\" class=\"ez-toc-v2_0_75 counter-hierarchy ez-toc-counter ez-toc-grey ez-toc-container-direction\">\n<div class=\"ez-toc-title-container\">\n<p class=\"ez-toc-title\" style=\"cursor:inherit\">Spis tre\u015bci<\/p>\n<span class=\"ez-toc-title-toggle\"><a href=\"#\" class=\"ez-toc-pull-right ez-toc-btn ez-toc-btn-xs ez-toc-btn-default ez-toc-toggle\" aria-label=\"Toggle Table of Content\"><span class=\"ez-toc-js-icon-con\"><span class=\"\"><span class=\"eztoc-hide\" style=\"display:none;\">Toggle<\/span><span class=\"ez-toc-icon-toggle-span\"><svg style=\"fill: #999;color:#999\" xmlns=\"http:\/\/www.w3.org\/2000\/svg\" class=\"list-377408\" width=\"20px\" height=\"20px\" viewBox=\"0 0 24 24\" fill=\"none\"><path d=\"M6 6H4v2h2V6zm14 0H8v2h12V6zM4 11h2v2H4v-2zm16 0H8v2h12v-2zM4 16h2v2H4v-2zm16 0H8v2h12v-2z\" fill=\"currentColor\"><\/path><\/svg><svg style=\"fill: #999;color:#999\" class=\"arrow-unsorted-368013\" xmlns=\"http:\/\/www.w3.org\/2000\/svg\" width=\"10px\" height=\"10px\" viewBox=\"0 0 24 24\" version=\"1.2\" baseProfile=\"tiny\"><path d=\"M18.2 9.3l-6.2-6.3-6.2 6.3c-.2.2-.3.4-.3.7s.1.5.3.7c.2.2.4.3.7.3h11c.3 0 .5-.1.7-.3.2-.2.3-.5.3-.7s-.1-.5-.3-.7zM5.8 14.7l6.2 6.3 6.2-6.3c.2-.2.3-.5.3-.7s-.1-.5-.3-.7c-.2-.2-.4-.3-.7-.3h-11c-.3 0-.5.1-.7.3-.2.2-.3.5-.3.7s.1.5.3.7z\"\/><\/svg><\/span><\/span><\/span><\/a><\/span><\/div>\n<nav><ul class='ez-toc-list ez-toc-list-level-1 ' ><li class='ez-toc-page-1 ez-toc-heading-level-2'><a class=\"ez-toc-link ez-toc-heading-1\" href=\"https:\/\/swiatsupli.pl\/blog\/laktoferyna-bialko-z-mleka-matki-silniejsze-niz-probiotyki\/#Czym_jest_laktoferyna_i_skad_sie_wziela_w_mleku_matki\" >Czym jest laktoferyna i sk\u0105d si\u0119 wzi\u0119\u0142a w mleku matki?<\/a><\/li><li class='ez-toc-page-1 ez-toc-heading-level-2'><a class=\"ez-toc-link ez-toc-heading-2\" href=\"https:\/\/swiatsupli.pl\/blog\/laktoferyna-bialko-z-mleka-matki-silniejsze-niz-probiotyki\/#Jak_laktoferyna_wzmacnia_odpornosc\" >Jak laktoferyna wzmacnia odporno\u015b\u0107?<\/a><ul class='ez-toc-list-level-3' ><li class='ez-toc-heading-level-3'><a class=\"ez-toc-link ez-toc-heading-3\" href=\"https:\/\/swiatsupli.pl\/blog\/laktoferyna-bialko-z-mleka-matki-silniejsze-niz-probiotyki\/#Jak_laktoferyna_wiaze_zelazo_i_wplywa_na_bakterie\" >Jak laktoferyna wi\u0105\u017ce \u017celazo i wp\u0142ywa na bakterie?<\/a><\/li><li class='ez-toc-page-1 ez-toc-heading-level-3'><a class=\"ez-toc-link ez-toc-heading-4\" href=\"https:\/\/swiatsupli.pl\/blog\/laktoferyna-bialko-z-mleka-matki-silniejsze-niz-probiotyki\/#Jak_laktoferyna_wplywa_na_sciany_komorkowe_bakterii\" >Jak laktoferyna wp\u0142ywa na \u015bciany kom\u00f3rkowe bakterii?<\/a><\/li><li class='ez-toc-page-1 ez-toc-heading-level-3'><a class=\"ez-toc-link ez-toc-heading-5\" href=\"https:\/\/swiatsupli.pl\/blog\/laktoferyna-bialko-z-mleka-matki-silniejsze-niz-probiotyki\/#Jak_laktoferyna_wplywa_na_uklad_odpornosciowy\" >Jak laktoferyna wp\u0142ywa na uk\u0142ad odporno\u015bciowy?<\/a><\/li><li class='ez-toc-page-1 ez-toc-heading-level-3'><a class=\"ez-toc-link ez-toc-heading-6\" href=\"https:\/\/swiatsupli.pl\/blog\/laktoferyna-bialko-z-mleka-matki-silniejsze-niz-probiotyki\/#Jak_laktoferyna_wplywa_na_mikrobiote_jelitowa\" >Jak laktoferyna wp\u0142ywa na mikrobiot\u0119 jelitow\u0105?<\/a><\/li><\/ul><\/li><li class='ez-toc-page-1 ez-toc-heading-level-2'><a class=\"ez-toc-link ez-toc-heading-7\" href=\"https:\/\/swiatsupli.pl\/blog\/laktoferyna-bialko-z-mleka-matki-silniejsze-niz-probiotyki\/#Laktoferyna_vs_probiotyki_%E2%80%94_czym_rozni_sie_ich_dzialanie\" >Laktoferyna vs probiotyki \u2014 czym r\u00f3\u017cni si\u0119 ich dzia\u0142anie?<\/a><\/li><li class='ez-toc-page-1 ez-toc-heading-level-2'><a class=\"ez-toc-link ez-toc-heading-8\" href=\"https:\/\/swiatsupli.pl\/blog\/laktoferyna-bialko-z-mleka-matki-silniejsze-niz-probiotyki\/#Laktoferyna_a_gospodarka_zelazem\" >Laktoferyna a gospodarka \u017celazem<\/a><\/li><li class='ez-toc-page-1 ez-toc-heading-level-2'><a class=\"ez-toc-link ez-toc-heading-9\" href=\"https:\/\/swiatsupli.pl\/blog\/laktoferyna-bialko-z-mleka-matki-silniejsze-niz-probiotyki\/#Czy_laktoferyna_wykazuje_dzialanie_przeciwwirusowe\" >Czy laktoferyna wykazuje dzia\u0142anie przeciwwirusowe?<\/a><\/li><li class='ez-toc-page-1 ez-toc-heading-level-2'><a class=\"ez-toc-link ez-toc-heading-10\" href=\"https:\/\/swiatsupli.pl\/blog\/laktoferyna-bialko-z-mleka-matki-silniejsze-niz-probiotyki\/#Tabela_dawkowania_laktoferyny\" >Tabela dawkowania laktoferyny<\/a><\/li><li class='ez-toc-page-1 ez-toc-heading-level-2'><a class=\"ez-toc-link ez-toc-heading-11\" href=\"https:\/\/swiatsupli.pl\/blog\/laktoferyna-bialko-z-mleka-matki-silniejsze-niz-probiotyki\/#5_najczestszych_bledow_w_suplementacji_laktoferyny\" >5 najcz\u0119stszych b\u0142\u0119d\u00f3w w suplementacji laktoferyny<\/a><ul class='ez-toc-list-level-3' ><li class='ez-toc-heading-level-3'><a class=\"ez-toc-link ez-toc-heading-12\" href=\"https:\/\/swiatsupli.pl\/blog\/laktoferyna-bialko-z-mleka-matki-silniejsze-niz-probiotyki\/#Blad_1_Wybor_produktu_bez_sprawdzenia_zawartosci_laktoferyny\" >B\u0142\u0105d 1: Wyb\u00f3r produktu bez sprawdzenia zawarto\u015bci laktoferyny<\/a><\/li><li class='ez-toc-page-1 ez-toc-heading-level-3'><a class=\"ez-toc-link ez-toc-heading-13\" href=\"https:\/\/swiatsupli.pl\/blog\/laktoferyna-bialko-z-mleka-matki-silniejsze-niz-probiotyki\/#Blad_2_Przyjmowanie_laktoferyny_niezgodnie_z_zaleceniami_producenta\" >B\u0142\u0105d 2: Przyjmowanie laktoferyny niezgodnie z zaleceniami producenta<\/a><\/li><li class='ez-toc-page-1 ez-toc-heading-level-3'><a class=\"ez-toc-link ez-toc-heading-14\" href=\"https:\/\/swiatsupli.pl\/blog\/laktoferyna-bialko-z-mleka-matki-silniejsze-niz-probiotyki\/#Blad_3_Oczekiwanie_natychmiastowych_efektow_suplementacji\" >B\u0142\u0105d 3: Oczekiwanie natychmiastowych efekt\u00f3w suplementacji<\/a><\/li><li class='ez-toc-page-1 ez-toc-heading-level-3'><a class=\"ez-toc-link ez-toc-heading-15\" href=\"https:\/\/swiatsupli.pl\/blog\/laktoferyna-bialko-z-mleka-matki-silniejsze-niz-probiotyki\/#Blad_4_Traktowanie_laktoferyny_jako_zamiennika_probiotyku\" >B\u0142\u0105d 4: Traktowanie laktoferyny jako zamiennika probiotyku<\/a><\/li><li class='ez-toc-page-1 ez-toc-heading-level-3'><a class=\"ez-toc-link ez-toc-heading-16\" href=\"https:\/\/swiatsupli.pl\/blog\/laktoferyna-bialko-z-mleka-matki-silniejsze-niz-probiotyki\/#Blad_5_Wybor_laktoferyny_wylacznie_na_podstawie_ceny\" >B\u0142\u0105d 5: Wyb\u00f3r laktoferyny wy\u0142\u0105cznie na podstawie ceny<\/a><\/li><\/ul><\/li><li class='ez-toc-page-1 ez-toc-heading-level-2'><a class=\"ez-toc-link ez-toc-heading-17\" href=\"https:\/\/swiatsupli.pl\/blog\/laktoferyna-bialko-z-mleka-matki-silniejsze-niz-probiotyki\/#Kto_powinien_rozwazyc_suplementacje_laktoferyny\" >Kto powinien rozwa\u017cy\u0107 suplementacj\u0119 laktoferyny?<\/a><\/li><li class='ez-toc-page-1 ez-toc-heading-level-2'><a class=\"ez-toc-link ez-toc-heading-18\" href=\"https:\/\/swiatsupli.pl\/blog\/laktoferyna-bialko-z-mleka-matki-silniejsze-niz-probiotyki\/#Bezpieczenstwo_i_interakcje_z_laktoferyna_%E2%80%94_o_czym_pamietac\" >Bezpiecze\u0144stwo i interakcje z laktoferyn\u0105 \u2014 o czym pami\u0119ta\u0107?<\/a><\/li><li class='ez-toc-page-1 ez-toc-heading-level-2'><a class=\"ez-toc-link ez-toc-heading-19\" href=\"https:\/\/swiatsupli.pl\/blog\/laktoferyna-bialko-z-mleka-matki-silniejsze-niz-probiotyki\/#Podsumowanie\" >Podsumowanie<\/a><\/li><li class='ez-toc-page-1 ez-toc-heading-level-2'><a class=\"ez-toc-link ez-toc-heading-20\" href=\"https:\/\/swiatsupli.pl\/blog\/laktoferyna-bialko-z-mleka-matki-silniejsze-niz-probiotyki\/#FAQ_%E2%80%93_najczesciej_zadawane_pytania_o_laktoferyna\" >FAQ &#8211; najcz\u0119\u015bciej zadawane pytania o laktoferyn\u0105<\/a><ul class='ez-toc-list-level-3' ><li class='ez-toc-heading-level-3'><a class=\"ez-toc-link ez-toc-heading-21\" href=\"https:\/\/swiatsupli.pl\/blog\/laktoferyna-bialko-z-mleka-matki-silniejsze-niz-probiotyki\/#Czy_laktoferyna_jest_lepsza_niz_probiotyki\" >Czy laktoferyna jest lepsza ni\u017c probiotyki?<\/a><\/li><li class='ez-toc-page-1 ez-toc-heading-level-3'><a class=\"ez-toc-link ez-toc-heading-22\" href=\"https:\/\/swiatsupli.pl\/blog\/laktoferyna-bialko-z-mleka-matki-silniejsze-niz-probiotyki\/#Czy_mozna_stosowac_laktoferyne_przy_nietolerancji_laktozy\" >Czy mo\u017cna stosowa\u0107 laktoferyn\u0119 przy nietolerancji laktozy?<\/a><\/li><li class='ez-toc-page-1 ez-toc-heading-level-3'><a class=\"ez-toc-link ez-toc-heading-23\" href=\"https:\/\/swiatsupli.pl\/blog\/laktoferyna-bialko-z-mleka-matki-silniejsze-niz-probiotyki\/#Jak_dlugo_mozna_stosowac_laktoferyne\" >Jak d\u0142ugo mo\u017cna stosowa\u0107 laktoferyn\u0119?<\/a><\/li><li class='ez-toc-page-1 ez-toc-heading-level-3'><a class=\"ez-toc-link ez-toc-heading-24\" href=\"https:\/\/swiatsupli.pl\/blog\/laktoferyna-bialko-z-mleka-matki-silniejsze-niz-probiotyki\/#Czy_laktoferyne_mozna_podawac_dzieciom\" >Czy laktoferyn\u0119 mo\u017cna podawa\u0107 dzieciom?<\/a><\/li><li class='ez-toc-page-1 ez-toc-heading-level-3'><a class=\"ez-toc-link ez-toc-heading-25\" href=\"https:\/\/swiatsupli.pl\/blog\/laktoferyna-bialko-z-mleka-matki-silniejsze-niz-probiotyki\/#Czy_laktoferyna_moze_zastapic_zelazo_przy_niedoborze_lub_anemii\" >Czy laktoferyna mo\u017ce zast\u0105pi\u0107 \u017celazo przy niedoborze lub anemii?<\/a><\/li><\/ul><\/li><li class='ez-toc-page-1 ez-toc-heading-level-2'><a class=\"ez-toc-link ez-toc-heading-26\" href=\"https:\/\/swiatsupli.pl\/blog\/laktoferyna-bialko-z-mleka-matki-silniejsze-niz-probiotyki\/#Bibliografia\" >Bibliografia<\/a><\/li><\/ul><\/nav><\/div>\n\n<p>Laktoferyna to naturalnie wyst\u0119puj\u0105ce bia\u0142ko, kt\u00f3re znajdziemy mi\u0119dzy innymi w mleku kobiecym. Wi\u0105\u017ce \u017celazo i uczestniczy w mechanizmach zwi\u0105zanych z funkcjonowaniem uk\u0142adu odporno\u015bciowego oraz r\u00f3wnowag\u0105 mikrobiologiczn\u0105 organizmu. Z tego powodu coraz cz\u0119\u015bciej pojawia si\u0119 r\u00f3wnie\u017c jako sk\u0142adnik suplement\u00f3w diety. Czym dok\u0142adnie jest laktoferyna, jak dzia\u0142a i czym r\u00f3\u017cni si\u0119 od probiotyk\u00f3w? W tym artykule przygl\u0105damy si\u0119 jej w\u0142a\u015bciwo\u015bciom, wp\u0142ywowi na gospodark\u0119 \u017celazem i mikrobiot\u0119 jelitow\u0105 oraz sprawdzamy, co badania m\u00f3wi\u0105 o stosowaniu laktoferyny i jej \u0142\u0105czeniu z probiotykami.<\/p>\n\n\n\n<h2 class=\"wp-block-heading\"><span class=\"ez-toc-section\" id=\"Czym_jest_laktoferyna_i_skad_sie_wziela_w_mleku_matki\"><\/span><strong>Czym jest laktoferyna i sk\u0105d si\u0119 wzi\u0119\u0142a w mleku matki?<\/strong><span class=\"ez-toc-section-end\"><\/span><\/h2>\n\n\n\n<p>Laktoferyna to glikoproteina z rodziny transferyn: bia\u0142ek wi\u0105\u017c\u0105cych \u017celazo. Zosta\u0142a po raz pierwszy wyizolowana z mleka krowiego w 1939 roku, ale prawdziwe zainteresowanie ni\u0105 eksplodowa\u0142o, gdy odkryto jej st\u0119\u017cenie w ludzkim mleku matki.<\/p>\n\n\n\n<figure class=\"wp-block-table\"><table class=\"has-fixed-layout\"><thead><tr><th><strong>\u0179r\u00f3d\u0142o<\/strong><\/th><th><strong>St\u0119\u017cenie laktoferyny<\/strong><\/th><\/tr><\/thead><tbody><tr><td>Siara ludzka (pierwsze 3 dni)<\/td><td><strong>5\u20137 g\/l<\/strong><\/td><\/tr><tr><td>Mleko dojrza\u0142e (ludzkie)<\/td><td>1\u20133 g\/l<\/td><\/tr><tr><td>Mleko krowie<\/td><td>0,1\u20130,3 g\/l<\/td><\/tr><tr><td>Krew ludzka (neutrofile)<\/td><td>uwalniana lokalnie w miejscu infekcji<\/td><\/tr><tr><td>\u015alina, \u0142zy, \u015bluz nosowy<\/td><td>obecna w st\u0119\u017ceniach ochronnych<\/td><\/tr><\/tbody><\/table><\/figure>\n\n\n\n<p>Siara, czyli pierwszy pokarm noworodka, zawiera laktoferyn\u0119 w st\u0119\u017ceniu kilkudziesi\u0119ciokrotnie wy\u017cszym ni\u017c mleko krowie, i to nie przypadek. Ewolucja zdecydowa\u0142a, \u017ce noworodek z niedojrza\u0142ym uk\u0142adem odporno\u015bciowym potrzebuje tego bia\u0142ka jako pierwszej linii obrony, zanim jego w\u0142asny system immunologiczny zacznie dzia\u0142a\u0107. Niestety takim maluchom nie s\u0105 wskazane <a href=\"https:\/\/swiatsupli.pl\/odpornosc\/c144\" data-type=\"link\" data-id=\"https:\/\/swiatsupli.pl\/odpornosc\/c144\">suplementy na odporno\u015b\u0107<\/a>, kt\u00f3re mo\u017cesz wdro\u017cy\u0107 w p\u00f3\u017aniejszym okresie. Ale skoro laktoferyna jest tak wa\u017cna dla niemowl\u0105t, to czy doros\u0142y te\u017c mo\u017ce z niej skorzysta\u0107?<\/p>\n\n\n\n<hr class=\"wp-block-separator has-alpha-channel-opacity\"\/>\n\n\n\n<figure class=\"wp-block-image size-full\"><a href=\"https:\/\/swiatsupli.pl\/wsparcie-odpornosci-laktoferyna-aliness-laktoferyna-100mg-30kaps\/p5625?utm_source=blog&amp;utm_medium=referral&amp;utm_campaign=Laktoferyna_%E2%80%94_bia%C5%82ko_z_mleka_matki_silniejsze_ni%C5%BC_probiotyki%3F\" target=\"_blank\" rel=\" noreferrer noopener\"><img loading=\"lazy\" decoding=\"async\" width=\"800\" height=\"800\" src=\"https:\/\/swiatsupli.pl\/blog\/wp-content\/uploads\/2026\/04\/wsparcie-odpornosci-laktoferyna-aliness-laktoferyna-100mg-30kaps.webp\" alt=\"\" class=\"wp-image-24263\"\/><\/a><\/figure>\n\n\n\n<p class=\"has-text-align-center\"><a href=\"https:\/\/swiatsupli.pl\/wsparcie-odpornosci-laktoferyna-aliness-laktoferyna-100mg-30kaps\/p5625?utm_source=blog&amp;utm_medium=referral&amp;utm_campaign=Laktoferyna_%E2%80%94_bia%C5%82ko_z_mleka_matki_silniejsze_ni%C5%BC_probiotyki%3F\" target=\"_blank\" rel=\"noreferrer noopener\">Aliness Laktoferyna 100mg 30kaps-KLIKNIJ TUTAJ<\/a><\/p>\n\n\n\n<h2 class=\"wp-block-heading\"><span class=\"ez-toc-section\" id=\"Jak_laktoferyna_wzmacnia_odpornosc\"><\/span><strong>Jak laktoferyna wzmacnia odporno\u015b\u0107? <\/strong><span class=\"ez-toc-section-end\"><\/span><\/h2>\n\n\n\n<p>Laktoferyna nie dzia\u0142a na zasadzie pobudzania odporno\u015bci. A dzia\u0142a na co najmniej czterech konkretnych poziomach, z kt\u00f3rych ka\u017cdy jest przedmiotem bada\u0144 naukowych. Jej dzia\u0142anie wi\u0105\u017ce si\u0119: <\/p>\n\n\n\n<ul class=\"wp-block-list\">\n<li>ze zdolno\u015bci\u0105 do wi\u0105zania \u017celaza, <\/li>\n\n\n\n<li>oddzia\u0142ywaniem na wybrane drobnoustroje, <\/li>\n\n\n\n<li>regulacj\u0105 odpowiedzi immunologicznej. <\/li>\n<\/ul>\n\n\n\n<p>Laktoferyna mo\u017ce r\u00f3wnie\u017c wp\u0142ywa\u0107 na \u015brodowisko jelitowe i sk\u0142ad mikrobioty. Warto wi\u0119c przyjrze\u0107 si\u0119 ka\u017cdemu z tych mechanizm\u00f3w osobno, aby zrozumie\u0107, sk\u0105d wynika zainteresowanie tym bia\u0142kiem.<\/p>\n\n\n\n<h3 class=\"wp-block-heading\"><span class=\"ez-toc-section\" id=\"Jak_laktoferyna_wiaze_zelazo_i_wplywa_na_bakterie\"><\/span><strong>Jak laktoferyna wi\u0105\u017ce \u017celazo i wp\u0142ywa na bakterie?<\/strong><span class=\"ez-toc-section-end\"><\/span><\/h3>\n\n\n\n<p>Bakterie patogenne potrzebuj\u0105 \u017celaza do namna\u017cania si\u0119. Bez \u017celaza nie replikuj\u0105 DNA, nie buduj\u0105 enzym\u00f3w, nie rosn\u0105. Laktoferyna wi\u0105\u017ce \u017celazo, sprawiaj\u0105c, \u017ce bakterie zostaj\u0105 z niczym. Jedno cz\u0105steczkowe bia\u0142ko laktoferyny wi\u0105\u017ce dwa jony \u017celaza Fe\u00b3\u207a. Badanie Valenti i Antonini z <em>BioMetals<\/em> (2005) wykaza\u0142o, \u017ce sam mechanizm chelatowania \u017celaza przez laktoferyn\u0119 wystarcza do zahamowania wzrostu <em>E. coli<\/em>, <em>Staphylococcus aureus<\/em> i <em>Candida albicans<\/em> w warunkach in vitro. Tutaj nie zabijasz bakterii toksyn\u0105, po prostu zabierasz im to, czego potrzebuj\u0105 do \u017cycia.<\/p>\n\n\n\n<h3 class=\"wp-block-heading\"><span class=\"ez-toc-section\" id=\"Jak_laktoferyna_wplywa_na_sciany_komorkowe_bakterii\"><\/span><strong>Jak laktoferyna wp\u0142ywa na \u015bciany kom\u00f3rkowe bakterii?<\/strong><span class=\"ez-toc-section-end\"><\/span><\/h3>\n\n\n\n<p>Laktoferyna ma fragment peptydowy zwany laktoferycyn\u0105, uwalniany jest podczas trawienia w \u017co\u0142\u0105dku. Dzia\u0142a ona jak naturalny antybiotyk: destabilizuje b\u0142on\u0119 zewn\u0119trzn\u0105 bakterii Gram-ujemnych, wi\u0105\u017c\u0105c si\u0119 z lipopolisacharydem (LPS) i zwi\u0119kszaj\u0105c przepuszczalno\u015b\u0107 \u015bciany kom\u00f3rkowej. Badania opublikowane w <em>Antimicrobial Agents and Chemotherapy<\/em> (2002) potwierdzi\u0142y bakteriob\u00f3jcze dzia\u0142anie laktoferycyny wobec szczep\u00f3w opornych na konwencjonalne antybiotyki. To istotne w dobie rosn\u0105cej antybiotykooporno\u015bci, poniewa\u017c laktoferyna dzia\u0142a mechanizmem, na kt\u00f3ry bakterie trudno wytwarzaj\u0105 oporno\u015b\u0107. Ale nale\u017cy pami\u0119ta\u0107, \u017ce dzia\u0142a inaczej ni\u017c <a href=\"https:\/\/swiatsupli.pl\/probiotyki\/c392\">probiotyki<\/a>, kt\u00f3rych zadaniem jest dostarczanie okre\u015blonych \u017cywych mikroorganizm\u00f3w.<\/p>\n\n\n\n<h3 class=\"wp-block-heading\"><span class=\"ez-toc-section\" id=\"Jak_laktoferyna_wplywa_na_uklad_odpornosciowy\"><\/span><strong>Jak laktoferyna wp\u0142ywa na uk\u0142ad odporno\u015bciowy?<\/strong><span class=\"ez-toc-section-end\"><\/span><\/h3>\n\n\n\n<p>Wi\u0119kszo\u015b\u0107 ludzi my\u015bli, \u017ce im odporno\u015b\u0107 silniejsza, tym lepsza. Odporno\u015b\u0107 jednak musi by\u0107 precyzyjna: zbyt s\u0142aba i z\u0142apiesz infekcje, zbyt silna i zaatakujesz w\u0142asne tkanki, czego dowodz\u0105: autoimmunologia, alergie, przewlek\u0142e stany zapalne. Laktoferyna nie stymuluje i nie hamuje uk\u0142adu odporno\u015bciowego, a go reguluje. Badania Legrand i wsp. opublikowane w <em>Biochemistry and Cell Biology<\/em> (2006) wykaza\u0142y, \u017ce laktoferyna aktywuje kom\u00f3rki NK (<em>natural killer<\/em>) i makrofagi w obliczu infekcji, ale jednocze\u015bnie hamuje nadmiern\u0105 produkcj\u0119 cytokin prozapalnych (TNF-\u03b1, IL-6), gdy zapalenie wymyka si\u0119 spod kontroli. To jest fundamentalna r\u00f3\u017cnica mi\u0119dzy laktoferyn\u0105 a klasycznymi boosterami odporno\u015bci, kt\u00f3re zazwyczaj reklamuje si\u0119 jako pobudzaj\u0105ce lub wzmacniaj\u0105ce odporno\u015b\u0107. <\/p>\n\n\n\n<h3 class=\"wp-block-heading\"><span class=\"ez-toc-section\" id=\"Jak_laktoferyna_wplywa_na_mikrobiote_jelitowa\"><\/span><strong>Jak laktoferyna wp\u0142ywa na mikrobiot\u0119 jelitow\u0105?<\/strong><span class=\"ez-toc-section-end\"><\/span><\/h3>\n\n\n\n<p>Laktoferyna w jelitach wspiera wzrost bakterii z rodzaj\u00f3w Bifidobacterium i Lactobacillus, kt\u00f3re naturalnie wyst\u0119puj\u0105 w mikrobiocie cz\u0142owieka, jednocze\u015bnie ograniczaj\u0105c rozw\u00f3j niekt\u00f3rych patogen\u00f3w. Z jednej strony wi\u0105\u017ce \u017celazo, ograniczaj\u0105c jego dost\u0119pno\u015b\u0107 dla cz\u0119\u015bci bakterii chorobotw\u00f3rczych, a z drugiej produkty powstaj\u0105ce podczas jej trawienia mog\u0105 wp\u0142ywa\u0107 na \u015brodowisko mikrobioty jelitowej. Badanie Mastromarino i wsp. z <em>BioMetals<\/em> (2014) wykaza\u0142o, \u017ce laktoferyna dodana do kultur jelitowych zwi\u0119ksza\u0142a proporcj\u0119 Bifidobacterium kosztem <em>Clostridium<\/em> i <em>E. coli<\/em>, bez podawania jakichkolwiek probiotyk\u00f3w. <strong>Laktoferyna nie zast\u0119puje probiotyk\u00f3w, a tworzy warunki, w kt\u00f3rych probiotyki mog\u0105 przetrwa\u0107 i dzia\u0142a\u0107.<\/strong> To r\u00f3\u017cnica mi\u0119dzy posadzeniem ro\u015blin w \u017cyznej glebie a wrzuceniem nasion na beton.<\/p>\n\n\n\n<hr class=\"wp-block-separator has-alpha-channel-opacity\"\/>\n\n\n\n<figure class=\"wp-block-image size-full\"><a href=\"https:\/\/swiatsupli.pl\/wsparcie-mozgu-i-trawienia-probiotyki-activlab-sanbiotics-stress-20kaps\/p8933?utm_source=blog&amp;utm_medium=referral&amp;utm_campaign=Laktoferyna_%E2%80%94_bia%C5%82ko_z_mleka_matki_silniejsze_ni%C5%BC_probiotyki%3F\" target=\"_blank\" rel=\" noreferrer noopener\"><img loading=\"lazy\" decoding=\"async\" width=\"800\" height=\"800\" src=\"https:\/\/swiatsupli.pl\/blog\/wp-content\/uploads\/2026\/04\/wsparcie-mozgu-i-trawienia-probiotyki-activlab-sanbiotics-stress-20kaps.jpg\" alt=\"\" class=\"wp-image-24264\"\/><\/a><\/figure>\n\n\n\n<p class=\"has-text-align-center\"><a href=\"https:\/\/swiatsupli.pl\/wsparcie-mozgu-i-trawienia-probiotyki-activlab-sanbiotics-stress-20kaps\/p8933?utm_source=blog&amp;utm_medium=referral&amp;utm_campaign=Laktoferyna_%E2%80%94_bia%C5%82ko_z_mleka_matki_silniejsze_ni%C5%BC_probiotyki%3F\" target=\"_blank\" rel=\"noreferrer noopener\">Activlab SanBiotics Stress 20kaps-KLIKNIJ TUTAJ<\/a><\/p>\n\n\n\n<h2 class=\"wp-block-heading\"><span class=\"ez-toc-section\" id=\"Laktoferyna_vs_probiotyki_%E2%80%94_czym_rozni_sie_ich_dzialanie\"><\/span><strong>Laktoferyna vs probiotyki \u2014 czym r\u00f3\u017cni si\u0119 ich dzia\u0142anie?<\/strong><span class=\"ez-toc-section-end\"><\/span><\/h2>\n\n\n\n<figure class=\"wp-block-table\"><table class=\"has-fixed-layout\"><thead><tr><th class=\"has-text-align-left\" data-align=\"left\"><strong>Parametr<\/strong><\/th><th class=\"has-text-align-left\" data-align=\"left\"><strong>Laktoferyna<\/strong><\/th><th class=\"has-text-align-left\" data-align=\"left\"><strong>Probiotyki<\/strong><\/th><\/tr><\/thead><tbody><tr><td class=\"has-text-align-left\" data-align=\"left\">Mechanizm<\/td><td class=\"has-text-align-left\" data-align=\"left\">wi\u0105\u017ce \u017celazo, zabija patogeny, moduluje odporno\u015b\u0107, dzia\u0142a prebiotycznie<\/td><td class=\"has-text-align-left\" data-align=\"left\">kolonizacja jelit dobrymi bakteriami, produkcja kwasu mlekowego, konkurencja z patogenami<\/td><\/tr><tr><td class=\"has-text-align-left\" data-align=\"left\">Wp\u0142yw na patogeny<\/td><td class=\"has-text-align-left\" data-align=\"left\">bezpo\u015bredni \u2014 destabilizacja \u015bcian kom\u00f3rkowych, chelatacja \u017celaza<\/td><td class=\"has-text-align-left\" data-align=\"left\">po\u015bredni \u2014 konkurencja o miejsce i zasoby<\/td><\/tr><tr><td class=\"has-text-align-left\" data-align=\"left\">Wp\u0142yw na \u017celazo<\/td><td class=\"has-text-align-left\" data-align=\"left\">wi\u0105\u017ce i transportuje \u017celazo, poprawia wch\u0142anianie<\/td><td class=\"has-text-align-left\" data-align=\"left\">brak istotnego wp\u0142ywu<\/td><\/tr><tr><td class=\"has-text-align-left\" data-align=\"left\">Dzia\u0142anie przeciwwirusowe<\/td><td class=\"has-text-align-left\" data-align=\"left\">tak \u2014 blokuje adhezj\u0119 wirus\u00f3w do kom\u00f3rek (badania na rotawirusach, HSV, HPV)<\/td><td class=\"has-text-align-left\" data-align=\"left\">ograniczone, zale\u017cne od szczepu<\/td><\/tr><tr><td class=\"has-text-align-left\" data-align=\"left\">Efekt w antybiotykoterapii<\/td><td class=\"has-text-align-left\" data-align=\"left\">chroni \u015bluz\u00f3wk\u0119, ogranicza nadka\u017cenia<\/td><td class=\"has-text-align-left\" data-align=\"left\">cz\u0119sto niszczone przez antybiotyk (trzeba podawa\u0107 w odst\u0119pie)<\/td><\/tr><tr><td class=\"has-text-align-left\" data-align=\"left\">Dzia\u0142anie synergiczne<\/td><td class=\"has-text-align-left\" data-align=\"left\">wzmacnia skuteczno\u015b\u0107 probiotyk\u00f3w<\/td><td class=\"has-text-align-left\" data-align=\"left\">wzmacniane przez laktoferyn\u0119<\/td><\/tr><\/tbody><\/table><\/figure>\n\n\n\n<p>Metaanaliza Pammi i Suresh opublikowana w <em>Cochrane Database of Systematic Reviews<\/em> (2020) analizuj\u0105ca zastosowanie laktoferyny u noworodk\u00f3w wykaza\u0142a, \u017ce <strong>suplementacja laktoferyn\u0105 zmniejsza\u0142a ryzyko p\u00f3\u017anej sepsy u wcze\u015bniak\u00f3w<\/strong>. Cho\u0107 dane dotycz\u0105 populacji neonatologicznej, mechanizmy immunomodulacyjne s\u0105 identyczne u doros\u0142ych. Najlepsza strategia na odporno\u015b\u0107? Laktoferyna, kt\u00f3ra czy\u015bci pole + <a href=\"https:\/\/swiatsupli.pl\/aliness-probiobalance-saccharomyces-boulardii-30-kaps\/p8829\">probiotyk<\/a>, kt\u00f3re je zasiedla, z dobrze przebadanymi szczepami (np. <em>Lactobacillus rhamnosus GG<\/em>, <em>Saccharomyces boulardii<\/em>).<\/p>\n\n\n\n<hr class=\"wp-block-separator has-alpha-channel-opacity\"\/>\n\n\n\n<h2 class=\"wp-block-heading\"><span class=\"ez-toc-section\" id=\"Laktoferyna_a_gospodarka_zelazem\"><\/span><strong>Laktoferyna a gospodarka \u017celazem<\/strong><span class=\"ez-toc-section-end\"><\/span><\/h2>\n\n\n\n<p>To jest aspekt, o kt\u00f3rym m\u00f3wi si\u0119 za ma\u0142o. Je\u015bli masz niedob\u00f3r \u017celaza, a ma go statystycznie co trzecia kobieta w wieku reprodukcyjnym, laktoferyna mo\u017ce by\u0107 prze\u0142omowa. Tradycyjna suplementacja \u017celaza (siarczan \u017celaza, fumaran) cz\u0119sto wi\u0105\u017ce si\u0119 z dzia\u0142aniami niepo\u017c\u0105danymi: zaparciami, nudno\u015bciami, b\u00f3lami brzucha czy ciemnym zabarwieniem stolca. Wiele kobiet rezygnuje z suplementacji po kilku dniach ze wzgl\u0119du na dolegliwo\u015bci ze strony przewodu pokarmowego. Badanie Paesano i wsp. opublikowane w <em>International Journal of Immunopathology and Pharmacology<\/em> (2010) por\u00f3wna\u0142o laktoferyn\u0119 z siarczanem \u017celaza u kobiet ci\u0119\u017carnych z anemi\u0105. Wynik: <strong>laktoferyna podnios\u0142a poziom hemoglobiny i ferrytyny r\u00f3wnie skutecznie jak siarczan \u017celaza, ale z istotnie mniejsz\u0105 liczb\u0105 efekt\u00f3w ubocznych ze strony przewodu pokarmowego.<\/strong> Reguluje ona ekspresj\u0119 receptor\u00f3w ferroportyny i hepcydyny, bia\u0142ek kontroluj\u0105cych wch\u0142anianie i dystrybucj\u0119 \u017celaza w organizmie. W uproszczeniu: pomaga Twojemu cia\u0142u lepiej zarz\u0105dza\u0107 \u017celazem, kt\u00f3re ju\u017c jest w diecie, zamiast bombardowa\u0107 jelita nadmiarem minera\u0142u.<\/p>\n\n\n\n<p>Dla kobiet z niedoborem \u017celaza, kt\u00f3re nie toleruj\u0105 klasycznych preparat\u00f3w laktoferyna to idealna alternatywa. Ale zawsze: diagnoza niedoboru \u017celaza wymaga badania krwi (ferrytyna, TIBC, morfologia) i konsultacji z lekarzem, zanim wdro\u017cysz jakiekolwiek <a href=\"https:\/\/swiatsupli.pl\/\">suplementy diety<\/a>, czy to na odporno\u015b\u0107, czy nawet na trawienie.<\/p>\n\n\n\n<hr class=\"wp-block-separator has-alpha-channel-opacity\"\/>\n\n\n\n<h2 class=\"wp-block-heading\"><span class=\"ez-toc-section\" id=\"Czy_laktoferyna_wykazuje_dzialanie_przeciwwirusowe\"><\/span><strong>Czy laktoferyna wykazuje dzia\u0142anie przeciwwirusowe?<\/strong><span class=\"ez-toc-section-end\"><\/span><\/h2>\n\n\n\n<p>Laktoferyna wykazuje aktywno\u015b\u0107 przeciwwirusow\u0105 w badaniach laboratoryjnych, jednak nie oznacza to, \u017ce suplementacja laktoferyn\u0105 chroni przed infekcjami wirusowymi. Jednym z badanych mechanizm\u00f3w jest utrudnianie wirusom przy\u0142\u0105czania si\u0119 do powierzchni kom\u00f3rek gospodarza, co mo\u017ce ogranicza\u0107 ich wnikanie do kom\u00f3rek i dalsze namna\u017canie. W badaniach in vitro obserwowano aktywno\u015b\u0107 laktoferyny wobec r\u00f3\u017cnych wirus\u00f3w, takich jak HSV-1 i HSV-2, rotawirus\u00f3w, adenowirus\u00f3w, HCV czy HPV. Wyniki te pomagaj\u0105 wyja\u015bni\u0107 potencjalne mechanizmy dzia\u0142ania laktoferyny, ale nie mo\u017cna ich bezpo\u015brednio przek\u0142ada\u0107 na skuteczno\u015b\u0107 suplementacji u cz\u0142owieka. Wi\u0119kszo\u015b\u0107 danych dotycz\u0105cych przeciwwirusowego dzia\u0142ania laktoferyny pochodzi z bada\u0144 in vitro oraz bada\u0144 przedklinicznych. Badania z udzia\u0142em ludzi s\u0105 bardziej ograniczone, dlatego obecnie nie ma podstaw, aby traktowa\u0107 laktoferyn\u0119 jako spos\u00f3b leczenia lub zapobiegania infekcjom wirusowym. Nie zast\u0119puje ona szczepie\u0144 ani lek\u00f3w przeciwwirusowych stosowanych zgodnie ze wskazaniami.<\/p>\n\n\n\n<hr class=\"wp-block-separator has-alpha-channel-opacity\"\/>\n\n\n\n<h2 class=\"wp-block-heading\"><span class=\"ez-toc-section\" id=\"Tabela_dawkowania_laktoferyny\"><\/span><strong>Tabela dawkowania laktoferyny<\/strong><span class=\"ez-toc-section-end\"><\/span><\/h2>\n\n\n\n<figure class=\"wp-block-table\"><table class=\"has-fixed-layout\"><thead><tr><th><strong>Cel<\/strong><\/th><th><strong>Dawka dzienna<\/strong><\/th><th><strong>Forma<\/strong><\/th><th><strong>Kiedy bra\u0107<\/strong><\/th><th><strong>Uwagi<\/strong><\/th><\/tr><\/thead><tbody><tr><td>Og\u00f3lne wsparcie odporno\u015bci<\/td><td>100\u2013200 mg<\/td><td>laktoferyna bydl\u0119ca (bLF)<\/td><td>rano na czczo lub 30 min przed posi\u0142kiem<\/td><td>na czczo = lepsza biodost\u0119pno\u015b\u0107<\/td><\/tr><tr><td>Wsparcie w sezonie infekcji<\/td><td>200\u2013400 mg<\/td><td>bLF<\/td><td>podzielona na 2 dawki (rano + wiecz\u00f3r)<\/td><td>stosuj od pa\u017adziernika do marca<\/td><\/tr><tr><td>Niedob\u00f3r \u017celaza (jako wspomaganie)<\/td><td>200\u2013400 mg<\/td><td>bLF<\/td><td>na czczo<\/td><td>nie zast\u0119puje diagnozy i terapii lekarskiej<\/td><\/tr><tr><td>Wsparcie po antybiotykoterapii<\/td><td>200\u2013300 mg + probiotyk<\/td><td>bLF<\/td><td>na czczo (laktoferyna) + z posi\u0142kiem (probiotyk)<\/td><td>minimum 4 tygodnie<\/td><\/tr><tr><td>Jelita i flora bakteryjna<\/td><td>100\u2013200 mg<\/td><td>bLF<\/td><td>rano na czczo<\/td><td>\u0142\u0105cz z probiotykiem wieloszczepowym<\/td><\/tr><\/tbody><\/table><\/figure>\n\n\n\n<p><strong>Uwaga o formie:<\/strong> suplementy zawieraj\u0105 laktoferyn\u0119 bydl\u0119c\u0105 (bLF, <em>bovine lactoferrin<\/em>), kt\u00f3ra jest strukturalnie zbli\u017cona do ludzkiej w ~70% i wykazuje identyczne mechanizmy dzia\u0142ania. Wi\u0119kszo\u015b\u0107 bada\u0144 klinicznych prowadzono w\u0142a\u015bnie na bLF.<\/p>\n\n\n\n<p><strong>Na czczo vs z posi\u0142kiem:<\/strong> laktoferyna podana na czczo ma wy\u017csz\u0105 biodost\u0119pno\u015b\u0107, bo nie jest rozk\u0142adana przez enzymy trawienne wsp\u00f3lnie z innymi bia\u0142kami posi\u0142ku. Je\u015bli masz wra\u017cliwy \u017co\u0142\u0105dek mo\u017cesz bra\u0107 j\u0105 z lekkim posi\u0142kiem, ale efekt mo\u017ce by\u0107 nieco s\u0142abszy.<\/p>\n\n\n\n<hr class=\"wp-block-separator has-alpha-channel-opacity\"\/>\n\n\n\n<figure class=\"wp-block-image size-full\"><a href=\"https:\/\/swiatsupli.pl\/prawidlowe-trawienie-probiotyki-olimp-colonbiotic-7gg-sport-edition-30kaps\/p2079?utm_source=blog&amp;utm_medium=referral&amp;utm_campaign=Laktoferyna_%E2%80%94_bia%C5%82ko_z_mleka_matki_silniejsze_ni%C5%BC_probiotyki%3F\" target=\"_blank\" rel=\" noreferrer noopener\"><img loading=\"lazy\" decoding=\"async\" width=\"800\" height=\"800\" src=\"https:\/\/swiatsupli.pl\/blog\/wp-content\/uploads\/2026\/04\/prawidlowe-trawienie-probiotyki-olimp-colonbiotic-7gg-sport-edition-30kaps.jpg\" alt=\"\" class=\"wp-image-24265\"\/><\/a><\/figure>\n\n\n\n<p class=\"has-text-align-center\"><a href=\"https:\/\/swiatsupli.pl\/prawidlowe-trawienie-probiotyki-olimp-colonbiotic-7gg-sport-edition-30kaps\/p2079?utm_source=blog&amp;utm_medium=referral&amp;utm_campaign=Laktoferyna_%E2%80%94_bia%C5%82ko_z_mleka_matki_silniejsze_ni%C5%BC_probiotyki%3F\" target=\"_blank\" rel=\"noreferrer noopener\">Olimp Colonbiotic 7GG Sport Edition 30kaps-KLIKNIJ TUTAJ<\/a><\/p>\n\n\n\n<h2 class=\"wp-block-heading\"><span class=\"ez-toc-section\" id=\"5_najczestszych_bledow_w_suplementacji_laktoferyny\"><\/span><strong>5 najcz\u0119stszych b\u0142\u0119d\u00f3w w suplementacji laktoferyny<\/strong><span class=\"ez-toc-section-end\"><\/span><\/h2>\n\n\n\n<p>Przyjmowanie laktoferyny nie jest skomplikowane, jednak przy wyborze i stosowaniu suplementu warto zwr\u00f3ci\u0107 uwag\u0119 na kilka element\u00f3w. Znaczenie maj\u0105 przede wszystkim zawarto\u015b\u0107 laktoferyny w porcji, sk\u0142ad produktu oraz spos\u00f3b stosowania wskazany przez producenta. Jakich b\u0142\u0119d\u00f3w warto unika\u0107?<\/p>\n\n\n\n<h3 class=\"wp-block-heading\"><span class=\"ez-toc-section\" id=\"Blad_1_Wybor_produktu_bez_sprawdzenia_zawartosci_laktoferyny\"><\/span>B\u0142\u0105d 1: Wyb\u00f3r produktu bez sprawdzenia zawarto\u015bci laktoferyny<span class=\"ez-toc-section-end\"><\/span><\/h3>\n\n\n\n<p>Laktoferyna naturalnie wyst\u0119puje mi\u0119dzy innymi w mleku, jednak jej ilo\u015b\u0107 r\u00f3\u017cni si\u0119 w zale\u017cno\u015bci od jego rodzaju i pochodzenia. Suplement pozwala natomiast dok\u0142adnie okre\u015bli\u0107, ile laktoferyny znajduje si\u0119 w jednej porcji. Przed zakupem sprawd\u017a wi\u0119c nie tylko nazw\u0119 produktu, ale przede wszystkim ilo\u015b\u0107 tego sk\u0142adnika podan\u0105 na etykiecie.<\/p>\n\n\n\n<h3 class=\"wp-block-heading\"><span class=\"ez-toc-section\" id=\"Blad_2_Przyjmowanie_laktoferyny_niezgodnie_z_zaleceniami_producenta\"><\/span>B\u0142\u0105d 2: Przyjmowanie laktoferyny niezgodnie z zaleceniami producenta<span class=\"ez-toc-section-end\"><\/span><\/h3>\n\n\n\n<p>Nie ma jednej uniwersalnej pory przyjmowania laktoferyny odpowiedniej dla ka\u017cdego preparatu. Produkty mog\u0105 r\u00f3\u017cni\u0107 si\u0119 form\u0105, porcj\u0105 oraz dodatkowymi sk\u0142adnikami, dlatego zamiast kierowa\u0107 si\u0119 zasad\u0105 zawsze na czczo, sprawd\u017a spos\u00f3b stosowania podany przez producenta. Nie zwi\u0119kszaj te\u017c samodzielnie zalecanej dziennej porcji.<\/p>\n\n\n\n<h3 class=\"wp-block-heading\"><span class=\"ez-toc-section\" id=\"Blad_3_Oczekiwanie_natychmiastowych_efektow_suplementacji\"><\/span>B\u0142\u0105d 3: Oczekiwanie natychmiastowych efekt\u00f3w suplementacji<span class=\"ez-toc-section-end\"><\/span><\/h3>\n\n\n\n<p>Laktoferyna nie jest \u015brodkiem, kt\u00f3rego dzia\u0142anie nale\u017cy ocenia\u0107 po jednej lub kilku porcjach. Czas stosowania w badaniach r\u00f3\u017cni si\u0119 w zale\u017cno\u015bci od analizowanego efektu, badanej grupy i zastosowanej ilo\u015bci laktoferyny. Dlatego nie mo\u017cna przyj\u0105\u0107 jednej zasady, zgodnie z kt\u00f3r\u0105 jej efekty pojawi\u0105 si\u0119 np. dok\u0142adnie po 4 czy 8 tygodniach.<\/p>\n\n\n\n<h3 class=\"wp-block-heading\"><span class=\"ez-toc-section\" id=\"Blad_4_Traktowanie_laktoferyny_jako_zamiennika_probiotyku\"><\/span>B\u0142\u0105d 4: Traktowanie laktoferyny jako zamiennika probiotyku<span class=\"ez-toc-section-end\"><\/span><\/h3>\n\n\n\n<p>Laktoferyna i probiotyki nie s\u0105 tym samym i nie nale\u017cy traktowa\u0107 ich zamiennie. Laktoferyna jest bia\u0142kiem, natomiast probiotyki zawieraj\u0105 \u017cywe mikroorganizmy okre\u015blonych szczep\u00f3w. Ich mechanizmy dzia\u0142ania s\u0105 wi\u0119c inne. To, czy w danym przypadku istnieje potrzeba stosowania jednego lub obu produkt\u00f3w, zale\u017cy od celu suplementacji.<\/p>\n\n\n\n<h3 class=\"wp-block-heading\"><span class=\"ez-toc-section\" id=\"Blad_5_Wybor_laktoferyny_wylacznie_na_podstawie_ceny\"><\/span>B\u0142\u0105d 5: Wyb\u00f3r laktoferyny wy\u0142\u0105cznie na podstawie ceny<span class=\"ez-toc-section-end\"><\/span><\/h3>\n\n\n\n<p>Przy por\u00f3wnywaniu produkt\u00f3w sprawd\u017a przede wszystkim ilo\u015b\u0107 laktoferyny w porcji, zalecan\u0105 dzienn\u0105 porcj\u0119 oraz pe\u0142ny sk\u0142ad preparatu. Zwr\u00f3\u0107 r\u00f3wnie\u017c uwag\u0119 na informacje producenta dotycz\u0105ce pochodzenia i jako\u015bci zastosowanego surowca. Dzi\u0119ki temu mo\u017cesz por\u00f3wna\u0107 produkty na podstawie konkretnych parametr\u00f3w, a nie wy\u0142\u0105cznie ceny opakowania.<\/p>\n\n\n\n<hr class=\"wp-block-separator has-alpha-channel-opacity\"\/>\n\n\n\n<h2 class=\"wp-block-heading\"><span class=\"ez-toc-section\" id=\"Kto_powinien_rozwazyc_suplementacje_laktoferyny\"><\/span><strong>Kto powinien rozwa\u017cy\u0107 suplementacj\u0119 laktoferyny?<\/strong><span class=\"ez-toc-section-end\"><\/span><\/h2>\n\n\n\n<p>Laktoferyna to nie suplement dla wszystkich. Jej suplementacj\u0119 warto rozwa\u017cy\u0107 przede wszystkim w okre\u015blonych sytuacjach i dopasowa\u0107 do indywidualnych potrzeb.<\/p>\n\n\n\n<ul class=\"wp-block-list\">\n<li><strong>Osoby cz\u0119sto choruj\u0105ce<\/strong> \u2014 je\u015bli masz wi\u0119cej ni\u017c 4 infekcje dr\u00f3g oddechowych rocznie;<\/li>\n\n\n\n<li><strong>Kobiety z niedoborem \u017celaza<\/strong> \u2014 szczeg\u00f3lnie te, kt\u00f3re nie toleruj\u0105 klasycznych preparat\u00f3w \u017celaza;<\/li>\n\n\n\n<li><strong>Osoby po antybiotykoterapii<\/strong> \u2014 laktoferyna + probiotyk to jeden z lepiej udokumentowanych protoko\u0142\u00f3w odbudowy flory;<\/li>\n\n\n\n<li><strong>Sportowcy w okresach intensywnego treningu<\/strong> \u2014 du\u017ce obci\u0105\u017cenia treningowe tymczasowo obni\u017caj\u0105 odporno\u015b\u0107;<\/li>\n\n\n\n<li><strong>Rodzice ma\u0142ych dzieci<\/strong> \u2014 nara\u017ceni na ci\u0105g\u0142y kontakt z patogenami z przedszkola i szko\u0142y;<\/li>\n\n\n\n<li><strong>Osoby 60+<\/strong> \u2014 immunosenescencja (starzenie si\u0119 uk\u0142adu odporno\u015bciowego) sprawia, \u017ce mechanizmy obronne s\u0142abn\u0105;<\/li>\n<\/ul>\n\n\n\n<hr class=\"wp-block-separator has-alpha-channel-opacity\"\/>\n\n\n\n<h2 class=\"wp-block-heading\"><span class=\"ez-toc-section\" id=\"Bezpieczenstwo_i_interakcje_z_laktoferyna_%E2%80%94_o_czym_pamietac\"><\/span><strong>Bezpiecze\u0144stwo i interakcje z laktoferyn\u0105 \u2014 o czym pami\u0119ta\u0107?<\/strong><span class=\"ez-toc-section-end\"><\/span><\/h2>\n\n\n\n<p>Laktoferyna bydl\u0119ca ma status GRAS (<em>Generally Recognized As Safe<\/em>) przyznany przez FDA i jest stosowana w suplementach, \u017cywno\u015bci dla niemowl\u0105t i produktach mlecznych na ca\u0142ym \u015bwiecie. W badaniach klinicznych dawki do 600 mg dziennie nie wywo\u0142ywa\u0142y istotnych efekt\u00f3w ubocznych.<\/p>\n\n\n\n<p>Kilka zastrze\u017ce\u0144:<\/p>\n\n\n\n<ul class=\"wp-block-list\">\n<li><strong>Alergia na bia\u0142ka mleka krowiego<\/strong> \u2014 laktoferyna jest bia\u0142kiem mleka. Je\u015bli masz potwierdzon\u0105 alergi\u0119 na kazeiny lub bia\u0142ka serwatkowe, laktoferyna mo\u017ce wywo\u0142a\u0107 reakcj\u0119. Nietolerancja laktozy <span style=\"text-decoration: underline;\">nie jest<\/span> przeciwwskazaniem, a sama laktoferyna nie zawiera laktozy.<\/li>\n\n\n\n<li><strong>Leki immunosupresyjne<\/strong> \u2014 skoro laktoferyna moduluje odporno\u015b\u0107, teoretycznie mo\u017ce wp\u0142ywa\u0107 na dzia\u0142anie lek\u00f3w t\u0142umi\u0105cych uk\u0142ad odporno\u015bciowy (po transplantacji, w chorobach autoimmunologicznych). Skonsultuj z lekarzem.<\/li>\n\n\n\n<li><strong>Suplementacja \u017celaza<\/strong> \u2014 je\u015bli bierzesz jednocze\u015bnie laktoferyn\u0119 i preparaty \u017celaza, porozmawiaj z lekarzem o dawkowaniu. Laktoferyna wp\u0142ywa na wch\u0142anianie \u017celaza i potencjalnie zmienia farmakokinetyk\u0119 preparat\u00f3w.<\/li>\n\n\n\n<li><strong>Ci\u0105\u017ca i karmienie piersi\u0105:<\/strong> badania Paesano i wsp. prowadzone by\u0142y w\u0142a\u015bnie na kobietach ci\u0119\u017carnych i wykaza\u0142y dobry profil bezpiecze\u0144stwa,, ale mimo to ka\u017cd\u0105 suplementacj\u0119 w ci\u0105\u017cy konsultuj z ginekologiem prowadz\u0105cym.<\/li>\n<\/ul>\n\n\n\n<h2 class=\"wp-block-heading\"><span class=\"ez-toc-section\" id=\"Podsumowanie\"><\/span>Podsumowanie<span class=\"ez-toc-section-end\"><\/span><\/h2>\n\n\n\n<p>Laktoferyna to naturalnie wyst\u0119puj\u0105ce bia\u0142ko, kt\u00f3rego w\u0142a\u015bciwo\u015bci s\u0105 zwi\u0105zane: z wi\u0105zaniem \u017celaza, odpowiedzi\u0105 immunologiczn\u0105 oraz oddzia\u0142ywaniem na mikroorganizmy. Badania analizuj\u0105 r\u00f3wnie\u017c jej zwi\u0105zek z mikrobiot\u0105 jelitow\u0105 i potencjaln\u0105 aktywno\u015b\u0107 przeciwwirusow\u0105, jednak cz\u0119\u015b\u0107 tych danych pochodzi z bada\u0144 laboratoryjnych i nie mo\u017cna ich bezpo\u015brednio przek\u0142ada\u0107 na skuteczno\u015b\u0107 suplementacji u cz\u0142owieka. Laktoferyna nie jest zamiennikiem probiotyk\u00f3w, preparat\u00f3w \u017celaza ani leczenia zaleconego przez lekarza. Je\u015bli rozwa\u017casz jej suplementacj\u0119, zwr\u00f3\u0107 uwag\u0119 na ilo\u015b\u0107 laktoferyny w porcji, pe\u0142ny sk\u0142ad preparatu oraz spos\u00f3b stosowania wskazany przez producenta. Szczeg\u00f3lnej konsultacji wymaga jej stosowanie u dzieci oraz w przypadku niedoboru \u017celaza, anemii lub innych problem\u00f3w zdrowotnych.<\/p>\n\n\n\n<hr class=\"wp-block-separator has-alpha-channel-opacity\"\/>\n\n\n\n<h2 class=\"wp-block-heading\"><span class=\"ez-toc-section\" id=\"FAQ_%E2%80%93_najczesciej_zadawane_pytania_o_laktoferyna\"><\/span>FAQ &#8211; najcz\u0119\u015bciej zadawane pytania o laktoferyn\u0105<span class=\"ez-toc-section-end\"><\/span><\/h2>\n\n\n\n<h3 class=\"wp-block-heading\"><span class=\"ez-toc-section\" id=\"Czy_laktoferyna_jest_lepsza_niz_probiotyki\"><\/span>Czy laktoferyna jest lepsza ni\u017c probiotyki?<span class=\"ez-toc-section-end\"><\/span><\/h3>\n\n\n\n<p>Nie. Laktoferyna i probiotyki dzia\u0142aj\u0105 w inny spos\u00f3b, dlatego nie nale\u017cy traktowa\u0107 ich jako zamiennik\u00f3w. Laktoferyna jest bia\u0142kiem o w\u0142a\u015bciwo\u015bciach biologicznych, natomiast probiotyki zawieraj\u0105 \u017cywe mikroorganizmy okre\u015blonych szczep\u00f3w.<\/p>\n\n\n\n<h3 class=\"wp-block-heading\"><span class=\"ez-toc-section\" id=\"Czy_mozna_stosowac_laktoferyne_przy_nietolerancji_laktozy\"><\/span>Czy mo\u017cna stosowa\u0107 laktoferyn\u0119 przy nietolerancji laktozy?<span class=\"ez-toc-section-end\"><\/span><\/h3>\n\n\n\n<p>Nietolerancja laktozy dotyczy cukru mlecznego, natomiast laktoferyna jest bia\u0142kiem. Nie oznacza to jednak, \u017ce ka\u017cdy suplement z laktoferyn\u0105 jest automatycznie pozbawiony laktozy, nale\u017cy sprawdzi\u0107 sk\u0142ad i informacje producenta. <\/p>\n\n\n\n<h3 class=\"wp-block-heading\"><span class=\"ez-toc-section\" id=\"Jak_dlugo_mozna_stosowac_laktoferyne\"><\/span>Jak d\u0142ugo mo\u017cna stosowa\u0107 laktoferyn\u0119?<span class=\"ez-toc-section-end\"><\/span><\/h3>\n\n\n\n<p>Nie ma jednego okresu suplementacji odpowiedniego dla ka\u017cdego. Czas stosowania laktoferyny zale\u017cy r\u00f3wnie\u017c od celu suplementacji, zastosowanej ilo\u015bci oraz konkretnego preparatu. Najlepiej stosowa\u0107 produkt zgodnie z zaleceniami producenta, a d\u0142u\u017csz\u0105 suplementacj\u0119, szczeg\u00f3lnie zwi\u0105zan\u0105 z konkretnym problemem zdrowotnym, om\u00f3wi\u0107 z lekarzem.<\/p>\n\n\n\n<h3 class=\"wp-block-heading\"><span class=\"ez-toc-section\" id=\"Czy_laktoferyne_mozna_podawac_dzieciom\"><\/span>Czy laktoferyn\u0119 mo\u017cna podawa\u0107 dzieciom?<span class=\"ez-toc-section-end\"><\/span><\/h3>\n\n\n\n<p>Na rynku dost\u0119pne s\u0105 suplementy zawieraj\u0105ce laktoferyn\u0119 przeznaczone r\u00f3wnie\u017c dla dzieci, jednak mo\u017cliwo\u015b\u0107 ich stosowania zale\u017cy od wieku dziecka i zalece\u0144 dotycz\u0105cych konkretnego preparatu. Suplementacji u niemowl\u0105t i ma\u0142ych dzieci nie nale\u017cy dobiera\u0107 samodzielnie, a skonsultowa\u0107 z pediatr\u0105.<\/p>\n\n\n\n<h3 class=\"wp-block-heading\"><span class=\"ez-toc-section\" id=\"Czy_laktoferyna_moze_zastapic_zelazo_przy_niedoborze_lub_anemii\"><\/span>Czy laktoferyna mo\u017ce zast\u0105pi\u0107 \u017celazo przy niedoborze lub anemii?<span class=\"ez-toc-section-end\"><\/span><\/h3>\n\n\n\n<p>Laktoferyny nie nale\u017cy samodzielnie traktowa\u0107 jako zamiennika preparatu \u017celaza zaleconego w przypadku niedoboru lub anemii. Badania analizuj\u0105 jej wp\u0142yw na gospodark\u0119 \u017celazem, jednak spos\u00f3b post\u0119powania zale\u017cy od przyczyny i stopnia niedoboru oraz wynik\u00f3w bada\u0144. W przypadku nieprawid\u0142owego poziomu ferrytyny, hemoglobiny lub innych parametr\u00f3w decyzj\u0119 o suplementacji powinien podj\u0105\u0107 lekarz.<\/p>\n\n\n\n<h2 class=\"wp-block-heading\"><span class=\"ez-toc-section\" id=\"Bibliografia\"><\/span><strong>Bibliografia<\/strong><span class=\"ez-toc-section-end\"><\/span><\/h2>\n\n\n\n<ol class=\"wp-block-list\">\n<li>Legrand D., Elass E., Carpentier M., Mazurier J. \u2014 <em>Lactoferrin: a modulator of immune and inflammatory responses.<\/em> Cellular and Molecular Life Sciences, 2005; 62(22): 2576\u20132587.<\/li>\n\n\n\n<li>Valenti P., Antonini G. \u2014 <em>Lactoferrin: an important host defence against microbial and viral attack.<\/em> BioMetals, 2005; 18(3): 265\u2013278.<\/li>\n\n\n\n<li>Paesano R., Torcia F., Berlutti F. et al. \u2014 <em>Oral administration of lactoferrin increases hemoglobin and total serum iron in pregnant women.<\/em> Biochemistry and Cell Biology, 2006; 84(3): 377\u2013380.<\/li>\n\n\n\n<li>Paesano R., Pacifici E., Benedetti S. et al. \u2014 <em>Safety and efficacy of lactoferrin versus ferrous sulfate in curing iron deficiency and iron deficiency anaemia in hereditary thrombophilia pregnant women.<\/em> International Journal of Immunopathology and Pharmacology, 2010; 23(4): 1091\u20131104.<\/li>\n\n\n\n<li>Legrand D., Pierce A., Elass E. et al. \u2014 <em>Lactoferrin structure and functions.<\/em> Advances in Experimental Medicine and Biology, 2008; 606: 163\u2013194.<\/li>\n\n\n\n<li>Mastromarino P., Capobianco D., Campagna G. et al. \u2014 <em>Correlation between lactoferrin and beneficial microbiota in breast milk and infant&#8217;s feces.<\/em> BioMetals, 2014; 27(5): 1077\u20131086.<\/li>\n\n\n\n<li>Wakabayashi H., Oda H., Yamauchi K., Abe F. \u2014 <em>Lactoferrin for prevention of common viral infections.<\/em> Journal of Infection and Chemotherapy, 2014; 20(11): 666\u2013671.<\/li>\n\n\n\n<li>Pammi M., Suresh G. \u2014 <em>Enteral lactoferrin supplementation for prevention of sepsis and necrotizing enterocolitis in preterm infants.<\/em> Cochrane Database of Systematic Reviews, 2020; 3: CD007137.<\/li>\n\n\n\n<li>Tomita M., Bellamy W., Takase M. et al. \u2014 <em>Potent antibacterial peptides generated by pepsin digestion of bovine lactoferrin.<\/em> Journal of Dairy Science, 1991; 74(12): 4137\u20134142.<\/li>\n\n\n\n<li>Bellamy W., Takase M., Yamauchi K. et al. \u2014 <em>Identification of the bactericidal domain of lactoferrin.<\/em> Biochimica et Biophysica Acta, 1992; 1121(1\u20132): 130\u2013136.<\/li>\n\n\n\n<li>Ochoa T.J., Pezo A., Cruz K. et al. \u2014 <em>Clinical studies of lactoferrin in the treatment of children with diarrhea.<\/em> Biochemistry and Cell Biology, 2012; 90(3): 457\u2013467.<\/li>\n\n\n\n<li>Superti F., Ammendolia M.G., Valenti P., Seganti L. \u2014 <em>Antirotaviral activity of milk proteins: lactoferrin prevents rotavirus infection in the enterocyte-like cell line HT-29.<\/em> Medical Microbiology and Immunology, 1997; 186(2\u20133): 83\u201391.<\/li>\n\n\n\n<li>Actor J.K., Hwang S.A., Kruzel M.L. \u2014 <em>Lactoferrin as a natural immune modulator.<\/em> Current Pharmaceutical Design, 2009; 15(17): 1956\u20131973.<\/li>\n\n\n\n<li>Marchetti M., Longhi C., Conte M.P. et al. \u2014 <em>Lactoferrin inhibits herpes simplex virus type 1 adsorption to Vero cells.<\/em> Antiviral Research, 1996; 29(2\u20133): 221\u2013231.<\/li>\n\n\n\n<li>Rosa L., Cutone A., Lepanto M.S. et al. \u2014 <em>Lactoferrin: a natural glycoprotein involved in iron and inflammatory homeostasis.<\/em> International Journal of Molecular Sciences, 2017; 18(9): 1985.<\/li>\n<\/ol>\n","protected":false},"excerpt":{"rendered":"<p>Laktoferyna to naturalnie wyst\u0119puj\u0105ce bia\u0142ko, kt\u00f3re znajdziemy mi\u0119dzy innymi w mleku kobiecym. Wi\u0105\u017ce \u017celazo i uczestniczy w mechanizmach zwi\u0105zanych z funkcjonowaniem uk\u0142adu odporno\u015bciowego oraz r\u00f3wnowag\u0105 mikrobiologiczn\u0105 organizmu. Z tego powodu coraz cz\u0119\u015bciej pojawia si\u0119 r\u00f3wnie\u017c&#8230;<\/p>\n","protected":false},"author":6,"featured_media":24262,"comment_status":"closed","ping_status":"closed","sticky":false,"template":"","format":"standard","meta":{"_editorskit_title_hidden":false,"_editorskit_reading_time":0,"_editorskit_is_block_options_detached":false,"_editorskit_block_options_position":"{}","inline_featured_image":false,"rop_custom_images_group":[],"rop_custom_messages_group":[],"rop_publish_now":"yes","rop_publish_now_accounts":[],"rop_publish_now_history":[],"rop_publish_now_status":"pending","footnotes":""},"categories":[1393],"tags":[3675,1650,34,74,42],"class_list":{"0":"post-24261","1":"post","2":"type-post","3":"status-publish","4":"format-standard","5":"has-post-thumbnail","7":"category-zdrowie","8":"tag-dieta-2","9":"tag-laktoferyna","10":"tag-polecamy","11":"tag-suplementy","12":"tag-zdrowie"},"yoast_head":"<!-- This site is optimized with the Yoast SEO plugin v28.2 - https:\/\/yoast.com\/product\/yoast-seo-wordpress\/ -->\n<title>Laktoferyna \u2014 bia\u0142ko z mleka matki silniejsze ni\u017c probiotyki? - Blog \u015awiat Supli<\/title>\n<meta name=\"description\" content=\"Czym jest laktoferyna i jak dzia\u0142a? Sprawd\u017a jak stosowa\u0107 laktoferyn\u0119 i jaki ma wp\u0142yw na odporno\u015b\u0107, mikrobiot\u0119 i gospodark\u0119 \u017celazem oraz.\" \/>\n<meta name=\"robots\" content=\"index, follow, max-snippet:-1, max-image-preview:large, max-video-preview:-1\" \/>\n<link rel=\"canonical\" href=\"https:\/\/swiatsupli.pl\/blog\/laktoferyna-bialko-z-mleka-matki-silniejsze-niz-probiotyki\/\" \/>\n<meta property=\"og:locale\" content=\"pl_PL\" \/>\n<meta property=\"og:type\" content=\"article\" \/>\n<meta property=\"og:title\" content=\"Laktoferyna \u2014 bia\u0142ko z mleka matki silniejsze ni\u017c probiotyki? - Blog \u015awiat Supli\" \/>\n<meta property=\"og:description\" content=\"Czym jest laktoferyna i jak dzia\u0142a? Sprawd\u017a jak stosowa\u0107 laktoferyn\u0119 i jaki ma wp\u0142yw na odporno\u015b\u0107, mikrobiot\u0119 i gospodark\u0119 \u017celazem oraz.\" \/>\n<meta property=\"og:url\" content=\"https:\/\/swiatsupli.pl\/blog\/laktoferyna-bialko-z-mleka-matki-silniejsze-niz-probiotyki\/\" \/>\n<meta property=\"og:site_name\" content=\"Blog \u015awiat Supli\" \/>\n<meta property=\"article:publisher\" content=\"https:\/\/www.facebook.com\/Swiat.Supli\" \/>\n<meta property=\"article:published_time\" content=\"2026-04-11T10:18:23+00:00\" \/>\n<meta property=\"article:modified_time\" content=\"2026-08-24T10:44:15+00:00\" \/>\n<meta property=\"og:image\" content=\"https:\/\/swiatsupli.pl\/blog\/wp-content\/uploads\/2026\/04\/Laktoferyna-\u2014-bialko-z-mleka-matki-silniejsze-niz-probiotyki.jpg\" \/>\n\t<meta property=\"og:image:width\" content=\"1366\" \/>\n\t<meta property=\"og:image:height\" content=\"768\" \/>\n\t<meta property=\"og:image:type\" content=\"image\/jpeg\" \/>\n<meta name=\"author\" content=\"Pawe\u0142 Lisowski\" \/>\n<meta name=\"twitter:card\" content=\"summary_large_image\" \/>\n<meta name=\"twitter:creator\" content=\"@SwiatSupli\" \/>\n<meta name=\"twitter:site\" content=\"@SwiatSupli\" \/>\n<meta name=\"twitter:label1\" content=\"Napisane przez\" \/>\n\t<meta name=\"twitter:data1\" content=\"Pawe\u0142 Lisowski\" \/>\n\t<meta name=\"twitter:label2\" content=\"Szacowany czas czytania\" \/>\n\t<meta name=\"twitter:data2\" content=\"17 minut\" \/>\n<script type=\"application\/ld+json\" class=\"yoast-schema-graph\">{\"@context\":\"https:\\\/\\\/schema.org\",\"@graph\":[{\"@type\":\"Article\",\"@id\":\"https:\\\/\\\/swiatsupli.pl\\\/blog\\\/laktoferyna-bialko-z-mleka-matki-silniejsze-niz-probiotyki\\\/#article\",\"isPartOf\":{\"@id\":\"https:\\\/\\\/swiatsupli.pl\\\/blog\\\/laktoferyna-bialko-z-mleka-matki-silniejsze-niz-probiotyki\\\/\"},\"author\":{\"name\":\"Pawe\u0142 Lisowski\",\"@id\":\"https:\\\/\\\/swiatsupli.pl\\\/blog\\\/#\\\/schema\\\/person\\\/b92e54cf03cf0b288057351cf090e58a\"},\"headline\":\"Laktoferyna \u2014 bia\u0142ko z mleka matki silniejsze ni\u017c probiotyki?\",\"datePublished\":\"2026-04-11T10:18:23+00:00\",\"dateModified\":\"2026-08-24T10:44:15+00:00\",\"mainEntityOfPage\":{\"@id\":\"https:\\\/\\\/swiatsupli.pl\\\/blog\\\/laktoferyna-bialko-z-mleka-matki-silniejsze-niz-probiotyki\\\/\"},\"wordCount\":3015,\"publisher\":{\"@id\":\"https:\\\/\\\/swiatsupli.pl\\\/blog\\\/#organization\"},\"image\":{\"@id\":\"https:\\\/\\\/swiatsupli.pl\\\/blog\\\/laktoferyna-bialko-z-mleka-matki-silniejsze-niz-probiotyki\\\/#primaryimage\"},\"thumbnailUrl\":\"https:\\\/\\\/swiatsupli.pl\\\/blog\\\/wp-content\\\/uploads\\\/2026\\\/04\\\/Laktoferyna-\u2014-bialko-z-mleka-matki-silniejsze-niz-probiotyki.jpg\",\"keywords\":[\"Diet\u0105\",\"laktoferyna\",\"Polecamy\",\"suplementy\",\"Zdrowie\"],\"articleSection\":[\"Zdrowie\"],\"inLanguage\":\"pl-PL\"},{\"@type\":\"WebPage\",\"@id\":\"https:\\\/\\\/swiatsupli.pl\\\/blog\\\/laktoferyna-bialko-z-mleka-matki-silniejsze-niz-probiotyki\\\/\",\"url\":\"https:\\\/\\\/swiatsupli.pl\\\/blog\\\/laktoferyna-bialko-z-mleka-matki-silniejsze-niz-probiotyki\\\/\",\"name\":\"Laktoferyna \u2014 bia\u0142ko z mleka matki silniejsze ni\u017c probiotyki? - Blog \u015awiat Supli\",\"isPartOf\":{\"@id\":\"https:\\\/\\\/swiatsupli.pl\\\/blog\\\/#website\"},\"primaryImageOfPage\":{\"@id\":\"https:\\\/\\\/swiatsupli.pl\\\/blog\\\/laktoferyna-bialko-z-mleka-matki-silniejsze-niz-probiotyki\\\/#primaryimage\"},\"image\":{\"@id\":\"https:\\\/\\\/swiatsupli.pl\\\/blog\\\/laktoferyna-bialko-z-mleka-matki-silniejsze-niz-probiotyki\\\/#primaryimage\"},\"thumbnailUrl\":\"https:\\\/\\\/swiatsupli.pl\\\/blog\\\/wp-content\\\/uploads\\\/2026\\\/04\\\/Laktoferyna-\u2014-bialko-z-mleka-matki-silniejsze-niz-probiotyki.jpg\",\"datePublished\":\"2026-04-11T10:18:23+00:00\",\"dateModified\":\"2026-08-24T10:44:15+00:00\",\"description\":\"Czym jest laktoferyna i jak dzia\u0142a? Sprawd\u017a jak stosowa\u0107 laktoferyn\u0119 i jaki ma wp\u0142yw na odporno\u015b\u0107, mikrobiot\u0119 i gospodark\u0119 \u017celazem oraz.\",\"breadcrumb\":{\"@id\":\"https:\\\/\\\/swiatsupli.pl\\\/blog\\\/laktoferyna-bialko-z-mleka-matki-silniejsze-niz-probiotyki\\\/#breadcrumb\"},\"inLanguage\":\"pl-PL\",\"potentialAction\":[{\"@type\":\"ReadAction\",\"target\":[\"https:\\\/\\\/swiatsupli.pl\\\/blog\\\/laktoferyna-bialko-z-mleka-matki-silniejsze-niz-probiotyki\\\/\"]}]},{\"@type\":\"ImageObject\",\"inLanguage\":\"pl-PL\",\"@id\":\"https:\\\/\\\/swiatsupli.pl\\\/blog\\\/laktoferyna-bialko-z-mleka-matki-silniejsze-niz-probiotyki\\\/#primaryimage\",\"url\":\"https:\\\/\\\/swiatsupli.pl\\\/blog\\\/wp-content\\\/uploads\\\/2026\\\/04\\\/Laktoferyna-\u2014-bialko-z-mleka-matki-silniejsze-niz-probiotyki.jpg\",\"contentUrl\":\"https:\\\/\\\/swiatsupli.pl\\\/blog\\\/wp-content\\\/uploads\\\/2026\\\/04\\\/Laktoferyna-\u2014-bialko-z-mleka-matki-silniejsze-niz-probiotyki.jpg\",\"width\":1366,\"height\":768},{\"@type\":\"BreadcrumbList\",\"@id\":\"https:\\\/\\\/swiatsupli.pl\\\/blog\\\/laktoferyna-bialko-z-mleka-matki-silniejsze-niz-probiotyki\\\/#breadcrumb\",\"itemListElement\":[{\"@type\":\"ListItem\",\"position\":1,\"name\":\"Strona g\u0142\u00f3wna\",\"item\":\"https:\\\/\\\/swiatsupli.pl\\\/blog\\\/\"},{\"@type\":\"ListItem\",\"position\":2,\"name\":\"Laktoferyna \u2014 bia\u0142ko z mleka matki silniejsze ni\u017c probiotyki?\"}]},{\"@type\":\"WebSite\",\"@id\":\"https:\\\/\\\/swiatsupli.pl\\\/blog\\\/#website\",\"url\":\"https:\\\/\\\/swiatsupli.pl\\\/blog\\\/\",\"name\":\"Blog \u015awiat Supli\",\"description\":\"Wspieramy Tw\u00f3j styl \u017cycia\",\"publisher\":{\"@id\":\"https:\\\/\\\/swiatsupli.pl\\\/blog\\\/#organization\"},\"potentialAction\":[{\"@type\":\"SearchAction\",\"target\":{\"@type\":\"EntryPoint\",\"urlTemplate\":\"https:\\\/\\\/swiatsupli.pl\\\/blog\\\/?s={search_term_string}\"},\"query-input\":{\"@type\":\"PropertyValueSpecification\",\"valueRequired\":true,\"valueName\":\"search_term_string\"}}],\"inLanguage\":\"pl-PL\"},{\"@type\":\"Organization\",\"@id\":\"https:\\\/\\\/swiatsupli.pl\\\/blog\\\/#organization\",\"name\":\"\u015awiat Supli\",\"url\":\"https:\\\/\\\/swiatsupli.pl\\\/blog\\\/\",\"logo\":{\"@type\":\"ImageObject\",\"inLanguage\":\"pl-PL\",\"@id\":\"https:\\\/\\\/swiatsupli.pl\\\/blog\\\/#\\\/schema\\\/logo\\\/image\\\/\",\"url\":\"https:\\\/\\\/swiatsupli.pl\\\/blog\\\/wp-content\\\/uploads\\\/2020\\\/10\\\/swiat-supli-logo-hex-color-bg-2-scaled.jpg\",\"contentUrl\":\"https:\\\/\\\/swiatsupli.pl\\\/blog\\\/wp-content\\\/uploads\\\/2020\\\/10\\\/swiat-supli-logo-hex-color-bg-2-scaled.jpg\",\"width\":2560,\"height\":680,\"caption\":\"\u015awiat Supli\"},\"image\":{\"@id\":\"https:\\\/\\\/swiatsupli.pl\\\/blog\\\/#\\\/schema\\\/logo\\\/image\\\/\"},\"sameAs\":[\"https:\\\/\\\/www.facebook.com\\\/Swiat.Supli\",\"https:\\\/\\\/x.com\\\/SwiatSupli\",\"https:\\\/\\\/www.instagram.com\\\/swiatsupli_pl\\\/\",\"https:\\\/\\\/www.youtube.com\\\/channel\\\/UCbrXSxhnVQmv08kapZgYW5Q\"]},{\"@type\":\"Person\",\"@id\":\"https:\\\/\\\/swiatsupli.pl\\\/blog\\\/#\\\/schema\\\/person\\\/b92e54cf03cf0b288057351cf090e58a\",\"name\":\"Pawe\u0142 Lisowski\",\"description\":\"Pawe\u0142 Lisowski od ponad 20 lat \u0142\u0105czy do\u015bwiadczenie w sporcie, treningu i suplementacji z dzia\u0142alno\u015bci\u0105 biznesow\u0105. Uko\u0144czy\u0142 zarz\u0105dzanie i marketing na Politechnice Bia\u0142ostockiej, a nast\u0119pnie studia MBA. By\u0142 finalist\u0105 Mistrzostw Europy w kulturystyce, zdoby\u0142 z\u0142oty medal w zawodach federacji NPC na W\u0119grzech oraz zwyci\u0119\u017cy\u0142 w kategorii OPEN w zawodach w Sopocie. Przez lata pracowa\u0142 r\u00f3wnie\u017c jako trener, wykorzystuj\u0105c wiedz\u0119 i w\u0142asne do\u015bwiadczenie startowe w pracy z podopiecznymi. Obecnie prowadzi \u015awiat Supli oraz Nauree Labs \u2014 zak\u0142ad produkcyjny suplement\u00f3w diety. W swoich publikacjach dzieli si\u0119 praktyczn\u0105 wiedz\u0105 dotycz\u0105c\u0105 suplementacji, treningu, \u017cywienia i \u015bwiadomego wyboru produkt\u00f3w. Jest zwolennikiem podej\u015bcia, w kt\u00f3rym dieta i suplementacja s\u0105 narz\u0119dziami, kt\u00f3rych dzia\u0142anie i zastosowanie warto przede wszystkim dobrze rozumie\u0107.\",\"sameAs\":[\"http:\\\/\\\/www.swiatsupli.pl\"],\"url\":\"https:\\\/\\\/swiatsupli.pl\\\/blog\\\/author\\\/lisek\\\/\"}]}<\/script>\n<!-- \/ Yoast SEO plugin. -->","yoast_head_json":{"title":"Laktoferyna \u2014 bia\u0142ko z mleka matki silniejsze ni\u017c probiotyki? - Blog \u015awiat Supli","description":"Czym jest laktoferyna i jak dzia\u0142a? Sprawd\u017a jak stosowa\u0107 laktoferyn\u0119 i jaki ma wp\u0142yw na odporno\u015b\u0107, mikrobiot\u0119 i gospodark\u0119 \u017celazem oraz.","robots":{"index":"index","follow":"follow","max-snippet":"max-snippet:-1","max-image-preview":"max-image-preview:large","max-video-preview":"max-video-preview:-1"},"canonical":"https:\/\/swiatsupli.pl\/blog\/laktoferyna-bialko-z-mleka-matki-silniejsze-niz-probiotyki\/","og_locale":"pl_PL","og_type":"article","og_title":"Laktoferyna \u2014 bia\u0142ko z mleka matki silniejsze ni\u017c probiotyki? - Blog \u015awiat Supli","og_description":"Czym jest laktoferyna i jak dzia\u0142a? Sprawd\u017a jak stosowa\u0107 laktoferyn\u0119 i jaki ma wp\u0142yw na odporno\u015b\u0107, mikrobiot\u0119 i gospodark\u0119 \u017celazem oraz.","og_url":"https:\/\/swiatsupli.pl\/blog\/laktoferyna-bialko-z-mleka-matki-silniejsze-niz-probiotyki\/","og_site_name":"Blog \u015awiat Supli","article_publisher":"https:\/\/www.facebook.com\/Swiat.Supli","article_published_time":"2026-04-11T10:18:23+00:00","article_modified_time":"2026-08-24T10:44:15+00:00","og_image":[{"width":1366,"height":768,"url":"https:\/\/swiatsupli.pl\/blog\/wp-content\/uploads\/2026\/04\/Laktoferyna-\u2014-bialko-z-mleka-matki-silniejsze-niz-probiotyki.jpg","type":"image\/jpeg"}],"author":"Pawe\u0142 Lisowski","twitter_card":"summary_large_image","twitter_creator":"@SwiatSupli","twitter_site":"@SwiatSupli","twitter_misc":{"Napisane przez":"Pawe\u0142 Lisowski","Szacowany czas czytania":"17 minut"},"schema":{"@context":"https:\/\/schema.org","@graph":[{"@type":"Article","@id":"https:\/\/swiatsupli.pl\/blog\/laktoferyna-bialko-z-mleka-matki-silniejsze-niz-probiotyki\/#article","isPartOf":{"@id":"https:\/\/swiatsupli.pl\/blog\/laktoferyna-bialko-z-mleka-matki-silniejsze-niz-probiotyki\/"},"author":{"name":"Pawe\u0142 Lisowski","@id":"https:\/\/swiatsupli.pl\/blog\/#\/schema\/person\/b92e54cf03cf0b288057351cf090e58a"},"headline":"Laktoferyna \u2014 bia\u0142ko z mleka matki silniejsze ni\u017c probiotyki?","datePublished":"2026-04-11T10:18:23+00:00","dateModified":"2026-08-24T10:44:15+00:00","mainEntityOfPage":{"@id":"https:\/\/swiatsupli.pl\/blog\/laktoferyna-bialko-z-mleka-matki-silniejsze-niz-probiotyki\/"},"wordCount":3015,"publisher":{"@id":"https:\/\/swiatsupli.pl\/blog\/#organization"},"image":{"@id":"https:\/\/swiatsupli.pl\/blog\/laktoferyna-bialko-z-mleka-matki-silniejsze-niz-probiotyki\/#primaryimage"},"thumbnailUrl":"https:\/\/swiatsupli.pl\/blog\/wp-content\/uploads\/2026\/04\/Laktoferyna-\u2014-bialko-z-mleka-matki-silniejsze-niz-probiotyki.jpg","keywords":["Diet\u0105","laktoferyna","Polecamy","suplementy","Zdrowie"],"articleSection":["Zdrowie"],"inLanguage":"pl-PL"},{"@type":"WebPage","@id":"https:\/\/swiatsupli.pl\/blog\/laktoferyna-bialko-z-mleka-matki-silniejsze-niz-probiotyki\/","url":"https:\/\/swiatsupli.pl\/blog\/laktoferyna-bialko-z-mleka-matki-silniejsze-niz-probiotyki\/","name":"Laktoferyna \u2014 bia\u0142ko z mleka matki silniejsze ni\u017c probiotyki? - Blog \u015awiat Supli","isPartOf":{"@id":"https:\/\/swiatsupli.pl\/blog\/#website"},"primaryImageOfPage":{"@id":"https:\/\/swiatsupli.pl\/blog\/laktoferyna-bialko-z-mleka-matki-silniejsze-niz-probiotyki\/#primaryimage"},"image":{"@id":"https:\/\/swiatsupli.pl\/blog\/laktoferyna-bialko-z-mleka-matki-silniejsze-niz-probiotyki\/#primaryimage"},"thumbnailUrl":"https:\/\/swiatsupli.pl\/blog\/wp-content\/uploads\/2026\/04\/Laktoferyna-\u2014-bialko-z-mleka-matki-silniejsze-niz-probiotyki.jpg","datePublished":"2026-04-11T10:18:23+00:00","dateModified":"2026-08-24T10:44:15+00:00","description":"Czym jest laktoferyna i jak dzia\u0142a? Sprawd\u017a jak stosowa\u0107 laktoferyn\u0119 i jaki ma wp\u0142yw na odporno\u015b\u0107, mikrobiot\u0119 i gospodark\u0119 \u017celazem oraz.","breadcrumb":{"@id":"https:\/\/swiatsupli.pl\/blog\/laktoferyna-bialko-z-mleka-matki-silniejsze-niz-probiotyki\/#breadcrumb"},"inLanguage":"pl-PL","potentialAction":[{"@type":"ReadAction","target":["https:\/\/swiatsupli.pl\/blog\/laktoferyna-bialko-z-mleka-matki-silniejsze-niz-probiotyki\/"]}]},{"@type":"ImageObject","inLanguage":"pl-PL","@id":"https:\/\/swiatsupli.pl\/blog\/laktoferyna-bialko-z-mleka-matki-silniejsze-niz-probiotyki\/#primaryimage","url":"https:\/\/swiatsupli.pl\/blog\/wp-content\/uploads\/2026\/04\/Laktoferyna-\u2014-bialko-z-mleka-matki-silniejsze-niz-probiotyki.jpg","contentUrl":"https:\/\/swiatsupli.pl\/blog\/wp-content\/uploads\/2026\/04\/Laktoferyna-\u2014-bialko-z-mleka-matki-silniejsze-niz-probiotyki.jpg","width":1366,"height":768},{"@type":"BreadcrumbList","@id":"https:\/\/swiatsupli.pl\/blog\/laktoferyna-bialko-z-mleka-matki-silniejsze-niz-probiotyki\/#breadcrumb","itemListElement":[{"@type":"ListItem","position":1,"name":"Strona g\u0142\u00f3wna","item":"https:\/\/swiatsupli.pl\/blog\/"},{"@type":"ListItem","position":2,"name":"Laktoferyna \u2014 bia\u0142ko z mleka matki silniejsze ni\u017c probiotyki?"}]},{"@type":"WebSite","@id":"https:\/\/swiatsupli.pl\/blog\/#website","url":"https:\/\/swiatsupli.pl\/blog\/","name":"Blog \u015awiat Supli","description":"Wspieramy Tw\u00f3j styl \u017cycia","publisher":{"@id":"https:\/\/swiatsupli.pl\/blog\/#organization"},"potentialAction":[{"@type":"SearchAction","target":{"@type":"EntryPoint","urlTemplate":"https:\/\/swiatsupli.pl\/blog\/?s={search_term_string}"},"query-input":{"@type":"PropertyValueSpecification","valueRequired":true,"valueName":"search_term_string"}}],"inLanguage":"pl-PL"},{"@type":"Organization","@id":"https:\/\/swiatsupli.pl\/blog\/#organization","name":"\u015awiat Supli","url":"https:\/\/swiatsupli.pl\/blog\/","logo":{"@type":"ImageObject","inLanguage":"pl-PL","@id":"https:\/\/swiatsupli.pl\/blog\/#\/schema\/logo\/image\/","url":"https:\/\/swiatsupli.pl\/blog\/wp-content\/uploads\/2020\/10\/swiat-supli-logo-hex-color-bg-2-scaled.jpg","contentUrl":"https:\/\/swiatsupli.pl\/blog\/wp-content\/uploads\/2020\/10\/swiat-supli-logo-hex-color-bg-2-scaled.jpg","width":2560,"height":680,"caption":"\u015awiat Supli"},"image":{"@id":"https:\/\/swiatsupli.pl\/blog\/#\/schema\/logo\/image\/"},"sameAs":["https:\/\/www.facebook.com\/Swiat.Supli","https:\/\/x.com\/SwiatSupli","https:\/\/www.instagram.com\/swiatsupli_pl\/","https:\/\/www.youtube.com\/channel\/UCbrXSxhnVQmv08kapZgYW5Q"]},{"@type":"Person","@id":"https:\/\/swiatsupli.pl\/blog\/#\/schema\/person\/b92e54cf03cf0b288057351cf090e58a","name":"Pawe\u0142 Lisowski","description":"Pawe\u0142 Lisowski od ponad 20 lat \u0142\u0105czy do\u015bwiadczenie w sporcie, treningu i suplementacji z dzia\u0142alno\u015bci\u0105 biznesow\u0105. Uko\u0144czy\u0142 zarz\u0105dzanie i marketing na Politechnice Bia\u0142ostockiej, a nast\u0119pnie studia MBA. By\u0142 finalist\u0105 Mistrzostw Europy w kulturystyce, zdoby\u0142 z\u0142oty medal w zawodach federacji NPC na W\u0119grzech oraz zwyci\u0119\u017cy\u0142 w kategorii OPEN w zawodach w Sopocie. Przez lata pracowa\u0142 r\u00f3wnie\u017c jako trener, wykorzystuj\u0105c wiedz\u0119 i w\u0142asne do\u015bwiadczenie startowe w pracy z podopiecznymi. Obecnie prowadzi \u015awiat Supli oraz Nauree Labs \u2014 zak\u0142ad produkcyjny suplement\u00f3w diety. W swoich publikacjach dzieli si\u0119 praktyczn\u0105 wiedz\u0105 dotycz\u0105c\u0105 suplementacji, treningu, \u017cywienia i \u015bwiadomego wyboru produkt\u00f3w. Jest zwolennikiem podej\u015bcia, w kt\u00f3rym dieta i suplementacja s\u0105 narz\u0119dziami, kt\u00f3rych dzia\u0142anie i zastosowanie warto przede wszystkim dobrze rozumie\u0107.","sameAs":["http:\/\/www.swiatsupli.pl"],"url":"https:\/\/swiatsupli.pl\/blog\/author\/lisek\/"}]}},"_links":{"self":[{"href":"https:\/\/swiatsupli.pl\/blog\/wp-json\/wp\/v2\/posts\/24261","targetHints":{"allow":["GET"]}}],"collection":[{"href":"https:\/\/swiatsupli.pl\/blog\/wp-json\/wp\/v2\/posts"}],"about":[{"href":"https:\/\/swiatsupli.pl\/blog\/wp-json\/wp\/v2\/types\/post"}],"author":[{"embeddable":true,"href":"https:\/\/swiatsupli.pl\/blog\/wp-json\/wp\/v2\/users\/6"}],"replies":[{"embeddable":true,"href":"https:\/\/swiatsupli.pl\/blog\/wp-json\/wp\/v2\/comments?post=24261"}],"version-history":[{"count":2,"href":"https:\/\/swiatsupli.pl\/blog\/wp-json\/wp\/v2\/posts\/24261\/revisions"}],"predecessor-version":[{"id":25126,"href":"https:\/\/swiatsupli.pl\/blog\/wp-json\/wp\/v2\/posts\/24261\/revisions\/25126"}],"wp:featuredmedia":[{"embeddable":true,"href":"https:\/\/swiatsupli.pl\/blog\/wp-json\/wp\/v2\/media\/24262"}],"wp:attachment":[{"href":"https:\/\/swiatsupli.pl\/blog\/wp-json\/wp\/v2\/media?parent=24261"}],"wp:term":[{"taxonomy":"category","embeddable":true,"href":"https:\/\/swiatsupli.pl\/blog\/wp-json\/wp\/v2\/categories?post=24261"},{"taxonomy":"post_tag","embeddable":true,"href":"https:\/\/swiatsupli.pl\/blog\/wp-json\/wp\/v2\/tags?post=24261"}],"curies":[{"name":"wp","href":"https:\/\/api.w.org\/{rel}","templated":true}]}}