{"id":21879,"date":"2025-07-28T17:06:51","date_gmt":"2025-07-28T15:06:51","guid":{"rendered":"https:\/\/swiatsupli.pl\/blog\/?p=21879"},"modified":"2025-07-28T17:06:53","modified_gmt":"2025-07-28T15:06:53","slug":"ogorecznik-lekarski-kompleksowa-analiza-wlasciwosci-terapeutycznych-i-zastosowan-w-suplementacji","status":"publish","type":"post","link":"https:\/\/swiatsupli.pl\/blog\/ogorecznik-lekarski-kompleksowa-analiza-wlasciwosci-terapeutycznych-i-zastosowan-w-suplementacji\/","title":{"rendered":"Og\u00f3recznik Lekarski: Kompleksowa Analiza W\u0142a\u015bciwo\u015bci Terapeutycznych i Zastosowa\u0144 w Suplementacji"},"content":{"rendered":"<div id=\"ez-toc-container\" class=\"ez-toc-v2_0_75 counter-hierarchy ez-toc-counter ez-toc-grey ez-toc-container-direction\">\n<div class=\"ez-toc-title-container\">\n<p class=\"ez-toc-title\" style=\"cursor:inherit\">Spis tre\u015bci<\/p>\n<span class=\"ez-toc-title-toggle\"><a href=\"#\" class=\"ez-toc-pull-right ez-toc-btn ez-toc-btn-xs ez-toc-btn-default ez-toc-toggle\" aria-label=\"Toggle Table of Content\"><span class=\"ez-toc-js-icon-con\"><span class=\"\"><span class=\"eztoc-hide\" style=\"display:none;\">Toggle<\/span><span class=\"ez-toc-icon-toggle-span\"><svg style=\"fill: #999;color:#999\" xmlns=\"http:\/\/www.w3.org\/2000\/svg\" class=\"list-377408\" width=\"20px\" height=\"20px\" viewBox=\"0 0 24 24\" fill=\"none\"><path d=\"M6 6H4v2h2V6zm14 0H8v2h12V6zM4 11h2v2H4v-2zm16 0H8v2h12v-2zM4 16h2v2H4v-2zm16 0H8v2h12v-2z\" fill=\"currentColor\"><\/path><\/svg><svg style=\"fill: #999;color:#999\" class=\"arrow-unsorted-368013\" xmlns=\"http:\/\/www.w3.org\/2000\/svg\" width=\"10px\" height=\"10px\" viewBox=\"0 0 24 24\" version=\"1.2\" baseProfile=\"tiny\"><path d=\"M18.2 9.3l-6.2-6.3-6.2 6.3c-.2.2-.3.4-.3.7s.1.5.3.7c.2.2.4.3.7.3h11c.3 0 .5-.1.7-.3.2-.2.3-.5.3-.7s-.1-.5-.3-.7zM5.8 14.7l6.2 6.3 6.2-6.3c.2-.2.3-.5.3-.7s-.1-.5-.3-.7c-.2-.2-.4-.3-.7-.3h-11c-.3 0-.5.1-.7.3-.2.2-.3.5-.3.7s.1.5.3.7z\"\/><\/svg><\/span><\/span><\/span><\/a><\/span><\/div>\n<nav><ul class='ez-toc-list ez-toc-list-level-1 ' ><li class='ez-toc-page-1 ez-toc-heading-level-2'><a class=\"ez-toc-link ez-toc-heading-1\" href=\"https:\/\/swiatsupli.pl\/blog\/ogorecznik-lekarski-kompleksowa-analiza-wlasciwosci-terapeutycznych-i-zastosowan-w-suplementacji\/#Fitochemia_Ogorecznika_%E2%80%93_Bogactwo_Zwiazkow_Bioaktywnych\" >Fitochemia Og\u00f3recznika \u2013 Bogactwo Zwi\u0105zk\u00f3w Bioaktywnych<\/a><\/li><li class='ez-toc-page-1 ez-toc-heading-level-2'><a class=\"ez-toc-link ez-toc-heading-2\" href=\"https:\/\/swiatsupli.pl\/blog\/ogorecznik-lekarski-kompleksowa-analiza-wlasciwosci-terapeutycznych-i-zastosowan-w-suplementacji\/#Mechanizmy_Dzialania_Kwasu_Gamma-Linolenowego\" >Mechanizmy Dzia\u0142ania Kwasu Gamma-Linolenowego<\/a><\/li><li class='ez-toc-page-1 ez-toc-heading-level-2'><a class=\"ez-toc-link ez-toc-heading-3\" href=\"https:\/\/swiatsupli.pl\/blog\/ogorecznik-lekarski-kompleksowa-analiza-wlasciwosci-terapeutycznych-i-zastosowan-w-suplementacji\/#Zastosowania_w_Chorobach_Ukladu_Sercowo-Naczyniowego\" >Zastosowania w Chorobach Uk\u0142adu Sercowo-Naczyniowego<\/a><\/li><li class='ez-toc-page-1 ez-toc-heading-level-2'><a class=\"ez-toc-link ez-toc-heading-4\" href=\"https:\/\/swiatsupli.pl\/blog\/ogorecznik-lekarski-kompleksowa-analiza-wlasciwosci-terapeutycznych-i-zastosowan-w-suplementacji\/#Ogorecznik_w_Regulacji_Gospodarki_Hormonalnej_Kobiet\" >Og\u00f3recznik w Regulacji Gospodarki Hormonalnej Kobiet<\/a><\/li><li class='ez-toc-page-1 ez-toc-heading-level-2'><a class=\"ez-toc-link ez-toc-heading-5\" href=\"https:\/\/swiatsupli.pl\/blog\/ogorecznik-lekarski-kompleksowa-analiza-wlasciwosci-terapeutycznych-i-zastosowan-w-suplementacji\/#Dzialanie_Immunomodulujace_i_Przeciwzapalne\" >Dzia\u0142anie Immunomoduluj\u0105ce i Przeciwzapalne<\/a><\/li><li class='ez-toc-page-1 ez-toc-heading-level-2'><a class=\"ez-toc-link ez-toc-heading-6\" href=\"https:\/\/swiatsupli.pl\/blog\/ogorecznik-lekarski-kompleksowa-analiza-wlasciwosci-terapeutycznych-i-zastosowan-w-suplementacji\/#Zastosowania_w_Schorzeniach_Ukladu_Oddechowego\" >Zastosowania w Schorzeniach Uk\u0142adu Oddechowego<\/a><\/li><li class='ez-toc-page-1 ez-toc-heading-level-2'><a class=\"ez-toc-link ez-toc-heading-7\" href=\"https:\/\/swiatsupli.pl\/blog\/ogorecznik-lekarski-kompleksowa-analiza-wlasciwosci-terapeutycznych-i-zastosowan-w-suplementacji\/#Wplyw_na_Uklad_Moczowy_i_Funkcje_Nerek\" >Wp\u0142yw na Uk\u0142ad Moczowy i Funkcje Nerek<\/a><\/li><li class='ez-toc-page-1 ez-toc-heading-level-2'><a class=\"ez-toc-link ez-toc-heading-8\" href=\"https:\/\/swiatsupli.pl\/blog\/ogorecznik-lekarski-kompleksowa-analiza-wlasciwosci-terapeutycznych-i-zastosowan-w-suplementacji\/#Zastosowania_Dermatologiczne_i_Kosmetyczne\" >Zastosowania Dermatologiczne i Kosmetyczne<\/a><\/li><li class='ez-toc-page-1 ez-toc-heading-level-2'><a class=\"ez-toc-link ez-toc-heading-9\" href=\"https:\/\/swiatsupli.pl\/blog\/ogorecznik-lekarski-kompleksowa-analiza-wlasciwosci-terapeutycznych-i-zastosowan-w-suplementacji\/#Ogorecznik_w_Pielegnacji_Wlosow_i_Skory_Glowy\" >Og\u00f3recznik w Piel\u0119gnacji W\u0142os\u00f3w i Sk\u00f3ry G\u0142owy<\/a><\/li><li class='ez-toc-page-1 ez-toc-heading-level-2'><a class=\"ez-toc-link ez-toc-heading-10\" href=\"https:\/\/swiatsupli.pl\/blog\/ogorecznik-lekarski-kompleksowa-analiza-wlasciwosci-terapeutycznych-i-zastosowan-w-suplementacji\/#Dawkowanie_i_Schematy_Suplementacji\" >Dawkowanie i Schematy Suplementacji<\/a><\/li><li class='ez-toc-page-1 ez-toc-heading-level-2'><a class=\"ez-toc-link ez-toc-heading-11\" href=\"https:\/\/swiatsupli.pl\/blog\/ogorecznik-lekarski-kompleksowa-analiza-wlasciwosci-terapeutycznych-i-zastosowan-w-suplementacji\/#Przygotowanie_i_Stosowanie_Naparu_z_Ogorecznika\" >Przygotowanie i Stosowanie Naparu z Og\u00f3recznika<\/a><\/li><li class='ez-toc-page-1 ez-toc-heading-level-2'><a class=\"ez-toc-link ez-toc-heading-12\" href=\"https:\/\/swiatsupli.pl\/blog\/ogorecznik-lekarski-kompleksowa-analiza-wlasciwosci-terapeutycznych-i-zastosowan-w-suplementacji\/#Interakcje_Lekowe_i_Srodki_Ostroznosci\" >Interakcje Lekowe i \u015arodki Ostro\u017cno\u015bci<\/a><\/li><li class='ez-toc-page-1 ez-toc-heading-level-2'><a class=\"ez-toc-link ez-toc-heading-13\" href=\"https:\/\/swiatsupli.pl\/blog\/ogorecznik-lekarski-kompleksowa-analiza-wlasciwosci-terapeutycznych-i-zastosowan-w-suplementacji\/#Przeciwwskazania_i_Potencjalne_Dzialania_Niepozadane\" >Przeciwwskazania i Potencjalne Dzia\u0142ania Niepo\u017c\u0105dane<\/a><\/li><li class='ez-toc-page-1 ez-toc-heading-level-2'><a class=\"ez-toc-link ez-toc-heading-14\" href=\"https:\/\/swiatsupli.pl\/blog\/ogorecznik-lekarski-kompleksowa-analiza-wlasciwosci-terapeutycznych-i-zastosowan-w-suplementacji\/#Jakosc_i_Standaryzacja_Preparatow_z_Ogorecznika\" >Jako\u015b\u0107 i Standaryzacja Preparat\u00f3w z Og\u00f3recznika<\/a><\/li><li class='ez-toc-page-1 ez-toc-heading-level-2'><a class=\"ez-toc-link ez-toc-heading-15\" href=\"https:\/\/swiatsupli.pl\/blog\/ogorecznik-lekarski-kompleksowa-analiza-wlasciwosci-terapeutycznych-i-zastosowan-w-suplementacji\/#Ogorecznik_w_Kontekscie_Zrownowazonego_Rozwoju\" >Og\u00f3recznik w Kontek\u015bcie Zr\u00f3wnowa\u017conego Rozwoju<\/a><\/li><li class='ez-toc-page-1 ez-toc-heading-level-2'><a class=\"ez-toc-link ez-toc-heading-16\" href=\"https:\/\/swiatsupli.pl\/blog\/ogorecznik-lekarski-kompleksowa-analiza-wlasciwosci-terapeutycznych-i-zastosowan-w-suplementacji\/#Perspektywy_Badawcze_i_Przyszlosc_Ogorecznika_w_Medycynie\" >Perspektywy Badawcze i Przysz\u0142o\u015b\u0107 Og\u00f3recznika w Medycynie<\/a><\/li><li class='ez-toc-page-1 ez-toc-heading-level-2'><a class=\"ez-toc-link ez-toc-heading-17\" href=\"https:\/\/swiatsupli.pl\/blog\/ogorecznik-lekarski-kompleksowa-analiza-wlasciwosci-terapeutycznych-i-zastosowan-w-suplementacji\/#Podsumowanie\" >Podsumowanie<\/a><\/li><\/ul><\/nav><\/div>\n\n<p>Og\u00f3recznik lekarski (<em>Borago officinalis<\/em>) stanowi fascynuj\u0105cy przyk\u0142ad ro\u015bliny, kt\u00f3ra przez wieki funkcjonowa\u0142a g\u0142\u00f3wnie w medycynie ludowej, aby w ostatnich dekadach sta\u0107 si\u0119 przedmiotem intensywnych bada\u0144 naukowych. Ta miododajna ro\u015blina, powszechnie uprawiana w Polsce, zawdzi\u0119cza swoje w\u0142a\u015bciwo\u015bci terapeutyczne unikalnej kompozycji zwi\u0105zk\u00f3w bioaktywnych, w\u015br\u00f3d kt\u00f3rych szczeg\u00f3lne miejsce zajmuje kwas gamma-linolenowy (GLA). Wsp\u00f3\u0142czesna fitoterapia i nutraceutyka odkrywaj\u0105 coraz to nowe zastosowania og\u00f3recznika, czyni\u0105c go cennym sk\u0142adnikiem preparat\u00f3w wspieraj\u0105cych zdrowie cz\u0142owieka.<\/p>\n\n\n\n<hr class=\"wp-block-separator has-alpha-channel-opacity\"\/>\n\n\n\n<h2 class=\"wp-block-heading\"><span class=\"ez-toc-section\" id=\"Fitochemia_Ogorecznika_%E2%80%93_Bogactwo_Zwiazkow_Bioaktywnych\"><\/span>Fitochemia Og\u00f3recznika \u2013 Bogactwo Zwi\u0105zk\u00f3w Bioaktywnych<span class=\"ez-toc-section-end\"><\/span><\/h2>\n\n\n\n<p>Analiza fitochemiczna og\u00f3recznika lekarskiego ujawnia imponuj\u0105ce spektrum substancji aktywnych biologicznie:<\/p>\n\n\n\n<ul class=\"wp-block-list\">\n<li><strong>Kwasy t\u0142uszczowe<\/strong>:\n<ul class=\"wp-block-list\">\n<li>Kwas gamma-linolenowy (GLA) \u2013 20\u201326% oleju<\/li>\n\n\n\n<li>Kwas linolowy \u2013 35\u201340%<\/li>\n\n\n\n<li>Kwas oleinowy \u2013 wspiera dzia\u0142anie przeciwzapalne i kardioprotekcyjne<\/li>\n<\/ul>\n<\/li>\n\n\n\n<li><strong>Metabolity wt\u00f3rne<\/strong>:\n<ul class=\"wp-block-list\">\n<li><strong>Saponiny triterpenowe<\/strong> \u2013 dzia\u0142anie przeciwzapalne, immunomoduluj\u0105ce, wykrztu\u015bne<\/li>\n\n\n\n<li><strong>Taniny<\/strong> \u2013 w\u0142a\u015bciwo\u015bci \u015bci\u0105gaj\u0105ce i przeciwbakteryjne<\/li>\n\n\n\n<li><strong>Flawonoidy (kwercetyna, apigenina)<\/strong> \u2013 silne antyoksydanty<\/li>\n<\/ul>\n<\/li>\n\n\n\n<li><strong>Mikroelementy i witaminy<\/strong>: \u017celazo, wap\u0144, <a href=\"https:\/\/swiatsupli.pl\/magnez\/c126?utm_source=blog&amp;utm_medium=referral&amp;utm_campaign=Og%C3%B3recznik_Lekarski%3A_Kompleksowa_Analiza_W%C5%82a%C5%9Bciwo%C5%9Bci_Terapeutycznych_i_Zastosowa%C5%84_w_Suplementacji\" target=\"_blank\" rel=\"noreferrer noopener\">magnez<\/a>, cynk oraz witamina C (zw\u0142aszcza w \u015bwie\u017cych li\u015bciach)<\/li>\n\n\n\n<li><strong>Cholina<\/strong> \u2013 dzia\u0142anie neuroprotekcyjne i hepatoprotekcyjne<\/li>\n<\/ul>\n\n\n\n<figure class=\"wp-block-image size-full\"><a href=\"https:\/\/swiatsupli.pl\/witamina-c-aliness-witamina-c-1000-mg-plus-100kaps\/p7925?utm_source=blog&amp;utm_medium=referral&amp;utm_campaign=Og%C3%B3recznik_Lekarski%3A_Kompleksowa_Analiza_W%C5%82a%C5%9Bciwo%C5%9Bci_Terapeutycznych_i_Zastosowa%C5%84_w_Suplementacji\" target=\"_blank\" rel=\" noreferrer noopener\"><img loading=\"lazy\" decoding=\"async\" width=\"800\" height=\"800\" src=\"https:\/\/swiatsupli.pl\/blog\/wp-content\/uploads\/2025\/07\/ccc.png\" alt=\"\" class=\"wp-image-21881\" srcset=\"https:\/\/swiatsupli.pl\/blog\/wp-content\/uploads\/2025\/07\/ccc.png 800w, https:\/\/swiatsupli.pl\/blog\/wp-content\/uploads\/2025\/07\/ccc-300x300.png 300w, https:\/\/swiatsupli.pl\/blog\/wp-content\/uploads\/2025\/07\/ccc-150x150.png 150w, https:\/\/swiatsupli.pl\/blog\/wp-content\/uploads\/2025\/07\/ccc-768x768.png 768w, https:\/\/swiatsupli.pl\/blog\/wp-content\/uploads\/2025\/07\/ccc-360x360.png 360w\" sizes=\"auto, (max-width: 800px) 100vw, 800px\" \/><\/a><\/figure>\n\n\n\n<p class=\"has-text-align-center\"><a href=\"https:\/\/swiatsupli.pl\/witamina-c-aliness-witamina-c-1000-mg-plus-100kaps\/p7925?utm_source=blog&amp;utm_medium=referral&amp;utm_campaign=Og%C3%B3recznik_Lekarski%3A_Kompleksowa_Analiza_W%C5%82a%C5%9Bciwo%C5%9Bci_Terapeutycznych_i_Zastosowa%C5%84_w_Suplementacji\" target=\"_blank\" rel=\"noreferrer noopener\">Aliness Witamina C 1000 mg Plus 100kaps-KLIKNIJ TUTAJ<\/a><\/p>\n\n\n\n<hr class=\"wp-block-separator has-alpha-channel-opacity\"\/>\n\n\n\n<h2 class=\"wp-block-heading\"><span class=\"ez-toc-section\" id=\"Mechanizmy_Dzialania_Kwasu_Gamma-Linolenowego\"><\/span>Mechanizmy Dzia\u0142ania Kwasu Gamma-Linolenowego<span class=\"ez-toc-section-end\"><\/span><\/h2>\n\n\n\n<ul class=\"wp-block-list\">\n<li>GLA w organizmie konwertuje do kwasu <strong>dihomo-gamma-linolenowego (DGLA)<\/strong>, prekursora prostaglandyn serii 1 (PGE1).<\/li>\n\n\n\n<li><strong>PGE1<\/strong>:\n<ul class=\"wp-block-list\">\n<li>hamuje syntez\u0119 cytokin prozapalnych (TNF-\u03b1, IL-6)<\/li>\n\n\n\n<li>zmniejsza agregacj\u0119 p\u0142ytek krwi<\/li>\n\n\n\n<li>wspiera prawid\u0142owy metabolizm lipid\u00f3w<\/li>\n<\/ul>\n<\/li>\n\n\n\n<li>Suplementacja GLA omija ograniczenia zwi\u0105zane z nisk\u0105 aktywno\u015bci\u0105 enzymu delta-6-desaturazy.<\/li>\n<\/ul>\n\n\n\n<hr class=\"wp-block-separator has-alpha-channel-opacity\"\/>\n\n\n\n<h2 class=\"wp-block-heading\"><span class=\"ez-toc-section\" id=\"Zastosowania_w_Chorobach_Ukladu_Sercowo-Naczyniowego\"><\/span>Zastosowania w Chorobach Uk\u0142adu Sercowo-Naczyniowego<span class=\"ez-toc-section-end\"><\/span><\/h2>\n\n\n\n<ul class=\"wp-block-list\">\n<li><strong>Wp\u0142yw na profil <a href=\"https:\/\/swiatsupli.pl\/regeneracja-watroby\/c143?utm_source=blog&amp;utm_medium=referral&amp;utm_campaign=Og%C3%B3recznik_Lekarski%3A_Kompleksowa_Analiza_W%C5%82a%C5%9Bciwo%C5%9Bci_Terapeutycznych_i_Zastosowa%C5%84_w_Suplementacji\" target=\"_blank\" rel=\"noreferrer noopener\">lipidowy<\/a><\/strong>: redukcja cholesterolu ca\u0142kowitego, LDL i tr\u00f3jgliceryd\u00f3w; wzrost HDL.<\/li>\n\n\n\n<li><strong>Dzia\u0142anie hipotensyjne<\/strong>: poprzez zwi\u0119kszon\u0105 syntez\u0119 prostacykliny i popraw\u0119 elastyczno\u015bci naczy\u0144.<\/li>\n\n\n\n<li><strong>Przeciwzakrzepowe<\/strong>: hamowanie agregacji p\u0142ytek i konkurencja z tromboksanem A2.<\/li>\n<\/ul>\n\n\n\n<figure class=\"wp-block-image size-full\"><a href=\"https:\/\/swiatsupli.pl\/zdrowe-serce-aura-herbals-moje-serce-60kaps\/p13019?utm_source=blog&amp;utm_medium=referral&amp;utm_campaign=Og%C3%B3recznik_Lekarski%3A_Kompleksowa_Analiza_W%C5%82a%C5%9Bciwo%C5%9Bci_Terapeutycznych_i_Zastosowa%C5%84_w_Suplementacji\" target=\"_blank\" rel=\" noreferrer noopener\"><img loading=\"lazy\" decoding=\"async\" width=\"800\" height=\"800\" src=\"https:\/\/swiatsupli.pl\/blog\/wp-content\/uploads\/2025\/07\/serce.png\" alt=\"\" class=\"wp-image-21882\" srcset=\"https:\/\/swiatsupli.pl\/blog\/wp-content\/uploads\/2025\/07\/serce.png 800w, https:\/\/swiatsupli.pl\/blog\/wp-content\/uploads\/2025\/07\/serce-300x300.png 300w, https:\/\/swiatsupli.pl\/blog\/wp-content\/uploads\/2025\/07\/serce-150x150.png 150w, https:\/\/swiatsupli.pl\/blog\/wp-content\/uploads\/2025\/07\/serce-768x768.png 768w, https:\/\/swiatsupli.pl\/blog\/wp-content\/uploads\/2025\/07\/serce-360x360.png 360w\" sizes=\"auto, (max-width: 800px) 100vw, 800px\" \/><\/a><\/figure>\n\n\n\n<p class=\"has-text-align-center\"><a href=\"https:\/\/swiatsupli.pl\/zdrowe-serce-aura-herbals-moje-serce-60kaps\/p13019?utm_source=blog&amp;utm_medium=referral&amp;utm_campaign=Og%C3%B3recznik_Lekarski%3A_Kompleksowa_Analiza_W%C5%82a%C5%9Bciwo%C5%9Bci_Terapeutycznych_i_Zastosowa%C5%84_w_Suplementacji\" target=\"_blank\" rel=\"noreferrer noopener\">Aura Herbals Moje Serce 60kaps-KLIKNIJ TUTAJ<\/a><\/p>\n\n\n\n<hr class=\"wp-block-separator has-alpha-channel-opacity\"\/>\n\n\n\n<h2 class=\"wp-block-heading\"><span class=\"ez-toc-section\" id=\"Ogorecznik_w_Regulacji_Gospodarki_Hormonalnej_Kobiet\"><\/span>Og\u00f3recznik w Regulacji Gospodarki Hormonalnej Kobiet<span class=\"ez-toc-section-end\"><\/span><\/h2>\n\n\n\n<ul class=\"wp-block-list\">\n<li><strong>Zesp\u00f3\u0142 napi\u0119cia przedmiesi\u0105czkowego (PMS)<\/strong>: \u0142agodzenie skurcz\u00f3w macicy, obrz\u0119k\u00f3w i dra\u017cliwo\u015bci.<\/li>\n\n\n\n<li><strong>Menopauza<\/strong>: poprawa snu, redukcja uderze\u0144 gor\u0105ca, stabilizacja nastroju.<\/li>\n\n\n\n<li>Badania kliniczne potwierdzaj\u0105 popraw\u0119 jako\u015bci \u017cycia kobiet przy regularnej suplementacji olejem z og\u00f3recznika.<\/li>\n<\/ul>\n\n\n\n<hr class=\"wp-block-separator has-alpha-channel-opacity\"\/>\n\n\n\n<h2 class=\"wp-block-heading\"><span class=\"ez-toc-section\" id=\"Dzialanie_Immunomodulujace_i_Przeciwzapalne\"><\/span>Dzia\u0142anie <a href=\"https:\/\/swiatsupli.pl\/odpornosc\/c144?utm_source=blog&amp;utm_medium=referral&amp;utm_campaign=Og%C3%B3recznik_Lekarski%3A_Kompleksowa_Analiza_W%C5%82a%C5%9Bciwo%C5%9Bci_Terapeutycznych_i_Zastosowa%C5%84_w_Suplementacji\" target=\"_blank\" rel=\"noreferrer noopener\">Immunomoduluj\u0105ce<\/a> i Przeciwzapalne<span class=\"ez-toc-section-end\"><\/span><\/h2>\n\n\n\n<ul class=\"wp-block-list\">\n<li><strong>GLA i prostaglandyny serii 1<\/strong> \u2013 hamuj\u0105 nadmiern\u0105 aktywacj\u0119 limfocyt\u00f3w T.<\/li>\n\n\n\n<li><strong>Saponiny<\/strong> \u2013 zwi\u0119kszaj\u0105 produkcj\u0119 przeciwcia\u0142 i aktywacj\u0119 makrofag\u00f3w.<\/li>\n\n\n\n<li><strong>Flawonoidy (kwercetyna)<\/strong> \u2013 dzia\u0142anie antyoksydacyjne i hamowanie enzym\u00f3w prozapalnych.<\/li>\n<\/ul>\n\n\n\n<hr class=\"wp-block-separator has-alpha-channel-opacity\"\/>\n\n\n\n<h2 class=\"wp-block-heading\"><span class=\"ez-toc-section\" id=\"Zastosowania_w_Schorzeniach_Ukladu_Oddechowego\"><\/span>Zastosowania w Schorzeniach Uk\u0142adu Oddechowego<span class=\"ez-toc-section-end\"><\/span><\/h2>\n\n\n\n<ul class=\"wp-block-list\">\n<li>Napar z li\u015bci dzia\u0142a <strong>wykrztu\u015bnie, przeciwzapalnie i napotnie<\/strong>.<\/li>\n\n\n\n<li><strong>Saponiny<\/strong> \u2013 u\u0142atwiaj\u0105 odkrztuszanie i oczyszczanie dr\u00f3g oddechowych.<\/li>\n\n\n\n<li><strong>Dzia\u0142anie napotne<\/strong> \u2013 wspiera naturalne obni\u017canie gor\u0105czki.<\/li>\n<\/ul>\n\n\n\n<hr class=\"wp-block-separator has-alpha-channel-opacity\"\/>\n\n\n\n<h2 class=\"wp-block-heading\"><span class=\"ez-toc-section\" id=\"Wplyw_na_Uklad_Moczowy_i_Funkcje_Nerek\"><\/span>Wp\u0142yw na Uk\u0142ad Moczowy i Funkcje Nerek<span class=\"ez-toc-section-end\"><\/span><\/h2>\n\n\n\n<ul class=\"wp-block-list\">\n<li><strong>Dzia\u0142anie moczop\u0119dne<\/strong> \u2013 zwi\u0119kszona diureza, eliminacja toksyn i produkt\u00f3w przemiany materii.<\/li>\n\n\n\n<li><strong>Flawonoidy i minera\u0142y<\/strong> \u2013 wspieraj\u0105 r\u00f3wnowag\u0119 elektrolitow\u0105 i zapobiegaj\u0105 kamicy nerkowej.<\/li>\n\n\n\n<li><strong>Przeciwzapalne w\u0142a\u015bciwo\u015bci<\/strong> \u2013 \u0142agodzenie infekcji dr\u00f3g moczowych.<\/li>\n<\/ul>\n\n\n\n<figure class=\"wp-block-image size-full\"><a href=\"https:\/\/swiatsupli.pl\/wsparcie-nerek-i-watroby-kompleks-panaseus-formula-na-nerki-50kaps\/p11163?utm_source=blog&amp;utm_medium=referral&amp;utm_campaign=Og%C3%B3recznik_Lekarski%3A_Kompleksowa_Analiza_W%C5%82a%C5%9Bciwo%C5%9Bci_Terapeutycznych_i_Zastosowa%C5%84_w_Suplementacji\" target=\"_blank\" rel=\" noreferrer noopener\"><img loading=\"lazy\" decoding=\"async\" width=\"800\" height=\"800\" src=\"https:\/\/swiatsupli.pl\/blog\/wp-content\/uploads\/2025\/07\/asdasdas.png\" alt=\"\" class=\"wp-image-21883\" srcset=\"https:\/\/swiatsupli.pl\/blog\/wp-content\/uploads\/2025\/07\/asdasdas.png 800w, https:\/\/swiatsupli.pl\/blog\/wp-content\/uploads\/2025\/07\/asdasdas-300x300.png 300w, https:\/\/swiatsupli.pl\/blog\/wp-content\/uploads\/2025\/07\/asdasdas-150x150.png 150w, https:\/\/swiatsupli.pl\/blog\/wp-content\/uploads\/2025\/07\/asdasdas-768x768.png 768w, https:\/\/swiatsupli.pl\/blog\/wp-content\/uploads\/2025\/07\/asdasdas-360x360.png 360w\" sizes=\"auto, (max-width: 800px) 100vw, 800px\" \/><\/a><\/figure>\n\n\n\n<p class=\"has-text-align-center\"><a href=\"https:\/\/swiatsupli.pl\/wsparcie-nerek-i-watroby-kompleks-panaseus-formula-na-nerki-50kaps\/p11163?utm_source=blog&amp;utm_medium=referral&amp;utm_campaign=Og%C3%B3recznik_Lekarski%3A_Kompleksowa_Analiza_W%C5%82a%C5%9Bciwo%C5%9Bci_Terapeutycznych_i_Zastosowa%C5%84_w_Suplementacji\" target=\"_blank\" rel=\"noreferrer noopener\">Panaseus Formu\u0142a na nerki 50kaps-KLIKNIJ TUTAJ<\/a><\/p>\n\n\n\n<hr class=\"wp-block-separator has-alpha-channel-opacity\"\/>\n\n\n\n<h2 class=\"wp-block-heading\"><span class=\"ez-toc-section\" id=\"Zastosowania_Dermatologiczne_i_Kosmetyczne\"><\/span>Zastosowania Dermatologiczne i Kosmetyczne<span class=\"ez-toc-section-end\"><\/span><\/h2>\n\n\n\n<ul class=\"wp-block-list\">\n<li><strong>Regeneracja sk\u00f3ry<\/strong> \u2013 odbudowa bariery hydrolipidowej.<\/li>\n\n\n\n<li><strong>Leczenie schorze\u0144 zapalnych sk\u00f3ry<\/strong> \u2013 AZS, \u0142uszczyca, tr\u0105dzik.<\/li>\n\n\n\n<li><strong>Ochrona przed fotostarzeniem<\/strong> \u2013 antyoksydanty spowalniaj\u0105 proces starzenia sk\u00f3ry.<\/li>\n<\/ul>\n\n\n\n<hr class=\"wp-block-separator has-alpha-channel-opacity\"\/>\n\n\n\n<h2 class=\"wp-block-heading\"><span class=\"ez-toc-section\" id=\"Ogorecznik_w_Pielegnacji_Wlosow_i_Skory_Glowy\"><\/span>Og\u00f3recznik w Piel\u0119gnacji W\u0142os\u00f3w i Sk\u00f3ry G\u0142owy<span class=\"ez-toc-section-end\"><\/span><\/h2>\n\n\n\n<ul class=\"wp-block-list\">\n<li><strong>Wzmacnia mieszki w\u0142osowe<\/strong> \u2013 poprawia elastyczno\u015b\u0107 i struktur\u0119 w\u0142os\u00f3w.<\/li>\n\n\n\n<li><strong>\u0141agodzi podra\u017cnienia sk\u00f3ry g\u0142owy<\/strong> \u2013 pomocny przy \u0142upie\u017cu i \u0142ojotokowym zapaleniu sk\u00f3ry.<\/li>\n<\/ul>\n\n\n\n<hr class=\"wp-block-separator has-alpha-channel-opacity\"\/>\n\n\n\n<h2 class=\"wp-block-heading\"><span class=\"ez-toc-section\" id=\"Dawkowanie_i_Schematy_Suplementacji\"><\/span>Dawkowanie i Schematy Suplementacji<span class=\"ez-toc-section-end\"><\/span><\/h2>\n\n\n\n<ul class=\"wp-block-list\">\n<li><strong>Doro\u015bli<\/strong>: 5 ml oleju (1\u20131,3 g GLA) lub 1000\u20131300 mg kapsu\u0142ek dziennie.<\/li>\n\n\n\n<li><strong>Dzieci powy\u017cej 3 lat<\/strong>: po\u0142owa dawki doros\u0142ych (po konsultacji z pediatr\u0105).<\/li>\n\n\n\n<li><strong>Kuracje terapeutyczne<\/strong>: 2\u20133 g GLA dziennie przez 3\u20136 miesi\u0119cy.<\/li>\n\n\n\n<li><strong>Stosowanie profilaktyczne<\/strong>: d\u0142ugotrwale z przerwami co 3\u20134 miesi\u0105ce.<\/li>\n<\/ul>\n\n\n\n<hr class=\"wp-block-separator has-alpha-channel-opacity\"\/>\n\n\n\n<h2 class=\"wp-block-heading\"><span class=\"ez-toc-section\" id=\"Przygotowanie_i_Stosowanie_Naparu_z_Ogorecznika\"><\/span>Przygotowanie i Stosowanie Naparu z Og\u00f3recznika<span class=\"ez-toc-section-end\"><\/span><\/h2>\n\n\n\n<ul class=\"wp-block-list\">\n<li><strong>Przepis<\/strong>:\n<ul class=\"wp-block-list\">\n<li>2 g suszonego ziela lub 4\u20135 g \u015bwie\u017cych li\u015bci na szklank\u0119 wrz\u0105tku<\/li>\n\n\n\n<li>parzy\u0107 10\u201315 minut pod przykryciem<\/li>\n<\/ul>\n<\/li>\n\n\n\n<li><strong>Dawkowanie<\/strong>: 2\u20133 szklanki dziennie (przy przezi\u0119bieniu do 4\u20135).<\/li>\n\n\n\n<li><strong>Zastosowanie zewn\u0119trzne<\/strong>: ok\u0142ady i przemywania sk\u00f3ry.<\/li>\n<\/ul>\n\n\n\n<hr class=\"wp-block-separator has-alpha-channel-opacity\"\/>\n\n\n\n<h2 class=\"wp-block-heading\"><span class=\"ez-toc-section\" id=\"Interakcje_Lekowe_i_Srodki_Ostroznosci\"><\/span>Interakcje Lekowe i \u015arodki Ostro\u017cno\u015bci<span class=\"ez-toc-section-end\"><\/span><\/h2>\n\n\n\n<ul class=\"wp-block-list\">\n<li><strong>Z lekami przeciwzakrzepowymi<\/strong> (np. warfaryna) \u2013 ryzyko nasilenia dzia\u0142ania.<\/li>\n\n\n\n<li><strong>Z NLPZ<\/strong> \u2013 mo\u017cliwo\u015b\u0107 nasilenia efektu terapeutycznego i dzia\u0142a\u0144 ubocznych.<\/li>\n\n\n\n<li><strong>Z lekami immunosupresyjnymi<\/strong> \u2013 potencjalna interferencja.<\/li>\n<\/ul>\n\n\n\n<hr class=\"wp-block-separator has-alpha-channel-opacity\"\/>\n\n\n\n<h2 class=\"wp-block-heading\"><span class=\"ez-toc-section\" id=\"Przeciwwskazania_i_Potencjalne_Dzialania_Niepozadane\"><\/span>Przeciwwskazania i Potencjalne Dzia\u0142ania Niepo\u017c\u0105dane<span class=\"ez-toc-section-end\"><\/span><\/h2>\n\n\n\n<ul class=\"wp-block-list\">\n<li><strong>Nadwra\u017cliwo\u015b\u0107<\/strong> na sk\u0142adniki ro\u015bliny.<\/li>\n\n\n\n<li><strong>Ci\u0105\u017ca i laktacja<\/strong> \u2013 brak wystarczaj\u0105cych bada\u0144, mo\u017cliwe ryzyko skurcz\u00f3w macicy.<\/li>\n\n\n\n<li><strong>Choroby autoimmunologiczne<\/strong> \u2013 konieczna konsultacja lekarska.<\/li>\n\n\n\n<li><strong>Dzia\u0142ania uboczne<\/strong>: nudno\u015bci, wzd\u0119cia, lu\u017ane stolce (przy wysokich dawkach).<\/li>\n<\/ul>\n\n\n\n<hr class=\"wp-block-separator has-alpha-channel-opacity\"\/>\n\n\n\n<h2 class=\"wp-block-heading\"><span class=\"ez-toc-section\" id=\"Jakosc_i_Standaryzacja_Preparatow_z_Ogorecznika\"><\/span>Jako\u015b\u0107 i Standaryzacja Preparat\u00f3w z Og\u00f3recznika<span class=\"ez-toc-section-end\"><\/span><\/h2>\n\n\n\n<ul class=\"wp-block-list\">\n<li><strong>Olej t\u0142oczony na zimno<\/strong> \u2013 gwarancja pe\u0142nej zawarto\u015bci GLA.<\/li>\n\n\n\n<li><strong>Standaryzacja<\/strong>: min. 20% GLA, potwierdzona analiz\u0105 chromatograficzn\u0105.<\/li>\n\n\n\n<li><strong>Stabilno\u015b\u0107<\/strong>: dodatek witaminy E i przechowywanie w ciemnych, ch\u0142odnych miejscach.<\/li>\n<\/ul>\n\n\n\n<hr class=\"wp-block-separator has-alpha-channel-opacity\"\/>\n\n\n\n<h2 class=\"wp-block-heading\"><span class=\"ez-toc-section\" id=\"Ogorecznik_w_Kontekscie_Zrownowazonego_Rozwoju\"><\/span>Og\u00f3recznik w Kontek\u015bcie Zr\u00f3wnowa\u017conego Rozwoju<span class=\"ez-toc-section-end\"><\/span><\/h2>\n\n\n\n<ul class=\"wp-block-list\">\n<li><strong>Uprawa ekologiczna<\/strong> \u2013 wspiera zapylacze i lokaln\u0105 gospodark\u0119.<\/li>\n\n\n\n<li><strong>Zmniejszony \u015blad w\u0119glowy<\/strong> \u2013 lokalna produkcja suplement\u00f3w w Polsce.<\/li>\n<\/ul>\n\n\n\n<hr class=\"wp-block-separator has-alpha-channel-opacity\"\/>\n\n\n\n<h2 class=\"wp-block-heading\"><span class=\"ez-toc-section\" id=\"Perspektywy_Badawcze_i_Przyszlosc_Ogorecznika_w_Medycynie\"><\/span>Perspektywy Badawcze i Przysz\u0142o\u015b\u0107 Og\u00f3recznika w Medycynie<span class=\"ez-toc-section-end\"><\/span><\/h2>\n\n\n\n<ul class=\"wp-block-list\">\n<li><strong>Neuroprotekcja<\/strong> \u2013 potencjalne zastosowanie w stwardnieniu rozsianym i neuropatii.<\/li>\n\n\n\n<li><strong>Onkologia<\/strong> \u2013 badania nad dzia\u0142aniem przeciwnowotworowym i hamowaniem angiogenezy.<\/li>\n\n\n\n<li><strong>Nowoczesne formy suplement\u00f3w<\/strong> \u2013 nanotechnologia dla lepszej biodost\u0119pno\u015bci.<\/li>\n<\/ul>\n\n\n\n<hr class=\"wp-block-separator has-alpha-channel-opacity\"\/>\n\n\n\n<h2 class=\"wp-block-heading\"><span class=\"ez-toc-section\" id=\"Podsumowanie\"><\/span>Podsumowanie<span class=\"ez-toc-section-end\"><\/span><\/h2>\n\n\n\n<p>Og\u00f3recznik lekarski \u0142\u0105czy tradycyjn\u0105 wiedz\u0119 zielarsk\u0105 z najnowszymi odkryciami naukowymi. Bogactwo bioaktywnych sk\u0142adnik\u00f3w czyni go wszechstronnym narz\u0119dziem w profilaktyce i leczeniu wielu schorze\u0144 \u2013 od uk\u0142adu sercowo-naczyniowego, przez regulacj\u0119 hormonaln\u0105 u kobiet, po dermatologi\u0119 i kosmetologi\u0119.<\/p>\n\n\n\n<p><strong>\u015awiat Supli<\/strong> oferuje preparaty z og\u00f3recznika o najwy\u017cszej jako\u015bci, kt\u00f3rych skuteczno\u015b\u0107 i bezpiecze\u0144stwo potwierdzaj\u0105 badania i certyfikaty.<\/p>\n","protected":false},"excerpt":{"rendered":"<p>Og\u00f3recznik lekarski (Borago officinalis) stanowi fascynuj\u0105cy przyk\u0142ad ro\u015bliny, kt\u00f3ra przez wieki funkcjonowa\u0142a g\u0142\u00f3wnie w medycynie ludowej, aby w ostatnich dekadach sta\u0107 si\u0119 przedmiotem intensywnych bada\u0144 naukowych. Ta miododajna ro\u015blina, powszechnie uprawiana w Polsce, zawdzi\u0119cza swoje&#8230;<\/p>\n","protected":false},"author":17,"featured_media":21880,"comment_status":"closed","ping_status":"closed","sticky":false,"template":"","format":"standard","meta":{"_editorskit_title_hidden":false,"_editorskit_reading_time":0,"_editorskit_is_block_options_detached":false,"_editorskit_block_options_position":"{}","inline_featured_image":false,"rop_custom_images_group":[],"rop_custom_messages_group":[],"rop_publish_now":"initial","rop_publish_now_accounts":[],"rop_publish_now_history":[],"rop_publish_now_status":"pending","footnotes":""},"categories":[1380],"tags":[2853,2060,3413,3412,2093,3414,471,3415],"class_list":{"0":"post-21879","1":"post","2":"type-post","3":"status-publish","4":"format-standard","5":"has-post-thumbnail","7":"category-suplementy-naturalne","8":"tag-analiza","9":"tag-i","10":"tag-lekarski","11":"tag-ogorecznik","12":"tag-suplementacji","13":"tag-terapeutycznych","14":"tag-wlasciwosci","15":"tag-zastosowan"},"yoast_head":"<!-- This site is optimized with the Yoast SEO plugin v27.5 - https:\/\/yoast.com\/product\/yoast-seo-wordpress\/ -->\n<title>Og\u00f3recznik Lekarski: Kompleksowa Analiza W\u0142a\u015bciwo\u015bci Terapeutycznych i Zastosowa\u0144 w Suplementacji - Blog \u015awiat Supli<\/title>\n<meta name=\"description\" content=\"Og\u00f3recznik Lekarski: Kompleksowa Analiza W\u0142a\u015bciwo\u015bci Terapeutycznych i Zastosowa\u0144 w Suplementacji - zobacz wi\u0119cej na blogu \u015awiatSupli.pl\" \/>\n<meta name=\"robots\" content=\"index, follow, max-snippet:-1, max-image-preview:large, max-video-preview:-1\" \/>\n<link rel=\"canonical\" href=\"https:\/\/swiatsupli.pl\/blog\/ogorecznik-lekarski-kompleksowa-analiza-wlasciwosci-terapeutycznych-i-zastosowan-w-suplementacji\/\" \/>\n<meta property=\"og:locale\" content=\"pl_PL\" \/>\n<meta property=\"og:type\" content=\"article\" \/>\n<meta property=\"og:title\" content=\"Og\u00f3recznik Lekarski: Kompleksowa Analiza W\u0142a\u015bciwo\u015bci Terapeutycznych i Zastosowa\u0144 w Suplementacji - Blog \u015awiat Supli\" \/>\n<meta property=\"og:description\" content=\"Og\u00f3recznik Lekarski: Kompleksowa Analiza W\u0142a\u015bciwo\u015bci Terapeutycznych i Zastosowa\u0144 w Suplementacji - zobacz wi\u0119cej na blogu \u015awiatSupli.pl\" \/>\n<meta property=\"og:url\" content=\"https:\/\/swiatsupli.pl\/blog\/ogorecznik-lekarski-kompleksowa-analiza-wlasciwosci-terapeutycznych-i-zastosowan-w-suplementacji\/\" \/>\n<meta property=\"og:site_name\" content=\"Blog \u015awiat Supli\" \/>\n<meta property=\"article:publisher\" content=\"https:\/\/www.facebook.com\/Swiat.Supli\" \/>\n<meta property=\"article:published_time\" content=\"2025-07-28T15:06:51+00:00\" \/>\n<meta property=\"article:modified_time\" content=\"2025-07-28T15:06:53+00:00\" \/>\n<meta property=\"og:image\" content=\"https:\/\/swiatsupli.pl\/blog\/wp-content\/uploads\/2025\/07\/Ogorecznik-Lekarski-Kompleksowa-Analiza-Wlasciwosci-Terapeutycznych-i-Zastosowan-w-Suplementacji.jpg\" \/>\n\t<meta property=\"og:image:width\" content=\"1366\" \/>\n\t<meta property=\"og:image:height\" content=\"768\" \/>\n\t<meta property=\"og:image:type\" content=\"image\/jpeg\" \/>\n<meta name=\"author\" content=\"Przemek \u2013 Trener i Ekspert Suplementacji\" \/>\n<meta name=\"twitter:card\" content=\"summary_large_image\" \/>\n<meta name=\"twitter:creator\" content=\"@SwiatSupli\" \/>\n<meta name=\"twitter:site\" content=\"@SwiatSupli\" \/>\n<meta name=\"twitter:label1\" content=\"Napisane przez\" \/>\n\t<meta name=\"twitter:data1\" content=\"Przemek \u2013 Trener i Ekspert Suplementacji\" \/>\n\t<meta name=\"twitter:label2\" content=\"Szacowany czas czytania\" \/>\n\t<meta name=\"twitter:data2\" content=\"5 minut\" \/>\n<script type=\"application\/ld+json\" class=\"yoast-schema-graph\">{\"@context\":\"https:\\\/\\\/schema.org\",\"@graph\":[{\"@type\":\"Article\",\"@id\":\"https:\\\/\\\/swiatsupli.pl\\\/blog\\\/ogorecznik-lekarski-kompleksowa-analiza-wlasciwosci-terapeutycznych-i-zastosowan-w-suplementacji\\\/#article\",\"isPartOf\":{\"@id\":\"https:\\\/\\\/swiatsupli.pl\\\/blog\\\/ogorecznik-lekarski-kompleksowa-analiza-wlasciwosci-terapeutycznych-i-zastosowan-w-suplementacji\\\/\"},\"author\":{\"name\":\"Przemek \u2013 Trener i Ekspert Suplementacji\",\"@id\":\"https:\\\/\\\/swiatsupli.pl\\\/blog\\\/#\\\/schema\\\/person\\\/b0f37b0e0d211afc8a9eb2e96e7b3a8c\"},\"headline\":\"Og\u00f3recznik Lekarski: Kompleksowa Analiza W\u0142a\u015bciwo\u015bci Terapeutycznych i Zastosowa\u0144 w Suplementacji\",\"datePublished\":\"2025-07-28T15:06:51+00:00\",\"dateModified\":\"2025-07-28T15:06:53+00:00\",\"mainEntityOfPage\":{\"@id\":\"https:\\\/\\\/swiatsupli.pl\\\/blog\\\/ogorecznik-lekarski-kompleksowa-analiza-wlasciwosci-terapeutycznych-i-zastosowan-w-suplementacji\\\/\"},\"wordCount\":862,\"publisher\":{\"@id\":\"https:\\\/\\\/swiatsupli.pl\\\/blog\\\/#organization\"},\"image\":{\"@id\":\"https:\\\/\\\/swiatsupli.pl\\\/blog\\\/ogorecznik-lekarski-kompleksowa-analiza-wlasciwosci-terapeutycznych-i-zastosowan-w-suplementacji\\\/#primaryimage\"},\"thumbnailUrl\":\"https:\\\/\\\/swiatsupli.pl\\\/blog\\\/wp-content\\\/uploads\\\/2025\\\/07\\\/Ogorecznik-Lekarski-Kompleksowa-Analiza-Wlasciwosci-Terapeutycznych-i-Zastosowan-w-Suplementacji.jpg\",\"keywords\":[\"Analiza\",\"i\",\"Lekarski\",\"Og\u00f3recznik\",\"Suplementacji\",\"Terapeutycznych\",\"w\u0142a\u015bciwo\u015bci\",\"Zastosowan\"],\"articleSection\":[\"Suplementy naturalne\"],\"inLanguage\":\"pl-PL\"},{\"@type\":\"WebPage\",\"@id\":\"https:\\\/\\\/swiatsupli.pl\\\/blog\\\/ogorecznik-lekarski-kompleksowa-analiza-wlasciwosci-terapeutycznych-i-zastosowan-w-suplementacji\\\/\",\"url\":\"https:\\\/\\\/swiatsupli.pl\\\/blog\\\/ogorecznik-lekarski-kompleksowa-analiza-wlasciwosci-terapeutycznych-i-zastosowan-w-suplementacji\\\/\",\"name\":\"Og\u00f3recznik Lekarski: Kompleksowa Analiza W\u0142a\u015bciwo\u015bci Terapeutycznych i Zastosowa\u0144 w Suplementacji - Blog \u015awiat Supli\",\"isPartOf\":{\"@id\":\"https:\\\/\\\/swiatsupli.pl\\\/blog\\\/#website\"},\"primaryImageOfPage\":{\"@id\":\"https:\\\/\\\/swiatsupli.pl\\\/blog\\\/ogorecznik-lekarski-kompleksowa-analiza-wlasciwosci-terapeutycznych-i-zastosowan-w-suplementacji\\\/#primaryimage\"},\"image\":{\"@id\":\"https:\\\/\\\/swiatsupli.pl\\\/blog\\\/ogorecznik-lekarski-kompleksowa-analiza-wlasciwosci-terapeutycznych-i-zastosowan-w-suplementacji\\\/#primaryimage\"},\"thumbnailUrl\":\"https:\\\/\\\/swiatsupli.pl\\\/blog\\\/wp-content\\\/uploads\\\/2025\\\/07\\\/Ogorecznik-Lekarski-Kompleksowa-Analiza-Wlasciwosci-Terapeutycznych-i-Zastosowan-w-Suplementacji.jpg\",\"datePublished\":\"2025-07-28T15:06:51+00:00\",\"dateModified\":\"2025-07-28T15:06:53+00:00\",\"description\":\"Og\u00f3recznik Lekarski: Kompleksowa Analiza W\u0142a\u015bciwo\u015bci Terapeutycznych i Zastosowa\u0144 w Suplementacji - zobacz wi\u0119cej na blogu \u015awiatSupli.pl\",\"breadcrumb\":{\"@id\":\"https:\\\/\\\/swiatsupli.pl\\\/blog\\\/ogorecznik-lekarski-kompleksowa-analiza-wlasciwosci-terapeutycznych-i-zastosowan-w-suplementacji\\\/#breadcrumb\"},\"inLanguage\":\"pl-PL\",\"potentialAction\":[{\"@type\":\"ReadAction\",\"target\":[\"https:\\\/\\\/swiatsupli.pl\\\/blog\\\/ogorecznik-lekarski-kompleksowa-analiza-wlasciwosci-terapeutycznych-i-zastosowan-w-suplementacji\\\/\"]}]},{\"@type\":\"ImageObject\",\"inLanguage\":\"pl-PL\",\"@id\":\"https:\\\/\\\/swiatsupli.pl\\\/blog\\\/ogorecznik-lekarski-kompleksowa-analiza-wlasciwosci-terapeutycznych-i-zastosowan-w-suplementacji\\\/#primaryimage\",\"url\":\"https:\\\/\\\/swiatsupli.pl\\\/blog\\\/wp-content\\\/uploads\\\/2025\\\/07\\\/Ogorecznik-Lekarski-Kompleksowa-Analiza-Wlasciwosci-Terapeutycznych-i-Zastosowan-w-Suplementacji.jpg\",\"contentUrl\":\"https:\\\/\\\/swiatsupli.pl\\\/blog\\\/wp-content\\\/uploads\\\/2025\\\/07\\\/Ogorecznik-Lekarski-Kompleksowa-Analiza-Wlasciwosci-Terapeutycznych-i-Zastosowan-w-Suplementacji.jpg\",\"width\":1366,\"height\":768},{\"@type\":\"BreadcrumbList\",\"@id\":\"https:\\\/\\\/swiatsupli.pl\\\/blog\\\/ogorecznik-lekarski-kompleksowa-analiza-wlasciwosci-terapeutycznych-i-zastosowan-w-suplementacji\\\/#breadcrumb\",\"itemListElement\":[{\"@type\":\"ListItem\",\"position\":1,\"name\":\"Strona g\u0142\u00f3wna\",\"item\":\"https:\\\/\\\/swiatsupli.pl\\\/blog\\\/\"},{\"@type\":\"ListItem\",\"position\":2,\"name\":\"Og\u00f3recznik Lekarski: Kompleksowa Analiza W\u0142a\u015bciwo\u015bci Terapeutycznych i Zastosowa\u0144 w Suplementacji\"}]},{\"@type\":\"WebSite\",\"@id\":\"https:\\\/\\\/swiatsupli.pl\\\/blog\\\/#website\",\"url\":\"https:\\\/\\\/swiatsupli.pl\\\/blog\\\/\",\"name\":\"Blog \u015awiat Supli\",\"description\":\"Wspieramy Tw\u00f3j styl \u017cycia\",\"publisher\":{\"@id\":\"https:\\\/\\\/swiatsupli.pl\\\/blog\\\/#organization\"},\"potentialAction\":[{\"@type\":\"SearchAction\",\"target\":{\"@type\":\"EntryPoint\",\"urlTemplate\":\"https:\\\/\\\/swiatsupli.pl\\\/blog\\\/?s={search_term_string}\"},\"query-input\":{\"@type\":\"PropertyValueSpecification\",\"valueRequired\":true,\"valueName\":\"search_term_string\"}}],\"inLanguage\":\"pl-PL\"},{\"@type\":\"Organization\",\"@id\":\"https:\\\/\\\/swiatsupli.pl\\\/blog\\\/#organization\",\"name\":\"\u015awiat Supli\",\"url\":\"https:\\\/\\\/swiatsupli.pl\\\/blog\\\/\",\"logo\":{\"@type\":\"ImageObject\",\"inLanguage\":\"pl-PL\",\"@id\":\"https:\\\/\\\/swiatsupli.pl\\\/blog\\\/#\\\/schema\\\/logo\\\/image\\\/\",\"url\":\"https:\\\/\\\/swiatsupli.pl\\\/blog\\\/wp-content\\\/uploads\\\/2020\\\/10\\\/swiat-supli-logo-hex-color-bg-2-scaled.jpg\",\"contentUrl\":\"https:\\\/\\\/swiatsupli.pl\\\/blog\\\/wp-content\\\/uploads\\\/2020\\\/10\\\/swiat-supli-logo-hex-color-bg-2-scaled.jpg\",\"width\":2560,\"height\":680,\"caption\":\"\u015awiat Supli\"},\"image\":{\"@id\":\"https:\\\/\\\/swiatsupli.pl\\\/blog\\\/#\\\/schema\\\/logo\\\/image\\\/\"},\"sameAs\":[\"https:\\\/\\\/www.facebook.com\\\/Swiat.Supli\",\"https:\\\/\\\/x.com\\\/SwiatSupli\",\"https:\\\/\\\/www.instagram.com\\\/swiatsupli_pl\\\/\",\"https:\\\/\\\/www.youtube.com\\\/channel\\\/UCbrXSxhnVQmv08kapZgYW5Q\"]},{\"@type\":\"Person\",\"@id\":\"https:\\\/\\\/swiatsupli.pl\\\/blog\\\/#\\\/schema\\\/person\\\/b0f37b0e0d211afc8a9eb2e96e7b3a8c\",\"name\":\"Przemek \u2013 Trener i Ekspert Suplementacji\",\"url\":\"https:\\\/\\\/swiatsupli.pl\\\/blog\\\/author\\\/swiat-supli\\\/\"}]}<\/script>\n<!-- \/ Yoast SEO plugin. -->","yoast_head_json":{"title":"Og\u00f3recznik Lekarski: Kompleksowa Analiza W\u0142a\u015bciwo\u015bci Terapeutycznych i Zastosowa\u0144 w Suplementacji - Blog \u015awiat Supli","description":"Og\u00f3recznik Lekarski: Kompleksowa Analiza W\u0142a\u015bciwo\u015bci Terapeutycznych i Zastosowa\u0144 w Suplementacji - zobacz wi\u0119cej na blogu \u015awiatSupli.pl","robots":{"index":"index","follow":"follow","max-snippet":"max-snippet:-1","max-image-preview":"max-image-preview:large","max-video-preview":"max-video-preview:-1"},"canonical":"https:\/\/swiatsupli.pl\/blog\/ogorecznik-lekarski-kompleksowa-analiza-wlasciwosci-terapeutycznych-i-zastosowan-w-suplementacji\/","og_locale":"pl_PL","og_type":"article","og_title":"Og\u00f3recznik Lekarski: Kompleksowa Analiza W\u0142a\u015bciwo\u015bci Terapeutycznych i Zastosowa\u0144 w Suplementacji - Blog \u015awiat Supli","og_description":"Og\u00f3recznik Lekarski: Kompleksowa Analiza W\u0142a\u015bciwo\u015bci Terapeutycznych i Zastosowa\u0144 w Suplementacji - zobacz wi\u0119cej na blogu \u015awiatSupli.pl","og_url":"https:\/\/swiatsupli.pl\/blog\/ogorecznik-lekarski-kompleksowa-analiza-wlasciwosci-terapeutycznych-i-zastosowan-w-suplementacji\/","og_site_name":"Blog \u015awiat Supli","article_publisher":"https:\/\/www.facebook.com\/Swiat.Supli","article_published_time":"2025-07-28T15:06:51+00:00","article_modified_time":"2025-07-28T15:06:53+00:00","og_image":[{"width":1366,"height":768,"url":"https:\/\/swiatsupli.pl\/blog\/wp-content\/uploads\/2025\/07\/Ogorecznik-Lekarski-Kompleksowa-Analiza-Wlasciwosci-Terapeutycznych-i-Zastosowan-w-Suplementacji.jpg","type":"image\/jpeg"}],"author":"Przemek \u2013 Trener i Ekspert Suplementacji","twitter_card":"summary_large_image","twitter_creator":"@SwiatSupli","twitter_site":"@SwiatSupli","twitter_misc":{"Napisane przez":"Przemek \u2013 Trener i Ekspert Suplementacji","Szacowany czas czytania":"5 minut"},"schema":{"@context":"https:\/\/schema.org","@graph":[{"@type":"Article","@id":"https:\/\/swiatsupli.pl\/blog\/ogorecznik-lekarski-kompleksowa-analiza-wlasciwosci-terapeutycznych-i-zastosowan-w-suplementacji\/#article","isPartOf":{"@id":"https:\/\/swiatsupli.pl\/blog\/ogorecznik-lekarski-kompleksowa-analiza-wlasciwosci-terapeutycznych-i-zastosowan-w-suplementacji\/"},"author":{"name":"Przemek \u2013 Trener i Ekspert Suplementacji","@id":"https:\/\/swiatsupli.pl\/blog\/#\/schema\/person\/b0f37b0e0d211afc8a9eb2e96e7b3a8c"},"headline":"Og\u00f3recznik Lekarski: Kompleksowa Analiza W\u0142a\u015bciwo\u015bci Terapeutycznych i Zastosowa\u0144 w Suplementacji","datePublished":"2025-07-28T15:06:51+00:00","dateModified":"2025-07-28T15:06:53+00:00","mainEntityOfPage":{"@id":"https:\/\/swiatsupli.pl\/blog\/ogorecznik-lekarski-kompleksowa-analiza-wlasciwosci-terapeutycznych-i-zastosowan-w-suplementacji\/"},"wordCount":862,"publisher":{"@id":"https:\/\/swiatsupli.pl\/blog\/#organization"},"image":{"@id":"https:\/\/swiatsupli.pl\/blog\/ogorecznik-lekarski-kompleksowa-analiza-wlasciwosci-terapeutycznych-i-zastosowan-w-suplementacji\/#primaryimage"},"thumbnailUrl":"https:\/\/swiatsupli.pl\/blog\/wp-content\/uploads\/2025\/07\/Ogorecznik-Lekarski-Kompleksowa-Analiza-Wlasciwosci-Terapeutycznych-i-Zastosowan-w-Suplementacji.jpg","keywords":["Analiza","i","Lekarski","Og\u00f3recznik","Suplementacji","Terapeutycznych","w\u0142a\u015bciwo\u015bci","Zastosowan"],"articleSection":["Suplementy naturalne"],"inLanguage":"pl-PL"},{"@type":"WebPage","@id":"https:\/\/swiatsupli.pl\/blog\/ogorecznik-lekarski-kompleksowa-analiza-wlasciwosci-terapeutycznych-i-zastosowan-w-suplementacji\/","url":"https:\/\/swiatsupli.pl\/blog\/ogorecznik-lekarski-kompleksowa-analiza-wlasciwosci-terapeutycznych-i-zastosowan-w-suplementacji\/","name":"Og\u00f3recznik Lekarski: Kompleksowa Analiza W\u0142a\u015bciwo\u015bci Terapeutycznych i Zastosowa\u0144 w Suplementacji - Blog \u015awiat Supli","isPartOf":{"@id":"https:\/\/swiatsupli.pl\/blog\/#website"},"primaryImageOfPage":{"@id":"https:\/\/swiatsupli.pl\/blog\/ogorecznik-lekarski-kompleksowa-analiza-wlasciwosci-terapeutycznych-i-zastosowan-w-suplementacji\/#primaryimage"},"image":{"@id":"https:\/\/swiatsupli.pl\/blog\/ogorecznik-lekarski-kompleksowa-analiza-wlasciwosci-terapeutycznych-i-zastosowan-w-suplementacji\/#primaryimage"},"thumbnailUrl":"https:\/\/swiatsupli.pl\/blog\/wp-content\/uploads\/2025\/07\/Ogorecznik-Lekarski-Kompleksowa-Analiza-Wlasciwosci-Terapeutycznych-i-Zastosowan-w-Suplementacji.jpg","datePublished":"2025-07-28T15:06:51+00:00","dateModified":"2025-07-28T15:06:53+00:00","description":"Og\u00f3recznik Lekarski: Kompleksowa Analiza W\u0142a\u015bciwo\u015bci Terapeutycznych i Zastosowa\u0144 w Suplementacji - zobacz wi\u0119cej na blogu \u015awiatSupli.pl","breadcrumb":{"@id":"https:\/\/swiatsupli.pl\/blog\/ogorecznik-lekarski-kompleksowa-analiza-wlasciwosci-terapeutycznych-i-zastosowan-w-suplementacji\/#breadcrumb"},"inLanguage":"pl-PL","potentialAction":[{"@type":"ReadAction","target":["https:\/\/swiatsupli.pl\/blog\/ogorecznik-lekarski-kompleksowa-analiza-wlasciwosci-terapeutycznych-i-zastosowan-w-suplementacji\/"]}]},{"@type":"ImageObject","inLanguage":"pl-PL","@id":"https:\/\/swiatsupli.pl\/blog\/ogorecznik-lekarski-kompleksowa-analiza-wlasciwosci-terapeutycznych-i-zastosowan-w-suplementacji\/#primaryimage","url":"https:\/\/swiatsupli.pl\/blog\/wp-content\/uploads\/2025\/07\/Ogorecznik-Lekarski-Kompleksowa-Analiza-Wlasciwosci-Terapeutycznych-i-Zastosowan-w-Suplementacji.jpg","contentUrl":"https:\/\/swiatsupli.pl\/blog\/wp-content\/uploads\/2025\/07\/Ogorecznik-Lekarski-Kompleksowa-Analiza-Wlasciwosci-Terapeutycznych-i-Zastosowan-w-Suplementacji.jpg","width":1366,"height":768},{"@type":"BreadcrumbList","@id":"https:\/\/swiatsupli.pl\/blog\/ogorecznik-lekarski-kompleksowa-analiza-wlasciwosci-terapeutycznych-i-zastosowan-w-suplementacji\/#breadcrumb","itemListElement":[{"@type":"ListItem","position":1,"name":"Strona g\u0142\u00f3wna","item":"https:\/\/swiatsupli.pl\/blog\/"},{"@type":"ListItem","position":2,"name":"Og\u00f3recznik Lekarski: Kompleksowa Analiza W\u0142a\u015bciwo\u015bci Terapeutycznych i Zastosowa\u0144 w Suplementacji"}]},{"@type":"WebSite","@id":"https:\/\/swiatsupli.pl\/blog\/#website","url":"https:\/\/swiatsupli.pl\/blog\/","name":"Blog \u015awiat Supli","description":"Wspieramy Tw\u00f3j styl \u017cycia","publisher":{"@id":"https:\/\/swiatsupli.pl\/blog\/#organization"},"potentialAction":[{"@type":"SearchAction","target":{"@type":"EntryPoint","urlTemplate":"https:\/\/swiatsupli.pl\/blog\/?s={search_term_string}"},"query-input":{"@type":"PropertyValueSpecification","valueRequired":true,"valueName":"search_term_string"}}],"inLanguage":"pl-PL"},{"@type":"Organization","@id":"https:\/\/swiatsupli.pl\/blog\/#organization","name":"\u015awiat Supli","url":"https:\/\/swiatsupli.pl\/blog\/","logo":{"@type":"ImageObject","inLanguage":"pl-PL","@id":"https:\/\/swiatsupli.pl\/blog\/#\/schema\/logo\/image\/","url":"https:\/\/swiatsupli.pl\/blog\/wp-content\/uploads\/2020\/10\/swiat-supli-logo-hex-color-bg-2-scaled.jpg","contentUrl":"https:\/\/swiatsupli.pl\/blog\/wp-content\/uploads\/2020\/10\/swiat-supli-logo-hex-color-bg-2-scaled.jpg","width":2560,"height":680,"caption":"\u015awiat Supli"},"image":{"@id":"https:\/\/swiatsupli.pl\/blog\/#\/schema\/logo\/image\/"},"sameAs":["https:\/\/www.facebook.com\/Swiat.Supli","https:\/\/x.com\/SwiatSupli","https:\/\/www.instagram.com\/swiatsupli_pl\/","https:\/\/www.youtube.com\/channel\/UCbrXSxhnVQmv08kapZgYW5Q"]},{"@type":"Person","@id":"https:\/\/swiatsupli.pl\/blog\/#\/schema\/person\/b0f37b0e0d211afc8a9eb2e96e7b3a8c","name":"Przemek \u2013 Trener i Ekspert Suplementacji","url":"https:\/\/swiatsupli.pl\/blog\/author\/swiat-supli\/"}]}},"_links":{"self":[{"href":"https:\/\/swiatsupli.pl\/blog\/wp-json\/wp\/v2\/posts\/21879","targetHints":{"allow":["GET"]}}],"collection":[{"href":"https:\/\/swiatsupli.pl\/blog\/wp-json\/wp\/v2\/posts"}],"about":[{"href":"https:\/\/swiatsupli.pl\/blog\/wp-json\/wp\/v2\/types\/post"}],"author":[{"embeddable":true,"href":"https:\/\/swiatsupli.pl\/blog\/wp-json\/wp\/v2\/users\/17"}],"replies":[{"embeddable":true,"href":"https:\/\/swiatsupli.pl\/blog\/wp-json\/wp\/v2\/comments?post=21879"}],"version-history":[{"count":1,"href":"https:\/\/swiatsupli.pl\/blog\/wp-json\/wp\/v2\/posts\/21879\/revisions"}],"predecessor-version":[{"id":21884,"href":"https:\/\/swiatsupli.pl\/blog\/wp-json\/wp\/v2\/posts\/21879\/revisions\/21884"}],"wp:featuredmedia":[{"embeddable":true,"href":"https:\/\/swiatsupli.pl\/blog\/wp-json\/wp\/v2\/media\/21880"}],"wp:attachment":[{"href":"https:\/\/swiatsupli.pl\/blog\/wp-json\/wp\/v2\/media?parent=21879"}],"wp:term":[{"taxonomy":"category","embeddable":true,"href":"https:\/\/swiatsupli.pl\/blog\/wp-json\/wp\/v2\/categories?post=21879"},{"taxonomy":"post_tag","embeddable":true,"href":"https:\/\/swiatsupli.pl\/blog\/wp-json\/wp\/v2\/tags?post=21879"}],"curies":[{"name":"wp","href":"https:\/\/api.w.org\/{rel}","templated":true}]}}