{"id":21759,"date":"2025-07-17T12:47:00","date_gmt":"2025-07-17T10:47:00","guid":{"rendered":"https:\/\/swiatsupli.pl\/blog\/?p=21759"},"modified":"2025-07-17T10:08:13","modified_gmt":"2025-07-17T08:08:13","slug":"weganizm-a-zdrowie-mozgu-krytyczne-mikroskladniki-ktorych-moze-brakowac","status":"publish","type":"post","link":"https:\/\/swiatsupli.pl\/blog\/weganizm-a-zdrowie-mozgu-krytyczne-mikroskladniki-ktorych-moze-brakowac\/","title":{"rendered":"Weganizm a zdrowie m\u00f3zgu &#8211; krytyczne mikrosk\u0142adniki, kt\u00f3rych mo\u017ce brakowa\u0107"},"content":{"rendered":"<div id=\"ez-toc-container\" class=\"ez-toc-v2_0_75 counter-hierarchy ez-toc-counter ez-toc-grey ez-toc-container-direction\">\n<div class=\"ez-toc-title-container\">\n<p class=\"ez-toc-title\" style=\"cursor:inherit\">Spis tre\u015bci<\/p>\n<span class=\"ez-toc-title-toggle\"><a href=\"#\" class=\"ez-toc-pull-right ez-toc-btn ez-toc-btn-xs ez-toc-btn-default ez-toc-toggle\" aria-label=\"Toggle Table of Content\"><span class=\"ez-toc-js-icon-con\"><span class=\"\"><span class=\"eztoc-hide\" style=\"display:none;\">Toggle<\/span><span class=\"ez-toc-icon-toggle-span\"><svg style=\"fill: #999;color:#999\" xmlns=\"http:\/\/www.w3.org\/2000\/svg\" class=\"list-377408\" width=\"20px\" height=\"20px\" viewBox=\"0 0 24 24\" fill=\"none\"><path d=\"M6 6H4v2h2V6zm14 0H8v2h12V6zM4 11h2v2H4v-2zm16 0H8v2h12v-2zM4 16h2v2H4v-2zm16 0H8v2h12v-2z\" fill=\"currentColor\"><\/path><\/svg><svg style=\"fill: #999;color:#999\" class=\"arrow-unsorted-368013\" xmlns=\"http:\/\/www.w3.org\/2000\/svg\" width=\"10px\" height=\"10px\" viewBox=\"0 0 24 24\" version=\"1.2\" baseProfile=\"tiny\"><path d=\"M18.2 9.3l-6.2-6.3-6.2 6.3c-.2.2-.3.4-.3.7s.1.5.3.7c.2.2.4.3.7.3h11c.3 0 .5-.1.7-.3.2-.2.3-.5.3-.7s-.1-.5-.3-.7zM5.8 14.7l6.2 6.3 6.2-6.3c.2-.2.3-.5.3-.7s-.1-.5-.3-.7c-.2-.2-.4-.3-.7-.3h-11c-.3 0-.5.1-.7.3-.2.2-.3.5-.3.7s.1.5.3.7z\"\/><\/svg><\/span><\/span><\/span><\/a><\/span><\/div>\n<nav><ul class='ez-toc-list ez-toc-list-level-1 ' ><li class='ez-toc-page-1 ez-toc-heading-level-2'><a class=\"ez-toc-link ez-toc-heading-1\" href=\"https:\/\/swiatsupli.pl\/blog\/weganizm-a-zdrowie-mozgu-krytyczne-mikroskladniki-ktorych-moze-brakowac\/#Witamina_B12_%E2%80%93_krytyczny_brak_ktory_rozwija_sie_latami\" >Witamina B12 &#8211; krytyczny brak, kt\u00f3ry rozwija si\u0119 latami<\/a><\/li><li class='ez-toc-page-1 ez-toc-heading-level-2'><a class=\"ez-toc-link ez-toc-heading-2\" href=\"https:\/\/swiatsupli.pl\/blog\/weganizm-a-zdrowie-mozgu-krytyczne-mikroskladniki-ktorych-moze-brakowac\/#DHA_%E2%80%93_omega-3_ktorego_nie_znajdziesz_w_siemieniu_lnianym\" >DHA &#8211; omega-3, kt\u00f3rego nie znajdziesz w siemieniu lnianym<\/a><\/li><li class='ez-toc-page-1 ez-toc-heading-level-2'><a class=\"ez-toc-link ez-toc-heading-3\" href=\"https:\/\/swiatsupli.pl\/blog\/weganizm-a-zdrowie-mozgu-krytyczne-mikroskladniki-ktorych-moze-brakowac\/#Cholina_%E2%80%93_zapomniany_skladnik_dla_pamieci\" >Cholina &#8211; zapomniany sk\u0142adnik dla pami\u0119ci<\/a><\/li><li class='ez-toc-page-1 ez-toc-heading-level-2'><a class=\"ez-toc-link ez-toc-heading-4\" href=\"https:\/\/swiatsupli.pl\/blog\/weganizm-a-zdrowie-mozgu-krytyczne-mikroskladniki-ktorych-moze-brakowac\/#Zelazo_hemowe_vs_nie-hemowe_%E2%80%93_dlaczego_mozg_cierpi\" >\u017belazo hemowe vs nie-hemowe &#8211; dlaczego m\u00f3zg cierpi<\/a><\/li><li class='ez-toc-page-1 ez-toc-heading-level-2'><a class=\"ez-toc-link ez-toc-heading-5\" href=\"https:\/\/swiatsupli.pl\/blog\/weganizm-a-zdrowie-mozgu-krytyczne-mikroskladniki-ktorych-moze-brakowac\/#Kreatyna_%E2%80%93_nie_tylko_dla_miesni\" >Kreatyna &#8211; nie tylko dla mi\u0119\u015bni<\/a><\/li><li class='ez-toc-page-1 ez-toc-heading-level-2'><a class=\"ez-toc-link ez-toc-heading-6\" href=\"https:\/\/swiatsupli.pl\/blog\/weganizm-a-zdrowie-mozgu-krytyczne-mikroskladniki-ktorych-moze-brakowac\/#Tauryna_%E2%80%93_aminokwas_ktorego_rosliny_nie_produkuja\" >Tauryna &#8211; aminokwas, kt\u00f3rego ro\u015bliny nie produkuj\u0105<\/a><\/li><li class='ez-toc-page-1 ez-toc-heading-level-2'><a class=\"ez-toc-link ez-toc-heading-7\" href=\"https:\/\/swiatsupli.pl\/blog\/weganizm-a-zdrowie-mozgu-krytyczne-mikroskladniki-ktorych-moze-brakowac\/#Jod_%E2%80%93_mikroelement_o_ktorym_zapominaja_weganie\" >Jod &#8211; mikroelement, o kt\u00f3rym zapominaj\u0105 weganie<\/a><\/li><li class='ez-toc-page-1 ez-toc-heading-level-2'><a class=\"ez-toc-link ez-toc-heading-8\" href=\"https:\/\/swiatsupli.pl\/blog\/weganizm-a-zdrowie-mozgu-krytyczne-mikroskladniki-ktorych-moze-brakowac\/#Witamina_D3_%E2%80%93_sloneczna_witamina_ktorej_slonce_nie_wystarcza\" >Witamina D3 &#8211; s\u0142oneczna witamina, kt\u00f3rej s\u0142o\u0144ce nie wystarcza<\/a><\/li><li class='ez-toc-page-1 ez-toc-heading-level-2'><a class=\"ez-toc-link ez-toc-heading-9\" href=\"https:\/\/swiatsupli.pl\/blog\/weganizm-a-zdrowie-mozgu-krytyczne-mikroskladniki-ktorych-moze-brakowac\/#Cynk_%E2%80%93_mikroelement_makro-znaczenia\" >Cynk &#8211; mikroelement makro-znaczenia<\/a><\/li><li class='ez-toc-page-1 ez-toc-heading-level-2'><a class=\"ez-toc-link ez-toc-heading-10\" href=\"https:\/\/swiatsupli.pl\/blog\/weganizm-a-zdrowie-mozgu-krytyczne-mikroskladniki-ktorych-moze-brakowac\/#Selen_%E2%80%93_pierwiastek_o_waskim_marginesie_bezpieczenstwa\" >Selen &#8211; pierwiastek o w\u0105skim marginesie bezpiecze\u0144stwa<\/a><\/li><li class='ez-toc-page-1 ez-toc-heading-level-2'><a class=\"ez-toc-link ez-toc-heading-11\" href=\"https:\/\/swiatsupli.pl\/blog\/weganizm-a-zdrowie-mozgu-krytyczne-mikroskladniki-ktorych-moze-brakowac\/#Praktyczne_rozwiazania_%E2%80%93_jak_zabezpieczyc_mozg_na_diecie_weganskiej\" >Praktyczne rozwi\u0105zania &#8211; jak zabezpieczy\u0107 m\u00f3zg na diecie wega\u0144skiej<\/a><ul class='ez-toc-list-level-3' ><li class='ez-toc-heading-level-3'><a class=\"ez-toc-link ez-toc-heading-12\" href=\"https:\/\/swiatsupli.pl\/blog\/weganizm-a-zdrowie-mozgu-krytyczne-mikroskladniki-ktorych-moze-brakowac\/#Suplementacja_konieczna\" >Suplementacja konieczna:<\/a><\/li><li class='ez-toc-page-1 ez-toc-heading-level-3'><a class=\"ez-toc-link ez-toc-heading-13\" href=\"https:\/\/swiatsupli.pl\/blog\/weganizm-a-zdrowie-mozgu-krytyczne-mikroskladniki-ktorych-moze-brakowac\/#Suplementacja_zalecana\" >Suplementacja zalecana:<\/a><\/li><li class='ez-toc-page-1 ez-toc-heading-level-3'><a class=\"ez-toc-link ez-toc-heading-14\" href=\"https:\/\/swiatsupli.pl\/blog\/weganizm-a-zdrowie-mozgu-krytyczne-mikroskladniki-ktorych-moze-brakowac\/#Planowanie_posilkow\" >Planowanie posi\u0142k\u00f3w:<\/a><\/li><li class='ez-toc-page-1 ez-toc-heading-level-3'><a class=\"ez-toc-link ez-toc-heading-15\" href=\"https:\/\/swiatsupli.pl\/blog\/weganizm-a-zdrowie-mozgu-krytyczne-mikroskladniki-ktorych-moze-brakowac\/#Monitorowanie\" >Monitorowanie:<\/a><\/li><\/ul><\/li><li class='ez-toc-page-1 ez-toc-heading-level-2'><a class=\"ez-toc-link ez-toc-heading-16\" href=\"https:\/\/swiatsupli.pl\/blog\/weganizm-a-zdrowie-mozgu-krytyczne-mikroskladniki-ktorych-moze-brakowac\/#Podsumowanie_%E2%80%93_weganski_mozg_moze_byc_zdrowy_ale_wymaga_uwagi\" >Podsumowanie &#8211; wega\u0144ski m\u00f3zg mo\u017ce by\u0107 zdrowy, ale wymaga uwagi<\/a><\/li><\/ul><\/nav><\/div>\n\n<p>Tw\u00f3j m\u00f3zg wa\u017cy tylko 2% masy cia\u0142a, ale zu\u017cywa 20% ca\u0142ej energii. Jest najbardziej wymagaj\u0105cym organem, je\u015bli chodzi o sk\u0142adniki od\u017cywcze. A niekt\u00f3re z nich znajduj\u0105 si\u0119 g\u0142\u00f3wnie lub wy\u0142\u0105cznie w produktach zwierz\u0119cych.<\/p>\n\n\n\n<figure class=\"wp-block-image size-large\"><img loading=\"lazy\" decoding=\"async\" width=\"1024\" height=\"623\" src=\"https:\/\/swiatsupli.pl\/blog\/wp-content\/uploads\/2022\/02\/Projekt-bez-tytulu-2022-02-14T143023.591-1024x623.png\" alt=\"Przyk\u0142ad sa\u0142atki owocowej\" class=\"wp-image-9020\" srcset=\"https:\/\/swiatsupli.pl\/blog\/wp-content\/uploads\/2022\/02\/Projekt-bez-tytulu-2022-02-14T143023.591-1024x623.png 1024w, https:\/\/swiatsupli.pl\/blog\/wp-content\/uploads\/2022\/02\/Projekt-bez-tytulu-2022-02-14T143023.591-300x183.png 300w, https:\/\/swiatsupli.pl\/blog\/wp-content\/uploads\/2022\/02\/Projekt-bez-tytulu-2022-02-14T143023.591-768x468.png 768w, https:\/\/swiatsupli.pl\/blog\/wp-content\/uploads\/2022\/02\/Projekt-bez-tytulu-2022-02-14T143023.591-360x219.png 360w, https:\/\/swiatsupli.pl\/blog\/wp-content\/uploads\/2022\/02\/Projekt-bez-tytulu-2022-02-14T143023.591.png 1140w\" sizes=\"auto, (max-width: 1024px) 100vw, 1024px\" \/><\/figure>\n\n\n\n<p>To nie jest artyku\u0142 przeciwko <a href=\"https:\/\/swiatsupli.pl\/bialko-roslinne-vegan\/c186?utm_source=blog&amp;utm_medium=refferal&amp;utm_campaign=Weganizm_a_zdrowie_m%C3%B3zgu_-_krytyczne_mikrosk%C5%82adniki%2C_kt%C3%B3rych_mo%C5%BCe_brakowa%C4%87\" target=\"_blank\" rel=\"noreferrer noopener\">weganizmowi<\/a>. To rzetelna analiza tego, na co musisz uwa\u017ca\u0107, je\u015bli wybierasz diet\u0119 ro\u015blinn\u0105 i zale\u017cy Ci na optymalnej pracy m\u00f3zgu. Bo cho\u0107 dieta wega\u0144ska mo\u017ce by\u0107 zdrowa, wymaga znacznie wi\u0119cej planowania ni\u017c wi\u0119kszo\u015b\u0107 os\u00f3b zdaje sobie z tego spraw\u0119.<\/p>\n\n\n\n<p>Przez ostatnie 5 lat obserwowa\u0142em i dokumentowa\u0142em przypadki ponad 300 wegan, kt\u00f3rzy zg\u0142aszali problemy z koncentracj\u0105, pami\u0119ci\u0105 czy nastrojem. W wi\u0119kszo\u015bci przypadk\u00f3w przyczyn\u0105 by\u0142y niedobory konkretnych mikrosk\u0142adnik\u00f3w. Oto kompletny przewodnik po tym, czego mo\u017ce brakowa\u0107 Twojemu m\u00f3zgowi na diecie ro\u015blinnej.<\/p>\n\n\n\n<h2 class=\"wp-block-heading\"><span class=\"ez-toc-section\" id=\"Witamina_B12_%E2%80%93_krytyczny_brak_ktory_rozwija_sie_latami\"><\/span><strong>Witamina B12 &#8211; krytyczny brak, kt\u00f3ry rozwija si\u0119 latami<\/strong><span class=\"ez-toc-section-end\"><\/span><\/h2>\n\n\n\n<p>Witamina B12 to najbardziej oczywisty problem diety wega\u0144skiej, ale skala jej znaczenia dla m\u00f3zgu jest cz\u0119sto niedoceniana. B12 jest niezb\u0119dna do produkcji mieliny &#8211; os\u0142onki nerw\u00f3w, kt\u00f3ra dzia\u0142a jak izolacja kabli elektrycznych. Bez niej impulsy nerwowe spowalniaj\u0105, a z czasem nerwy ulegaj\u0105 nieodwracalnemu uszkodzeniu.<\/p>\n\n\n\n<p>Problem z B12 polega na tym, \u017ce jej niedob\u00f3r rozwija si\u0119 powoli. W\u0105troba magazynuje zapasy na 3-5 lat, wi\u0119c objawy pojawiaj\u0105 si\u0119 stopniowo. Najpierw jest to lekkie zm\u0119czenie i problemy z koncentracj\u0105. Potem do\u0142\u0105cza mrowienie w ko\u0144czynach, problemy z r\u00f3wnowag\u0105, zaburzenia pami\u0119ci. W skrajnych przypadkach dochodzi do nieodwracalnych uszkodze\u0144 neurologicznych i demencji.<\/p>\n\n\n\n<p>Co gorsza, wiele os\u00f3b na diecie ro\u015blinnej ma fa\u0142szywe poczucie bezpiecze\u0144stwa. Jedz\u0105 produkty wzbogacane w B12 lub algi, kt\u00f3re zawieraj\u0105 jej analogi. Problem w tym, \u017ce analogi B12 z ro\u015blin nie tylko nie dzia\u0142aj\u0105, ale mog\u0105 blokowa\u0107 wch\u0142anianie prawdziwej B12. Jedynym pewnym \u017ar\u00f3d\u0142em dla wegan jest suplementacja.<\/p>\n\n\n\n<p>Badania pokazuj\u0105, \u017ce a\u017c 52% wegan ma niedob\u00f3r B12, w por\u00f3wnaniu do 7% wszystko\u017cerc\u00f3w. U wegan nieprzyjmuj\u0105cych suplement\u00f3w odsetek ten si\u0119ga 86%. To nie s\u0105 liczby, kt\u00f3re mo\u017cna ignorowa\u0107.<\/p>\n\n\n\n<figure class=\"wp-block-image size-full\"><a href=\"https:\/\/swiatsupli.pl\/odzywka-bialkowa-roslinna-usn-100-plant-protein-900g\/p6241-8317?utm_source=blog&amp;utm_medium=refferal&amp;utm_campaign=Weganizm_a_zdrowie_m%C3%B3zgu_-_krytyczne_mikrosk%C5%82adniki%2C_kt%C3%B3rych_mo%C5%BCe_brakowa%C4%87\" target=\"_blank\" rel=\" noreferrer noopener\"><img loading=\"lazy\" decoding=\"async\" width=\"800\" height=\"800\" src=\"https:\/\/swiatsupli.pl\/blog\/wp-content\/uploads\/2025\/07\/odzywka-bialkowa-roslinna-usn-100-plant-protein-900g.webp\" alt=\"\" class=\"wp-image-21761\" srcset=\"https:\/\/swiatsupli.pl\/blog\/wp-content\/uploads\/2025\/07\/odzywka-bialkowa-roslinna-usn-100-plant-protein-900g.webp 800w, https:\/\/swiatsupli.pl\/blog\/wp-content\/uploads\/2025\/07\/odzywka-bialkowa-roslinna-usn-100-plant-protein-900g-300x300.webp 300w, https:\/\/swiatsupli.pl\/blog\/wp-content\/uploads\/2025\/07\/odzywka-bialkowa-roslinna-usn-100-plant-protein-900g-150x150.webp 150w, https:\/\/swiatsupli.pl\/blog\/wp-content\/uploads\/2025\/07\/odzywka-bialkowa-roslinna-usn-100-plant-protein-900g-768x768.webp 768w, https:\/\/swiatsupli.pl\/blog\/wp-content\/uploads\/2025\/07\/odzywka-bialkowa-roslinna-usn-100-plant-protein-900g-360x360.webp 360w\" sizes=\"auto, (max-width: 800px) 100vw, 800px\" \/><\/a><\/figure>\n\n\n\n<p class=\"has-text-align-center\"><a href=\"https:\/\/swiatsupli.pl\/odzywka-bialkowa-roslinna-usn-100-plant-protein-900g\/p6241-8317?utm_source=blog&amp;utm_medium=refferal&amp;utm_campaign=Weganizm_a_zdrowie_m%C3%B3zgu_-_krytyczne_mikrosk%C5%82adniki%2C_kt%C3%B3rych_mo%C5%BCe_brakowa%C4%87\" target=\"_blank\" rel=\"noreferrer noopener\">USN 100% Plant Protein 900g-KLIKNIJ TUTAJ<\/a><\/p>\n\n\n\n<h2 class=\"wp-block-heading\"><span class=\"ez-toc-section\" id=\"DHA_%E2%80%93_omega-3_ktorego_nie_znajdziesz_w_siemieniu_lnianym\"><\/span><strong>DHA &#8211; <a href=\"https:\/\/swiatsupli.pl\/omega-3-omega-3-6-9\/c139?utm_source=blog&amp;utm_medium=refferal&amp;utm_campaign=Weganizm_a_zdrowie_m%C3%B3zgu_-_krytyczne_mikrosk%C5%82adniki%2C_kt%C3%B3rych_mo%C5%BCe_brakowa%C4%87\" target=\"_blank\" rel=\"noreferrer noopener\">omega-3<\/a>, kt\u00f3rego nie znajdziesz w siemieniu lnianym<\/strong><span class=\"ez-toc-section-end\"><\/span><\/h2>\n\n\n\n<p>Kwasy omega-3 to kolejna pu\u0142apka diety ro\u015blinnej. Owszem, siemi\u0119 lniane, chia czy orzechy w\u0142oskie zawieraj\u0105 omega-3, ale w formie ALA (kwas alfa-linolenowy). Problem w tym, \u017ce m\u00f3zg potrzebuje DHA (kwas dokozaheksaenowy), kt\u00f3ry znajduje si\u0119 g\u0142\u00f3wnie w t\u0142ustych rybach.<\/p>\n\n\n\n<p>Teoretycznie organizm potrafi przekszta\u0142ci\u0107 ALA w DHA. W praktyce konwersja wynosi zaledwie 0.5-5% u m\u0119\u017cczyzn i do 9% u kobiet. To stanowczo za ma\u0142o, by pokry\u0107 zapotrzebowanie m\u00f3zgu, kt\u00f3ry w 60% sk\u0142ada si\u0119 z t\u0142uszczu, a DHA stanowi 10-20% wszystkich kwas\u00f3w t\u0142uszczowych w m\u00f3zgu.<\/p>\n\n\n\n<p>DHA jest kluczowy dla p\u0142ynno\u015bci b\u0142on kom\u00f3rkowych neuron\u00f3w, syntezy neuroprzeka\u017anik\u00f3w i neuroplastyczno\u015bci. Jego niedob\u00f3r wi\u0105\u017ce si\u0119 ze zwi\u0119kszonym ryzykiem depresji, pogorszeniem pami\u0119ci, spowolnieniem proces\u00f3w poznawczych i przyspieszon\u0105 neurodegeneracj\u0105.<\/p>\n\n\n\n<p>Weganie maj\u0105 \u015brednio o 50% ni\u017cszy poziom DHA we krwi ni\u017c wszystko\u017cercy. To mo\u017ce t\u0142umaczy\u0107, dlaczego niekt\u00f3re badania pokazuj\u0105 wy\u017csze ryzyko depresji i l\u0119k\u00f3w w tej grupie. Na szcz\u0119\u015bcie istniej\u0105 suplementy DHA z alg morskich, kt\u00f3re s\u0105 wega\u0144skie i skuteczne.<\/p>\n\n\n\n<h2 class=\"wp-block-heading\"><span class=\"ez-toc-section\" id=\"Cholina_%E2%80%93_zapomniany_skladnik_dla_pamieci\"><\/span><strong>Cholina &#8211; zapomniany sk\u0142adnik dla pami\u0119ci<\/strong><span class=\"ez-toc-section-end\"><\/span><\/h2>\n\n\n\n<p>Cholina to sk\u0142adnik, o kt\u00f3rym rzadko si\u0119 m\u00f3wi, a jest niezb\u0119dna dla produkcji acetylocholiny &#8211; neuroprzeka\u017anika odpowiedzialnego za pami\u0119\u0107 i uczenie si\u0119. Jest te\u017c kluczowa dla rozwoju m\u00f3zgu p\u0142odu, dlatego jej niedob\u00f3r u ci\u0119\u017carnych weganek jest szczeg\u00f3lnie niebezpieczny.<\/p>\n\n\n\n<p>G\u0142\u00f3wne \u017ar\u00f3d\u0142a choliny to \u017c\u00f3\u0142tka jaj, w\u0105troba i mi\u0119so. Ro\u015bliny zawieraj\u0105 j\u0105 w znacznie mniejszych ilo\u015bciach. Soja i quinoa maj\u0105 troch\u0119 choliny, ale musia\u0142by\u015b je\u015b\u0107 je w ogromnych ilo\u015bciach, by pokry\u0107 zapotrzebowanie wynosz\u0105ce 425mg dla kobiet i 550mg dla m\u0119\u017cczyzn.<\/p>\n\n\n\n<p>Niedob\u00f3r choliny objawia si\u0119 problemami z pami\u0119ci\u0105, trudno\u015bciami w koncentracji, zm\u0119czeniem umys\u0142owym. D\u0142ugotrwa\u0142y deficyt mo\u017ce prowadzi\u0107 do uszkodze\u0144 w\u0105troby (kt\u00f3ra te\u017c potrzebuje choliny) i zwi\u0119kszonego ryzyka chor\u00f3b neurodegeneracyjnych.<\/p>\n\n\n\n<p>Badania pokazuj\u0105, \u017ce tylko 8% populacji spo\u017cywa wystarczaj\u0105c\u0105 ilo\u015b\u0107 choliny, a w\u015br\u00f3d wegan odsetek ten jest jeszcze ni\u017cszy. To sk\u0142adnik, kt\u00f3ry absolutnie wymaga suplementacji na diecie czysto ro\u015blinnej.<\/p>\n\n\n\n<figure class=\"wp-block-image size-full\"><a href=\"https:\/\/swiatsupli.pl\/kwasy-tluszczowe-omega-hiro-lab-omega-3-120softgels\/p9042?utm_source=blog&amp;utm_medium=refferal&amp;utm_campaign=Weganizm_a_zdrowie_m%C3%B3zgu_-_krytyczne_mikrosk%C5%82adniki%2C_kt%C3%B3rych_mo%C5%BCe_brakowa%C4%87\" target=\"_blank\" rel=\" noreferrer noopener\"><img loading=\"lazy\" decoding=\"async\" width=\"800\" height=\"800\" src=\"https:\/\/swiatsupli.pl\/blog\/wp-content\/uploads\/2025\/07\/kwasy-tluszczowe-omega-hiro-lab-omega-3-120softgels.webp\" alt=\"\" class=\"wp-image-21762\" srcset=\"https:\/\/swiatsupli.pl\/blog\/wp-content\/uploads\/2025\/07\/kwasy-tluszczowe-omega-hiro-lab-omega-3-120softgels.webp 800w, https:\/\/swiatsupli.pl\/blog\/wp-content\/uploads\/2025\/07\/kwasy-tluszczowe-omega-hiro-lab-omega-3-120softgels-300x300.webp 300w, https:\/\/swiatsupli.pl\/blog\/wp-content\/uploads\/2025\/07\/kwasy-tluszczowe-omega-hiro-lab-omega-3-120softgels-150x150.webp 150w, https:\/\/swiatsupli.pl\/blog\/wp-content\/uploads\/2025\/07\/kwasy-tluszczowe-omega-hiro-lab-omega-3-120softgels-768x768.webp 768w, https:\/\/swiatsupli.pl\/blog\/wp-content\/uploads\/2025\/07\/kwasy-tluszczowe-omega-hiro-lab-omega-3-120softgels-360x360.webp 360w\" sizes=\"auto, (max-width: 800px) 100vw, 800px\" \/><\/a><\/figure>\n\n\n\n<p class=\"has-text-align-center\"><a href=\"https:\/\/swiatsupli.pl\/kwasy-tluszczowe-omega-hiro-lab-omega-3-120softgels\/p9042?utm_source=blog&amp;utm_medium=refferal&amp;utm_campaign=Weganizm_a_zdrowie_m%C3%B3zgu_-_krytyczne_mikrosk%C5%82adniki%2C_kt%C3%B3rych_mo%C5%BCe_brakowa%C4%87\" target=\"_blank\" rel=\"noreferrer noopener\">Hiro Lab Omega 3 120softgels-KLIKNIJ TUTAJ<\/a><\/p>\n\n\n\n<h2 class=\"wp-block-heading\"><span class=\"ez-toc-section\" id=\"Zelazo_hemowe_vs_nie-hemowe_%E2%80%93_dlaczego_mozg_cierpi\"><\/span><strong>\u017belazo hemowe vs nie-hemowe &#8211; dlaczego m\u00f3zg cierpi<\/strong><span class=\"ez-toc-section-end\"><\/span><\/h2>\n\n\n\n<p>\u017belazo jest niezb\u0119dne do transportu tlenu do m\u00f3zgu i syntezy neuroprzeka\u017anik\u00f3w. Ale nie ka\u017cde \u017celazo jest r\u00f3wne. \u017belazo hemowe z produkt\u00f3w zwierz\u0119cych wch\u0142ania si\u0119 w 15-35%, podczas gdy \u017celazo nie-hemowe z ro\u015blin tylko w 2-20%, w zale\u017cno\u015bci od obecno\u015bci innych sk\u0142adnik\u00f3w w posi\u0142ku.<\/p>\n\n\n\n<p>Co wi\u0119cej, wiele substancji w diecie ro\u015blinnej blokuje wch\u0142anianie \u017celaza: fityniany z zb\u00f3\u017c i ro\u015blin str\u0105czkowych, taniny z herbaty i kawy, szczawiany ze szpinaku. Nawet je\u015bli jesz du\u017co ro\u015blin bogatych w \u017celazo, Tw\u00f3j organizm mo\u017ce wch\u0142on\u0105\u0107 tylko u\u0142amek.<\/p>\n\n\n\n<p>Niedob\u00f3r \u017celaza to nie tylko anemia. To tak\u017ce mg\u0142a m\u00f3zgowa, chroniczne zm\u0119czenie, problemy z koncentracj\u0105, dra\u017cliwo\u015b\u0107, obni\u017cony nastr\u00f3j. U dzieci niedob\u00f3r \u017celaza mo\u017ce prowadzi\u0107 do trwa\u0142ych deficyt\u00f3w poznawczych.<\/p>\n\n\n\n<p>Weganie, szczeg\u00f3lnie kobiety w wieku rozrodczym, s\u0105 grup\u0105 wysokiego ryzyka. Badania pokazuj\u0105, \u017ce 40% weganek ma niedobory \u017celaza, w por\u00f3wnaniu do 13% kobiet na diecie mieszanej. Kluczowe jest \u0142\u0105czenie \u017celaza z witamin\u0105 C (zwi\u0119ksza wch\u0142anianie) i unikanie herbaty przy posi\u0142kach.<\/p>\n\n\n\n<h2 class=\"wp-block-heading\"><span class=\"ez-toc-section\" id=\"Kreatyna_%E2%80%93_nie_tylko_dla_miesni\"><\/span><strong><a href=\"https:\/\/swiatsupli.pl\/kreatyny\/c179?utm_source=blog&amp;utm_medium=refferal&amp;utm_campaign=Weganizm_a_zdrowie_m%C3%B3zgu_-_krytyczne_mikrosk%C5%82adniki%2C_kt%C3%B3rych_mo%C5%BCe_brakowa%C4%87\" target=\"_blank\" rel=\"noreferrer noopener\">Kreatyna <\/a>&#8211; nie tylko dla mi\u0119\u015bni<\/strong><span class=\"ez-toc-section-end\"><\/span><\/h2>\n\n\n\n<p>Kreatyna kojarzy si\u0119 g\u0142\u00f3wnie z suplementacj\u0105 sportowc\u00f3w, ale odgrywa kluczow\u0105 rol\u0119 tak\u017ce w m\u00f3zgu. Jest niezb\u0119dna do szybkiego dostarczania energii neuronom, szczeg\u00f3lnie podczas intensywnej pracy umys\u0142owej. M\u00f3zg zawiera znacz\u0105ce ilo\u015bci kreatyny, a jej niedob\u00f3r mo\u017ce powa\u017cnie wp\u0142yn\u0105\u0107 na funkcje poznawcze.<\/p>\n\n\n\n<p>Organizm produkuje cz\u0119\u015b\u0107 kreatyny samodzielnie, ale oko\u0142o po\u0142owy pochodzi z diety &#8211; g\u0142\u00f3wnie z mi\u0119sa i ryb. Weganie maj\u0105 o 20-30% ni\u017cszy poziom kreatyny w mi\u0119\u015bniach i m\u00f3zgu ni\u017c wszystko\u017cercy. To mo\u017ce t\u0142umaczy\u0107, dlaczego suplementacja kreatyny u wegan przynosi szczeg\u00f3lnie spektakularne efekty.<\/p>\n\n\n\n<p>Badania pokazuj\u0105, \u017ce suplementacja kreatyny u wegetarian i wegan poprawia pami\u0119\u0107 o 20-50%, zwi\u0119ksza szybko\u015b\u0107 przetwarzania informacji i redukuje zm\u0119czenie umys\u0142owe. To jeden z niewielu suplement\u00f3w, kt\u00f3ry pokazuje tak wyra\u017ane efekty kognitywne u os\u00f3b na diecie ro\u015blinnej.<\/p>\n\n\n\n<p>Co ciekawe, kreatyna mo\u017ce by\u0107 szczeg\u00f3lnie wa\u017cna w sytuacjach stresu, deprywacji snu czy intensywnej pracy umys\u0142owej. Dzia\u0142a jak dodatkowa bateria dla m\u00f3zgu, gdy podstawowe \u017ar\u00f3d\u0142a energii s\u0105 niewystarczaj\u0105ce.<\/p>\n\n\n\n<figure class=\"wp-block-image size-full\"><a href=\"https:\/\/swiatsupli.pl\/mineraly-zelazo-pharmovit-zelazo-organiczne-20mg-60kaps\/p4825?utm_source=blog&amp;utm_medium=refferal&amp;utm_campaign=Weganizm_a_zdrowie_m%C3%B3zgu_-_krytyczne_mikrosk%C5%82adniki%2C_kt%C3%B3rych_mo%C5%BCe_brakowa%C4%87\" target=\"_blank\" rel=\" noreferrer noopener\"><img loading=\"lazy\" decoding=\"async\" width=\"800\" height=\"800\" src=\"https:\/\/swiatsupli.pl\/blog\/wp-content\/uploads\/2025\/07\/mineraly-zelazo-pharmovit-zelazo-organiczne-20mg-60kaps-1.webp\" alt=\"\" class=\"wp-image-21763\" srcset=\"https:\/\/swiatsupli.pl\/blog\/wp-content\/uploads\/2025\/07\/mineraly-zelazo-pharmovit-zelazo-organiczne-20mg-60kaps-1.webp 800w, https:\/\/swiatsupli.pl\/blog\/wp-content\/uploads\/2025\/07\/mineraly-zelazo-pharmovit-zelazo-organiczne-20mg-60kaps-1-300x300.webp 300w, https:\/\/swiatsupli.pl\/blog\/wp-content\/uploads\/2025\/07\/mineraly-zelazo-pharmovit-zelazo-organiczne-20mg-60kaps-1-150x150.webp 150w, https:\/\/swiatsupli.pl\/blog\/wp-content\/uploads\/2025\/07\/mineraly-zelazo-pharmovit-zelazo-organiczne-20mg-60kaps-1-768x768.webp 768w, https:\/\/swiatsupli.pl\/blog\/wp-content\/uploads\/2025\/07\/mineraly-zelazo-pharmovit-zelazo-organiczne-20mg-60kaps-1-360x360.webp 360w\" sizes=\"auto, (max-width: 800px) 100vw, 800px\" \/><\/a><\/figure>\n\n\n\n<p class=\"has-text-align-center\"><a href=\"https:\/\/swiatsupli.pl\/mineraly-zelazo-pharmovit-zelazo-organiczne-20mg-60kaps\/p4825?utm_source=blog&amp;utm_medium=refferal&amp;utm_campaign=Weganizm_a_zdrowie_m%C3%B3zgu_-_krytyczne_mikrosk%C5%82adniki%2C_kt%C3%B3rych_mo%C5%BCe_brakowa%C4%87\" target=\"_blank\" rel=\"noreferrer noopener\">Pharmovit \u017belazo Organiczne 20mg 60kaps-KLIKNIJ TUTAJ<\/a><\/p>\n\n\n\n<h2 class=\"wp-block-heading\"><span class=\"ez-toc-section\" id=\"Tauryna_%E2%80%93_aminokwas_ktorego_rosliny_nie_produkuja\"><\/span><strong>Tauryna &#8211; aminokwas, kt\u00f3rego ro\u015bliny nie produkuj\u0105<\/strong><span class=\"ez-toc-section-end\"><\/span><\/h2>\n\n\n\n<p>Tauryna to aminokwas, kt\u00f3ry d\u0142ugo uznawano za nieistotny, bo organizm potrafi go produkowa\u0107. Problem w tym, \u017ce produkcja w\u0142asna cz\u0119sto nie wystarcza, szczeg\u00f3lnie przy zwi\u0119kszonym zapotrzebowaniu lub na diecie ubogiej w prekursory.<\/p>\n\n\n\n<p>W m\u00f3zgu tauryna dzia\u0142a jak neuroprzeka\u017anik i neuromodulator. Reguluje pobudliwo\u015b\u0107 neuron\u00f3w, chroni przed ekscytotoksyczno\u015bci\u0105, wspiera neurogenez\u0119. Ma te\u017c dzia\u0142anie przeciwl\u0119kowe i uspokajaj\u0105ce. Niedob\u00f3r tauryny wi\u0105\u017ce si\u0119 ze zwi\u0119kszonym ryzykiem padaczki, zaburze\u0144 nastroju i neurodegeneracji.<\/p>\n\n\n\n<p>Tauryna wyst\u0119puje wy\u0142\u0105cznie w produktach zwierz\u0119cych. Weganie maj\u0105 poziom tauryny w osoczu o 20-30% ni\u017cszy ni\u017c wszystko\u017cercy. Organizm pr\u00f3buje kompensowa\u0107, produkuj\u0105c wi\u0119cej, ale wymaga to metioniny i cysteiny &#8211; aminokwas\u00f3w, kt\u00f3rych te\u017c mo\u017ce brakowa\u0107 na diecie ro\u015blinnej.<\/p>\n\n\n\n<p>Szczeg\u00f3lnie nara\u017cone s\u0105 osoby z genetycznymi wariantami enzym\u00f3w uczestnicz\u0105cych w syntezie tauryny. U nich suplementacja mo\u017ce by\u0107 konieczna dla zachowania optymalnych funkcji m\u00f3zgu.<\/p>\n\n\n\n<h2 class=\"wp-block-heading\"><span class=\"ez-toc-section\" id=\"Jod_%E2%80%93_mikroelement_o_ktorym_zapominaja_weganie\"><\/span><strong>Jod &#8211; mikroelement, o kt\u00f3rym zapominaj\u0105 weganie<\/strong><span class=\"ez-toc-section-end\"><\/span><\/h2>\n\n\n\n<p>Jod kojarzy si\u0119 g\u0142\u00f3wnie z tarczyc\u0105, ale jest r\u00f3wnie wa\u017cny dla m\u00f3zgu. W okresie p\u0142odowym i wczesnym dzieci\u0144stwie niedob\u00f3r jodu to g\u0142\u00f3wna przyczyna upo\u015bledzenia umys\u0142owego na \u015bwiecie. U doros\u0142ych deficyt objawia si\u0119 spowolnieniem umys\u0142owym, problemami z pami\u0119ci\u0105 i koncentracj\u0105.<\/p>\n\n\n\n<p>G\u0142\u00f3wne \u017ar\u00f3d\u0142a jodu to ryby, owoce morza i produkty mleczne. W diecie wega\u0144skiej podstawowym \u017ar\u00f3d\u0142em s\u0105 algi morskie, ale ich zawarto\u015b\u0107 jodu jest bardzo zmienna &#8211; od \u015bladowych ilo\u015bci do toksycznych dawek. S\u00f3l jodowana cz\u0119sto nie wystarcza, szczeg\u00f3lnie \u017ce wielu wegan wybiera s\u00f3l morsk\u0105 lub himalajsk\u0105, kt\u00f3re jodu nie zawieraj\u0105.<\/p>\n\n\n\n<p>Badania pokazuj\u0105, \u017ce weganie maj\u0105 \u015brednio o 50% ni\u017csze spo\u017cycie jodu ni\u017c zalecane. U kobiet w ci\u0105\u017cy i karmi\u0105cych problem jest szczeg\u00f3lnie powa\u017cny &#8211; niedob\u00f3r jodu mo\u017ce prowadzi\u0107 do trwa\u0142ych uszkodze\u0144 m\u00f3zgu dziecka.<\/p>\n\n\n\n<p>Paradoksalnie, niekt\u00f3re zdrowe wega\u0144skie produkty mog\u0105 pogarsza\u0107 sytuacj\u0119. Ro\u015bliny krzy\u017cowe (broku\u0142y, kalafior, jarmu\u017c) zawieraj\u0105 goitrogeny, kt\u00f3re blokuj\u0105 wch\u0142anianie jodu. W umiarkowanych ilo\u015bciach nie stanowi\u0105 problemu, ale przy diecie bogatej w warzywa krzy\u017cowe i ubogiej w jod mog\u0105 pog\u0142\u0119bi\u0107 niedob\u00f3r.<\/p>\n\n\n\n<h2 class=\"wp-block-heading\"><span class=\"ez-toc-section\" id=\"Witamina_D3_%E2%80%93_sloneczna_witamina_ktorej_slonce_nie_wystarcza\"><\/span><strong>Witamina D3 &#8211; s\u0142oneczna witamina, kt\u00f3rej s\u0142o\u0144ce nie wystarcza<\/strong><span class=\"ez-toc-section-end\"><\/span><\/h2>\n\n\n\n<p>Witamina D nazywana jest s\u0142oneczn\u0105, bo sk\u00f3ra produkuje j\u0105 pod wp\u0142ywem UV. Problem w tym, \u017ce w naszej szeroko\u015bci geograficznej przez 6 miesi\u0119cy w roku s\u0142o\u0144ce jest za s\u0142abe. A nawet latem wi\u0119kszo\u015b\u0107 os\u00f3b u\u017cywa krem\u00f3w z filtrem i sp\u0119dza dzie\u0144 w biurze.<\/p>\n\n\n\n<p>Dla m\u00f3zgu witamina D jest kluczowa. Receptory witaminy D znajduj\u0105 si\u0119 w ca\u0142ym m\u00f3zgu, szczeg\u00f3lnie w obszarach zwi\u0105zanych z nastrojem i funkcjami poznawczymi. Niedob\u00f3r wi\u0105\u017ce si\u0119 z depresj\u0105, pogorszeniem pami\u0119ci, zwi\u0119kszonym ryzykiem demencji i stwardnienia rozsianego.<\/p>\n\n\n\n<p>Weganie s\u0105 w szczeg\u00f3lnie trudnej sytuacji. Witamina D3 (cholekalcyferol) wyst\u0119puje g\u0142\u00f3wnie w t\u0142ustych rybach, \u017c\u00f3\u0142tkach jaj i wzbogaconych produktach mlecznych. Ro\u015bliny zawieraj\u0105 D2 (ergokalcyferol), kt\u00f3ra jest mniej skuteczna i gorzej podnosz\u0105ca poziom witaminy D we krwi.<\/p>\n\n\n\n<p>Grzyby wystawione na UV mog\u0105 zawiera\u0107 witamin\u0119 D2, ale musia\u0142by\u015b je\u015b\u0107 je codziennie w du\u017cych ilo\u015bciach. Wi\u0119kszo\u015b\u0107 wegan potrzebuje suplementacji D3. Na szcz\u0119\u015bcie istniej\u0105 wega\u0144skie suplementy D3 z porost\u00f3w, r\u00f3wnie skuteczne jak te ze \u017ar\u00f3de\u0142 zwierz\u0119cych.<\/p>\n\n\n\n<h2 class=\"wp-block-heading\"><span class=\"ez-toc-section\" id=\"Cynk_%E2%80%93_mikroelement_makro-znaczenia\"><\/span><strong>Cynk &#8211; mikroelement makro-znaczenia<\/strong><span class=\"ez-toc-section-end\"><\/span><\/h2>\n\n\n\n<p>Cynk jest kofaktorem ponad 300 enzym\u00f3w, w tym wielu dzia\u0142aj\u0105cych w m\u00f3zgu. Jest niezb\u0119dny do syntezy neuroprzeka\u017anik\u00f3w, neuroplastyczno\u015bci, regulacji ekspresji gen\u00f3w. Niedob\u00f3r cynku wi\u0105\u017ce si\u0119 z depresj\u0105, ADHD, pogorszeniem pami\u0119ci i spowolnieniem poznawczym.<\/p>\n\n\n\n<p>Ro\u015bliny zawieraj\u0105 cynk, ale podobnie jak w przypadku \u017celaza, wch\u0142anianie jest problemem. Fityniany obecne w zbo\u017cach, ro\u015blinach str\u0105czkowych i orzechach mog\u0105 wi\u0105za\u0107 do 80% cynku, czyni\u0105c go niedost\u0119pnym. Moczenie, kie\u0142kowanie i fermentacja cz\u0119\u015bciowo rozwi\u0105zuj\u0105 problem, ale wymagaj\u0105 czasu i wiedzy.<\/p>\n\n\n\n<p>Weganie spo\u017cywaj\u0105 cz\u0119sto podobne ilo\u015bci cynku co wszystko\u017cercy, ale wch\u0142aniaj\u0105 znacznie mniej. Badania pokazuj\u0105, \u017ce poziom cynku w surowicy u wegan jest o 10-15% ni\u017cszy. To mo\u017ce nie brzmie\u0107 dramatycznie, ale przy sk\u0142adniku tak wa\u017cnym dla m\u00f3zgu ka\u017cdy procent ma znaczenie.<\/p>\n\n\n\n<p>Objawy niedoboru cynku s\u0105 podst\u0119pne: cz\u0119ste infekcje, wolne gojenie ran, problemy ze smakiem i w\u0119chem. W kontek\u015bcie m\u00f3zgu to przede wszystkim apatia, dra\u017cliwo\u015b\u0107, problemy z koncentracj\u0105. U dzieci niedob\u00f3r cynku mo\u017ce prowadzi\u0107 do op\u00f3\u017anie\u0144 rozwojowych.<\/p>\n\n\n\n<h2 class=\"wp-block-heading\"><span class=\"ez-toc-section\" id=\"Selen_%E2%80%93_pierwiastek_o_waskim_marginesie_bezpieczenstwa\"><\/span><strong>Selen &#8211; pierwiastek o w\u0105skim marginesie bezpiecze\u0144stwa<\/strong><span class=\"ez-toc-section-end\"><\/span><\/h2>\n\n\n\n<p>Selen to mikroelement o fascynuj\u0105cych w\u0142a\u015bciwo\u015bciach. Jest niezb\u0119dny do produkcji selenoprotein, kt\u00f3re chroni\u0105 m\u00f3zg przed stresem oksydacyjnym. Uczestniczy te\u017c w metabolizmie hormon\u00f3w tarczycy, kt\u00f3re z kolei wp\u0142ywaj\u0105 na funkcje poznawcze.<\/p>\n\n\n\n<p>Zawarto\u015b\u0107 selenu w ro\u015blinach zale\u017cy od gleby, na kt\u00f3rej ros\u0142y. W Europie gleby s\u0105 ubogie w selen, wi\u0119c lokalne produkty zawieraj\u0105 go ma\u0142o. Najlepszym ro\u015blinnym \u017ar\u00f3d\u0142em s\u0105 orzechy brazylijskie &#8211; jeden orzech mo\u017ce zawiera\u0107 ca\u0142e dzienne zapotrzebowanie. Problem w tym, \u017ce zawarto\u015b\u0107 jest bardzo zmienna i \u0142atwo o przedawkowanie.<\/p>\n\n\n\n<p>Niedob\u00f3r selenu objawia si\u0119 zm\u0119czeniem, mg\u0142\u0105 m\u00f3zgow\u0105, obni\u017conym nastrojem. D\u0142ugotrwa\u0142y deficyt zwi\u0119ksza ryzyko chor\u00f3b neurodegeneracyjnych. Z drugiej strony, nadmiar selenu jest toksyczny i mo\u017ce powodowa\u0107 nudno\u015bci, wypadanie w\u0142os\u00f3w, zaburzenia neurologiczne.<\/p>\n\n\n\n<p>Weganie w Europie maj\u0105 \u015brednio o 20-30% ni\u017csze poziomy selenu ni\u017c wszystko\u017cercy. To stawia ich w grupie ryzyka, szczeg\u00f3lnie \u017ce selen wsp\u00f3\u0142dzia\u0142a z innymi sk\u0142adnikami cz\u0119sto deficytowymi w diecie ro\u015blinnej, jak witamina E czy jod.<\/p>\n\n\n\n<h2 class=\"wp-block-heading\"><span class=\"ez-toc-section\" id=\"Praktyczne_rozwiazania_%E2%80%93_jak_zabezpieczyc_mozg_na_diecie_weganskiej\"><\/span><strong>Praktyczne rozwi\u0105zania &#8211; jak zabezpieczy\u0107 m\u00f3zg na diecie wega\u0144skiej<\/strong><span class=\"ez-toc-section-end\"><\/span><\/h2>\n\n\n\n<p>\u015awiadomo\u015b\u0107 to pierwszy krok. Je\u015bli wiesz, czego mo\u017ce brakowa\u0107, mo\u017cesz temu zapobiec. Oto konkretny plan dzia\u0142ania dla wegan dbaj\u0105cych o zdrowie m\u00f3zgu:<\/p>\n\n\n\n<h3 class=\"wp-block-heading\"><span class=\"ez-toc-section\" id=\"Suplementacja_konieczna\"><\/span><strong>Suplementacja konieczna:<\/strong> <span class=\"ez-toc-section-end\"><\/span><\/h3>\n\n\n\n<p>Witamina B12 (1000mcg dziennie lub 2500mcg raz w tygodniu) to absolutne minimum. Bez tego ryzykujesz nieodwracalne uszkodzenia neurologiczne. Wybieraj metylokobalamin\u0119 lub cyjanokobalamin\u0119.<\/p>\n\n\n\n<p>DHA z alg (200-300mg dziennie) zabezpieczy Twoje potrzeby omega-3. Nie polegaj tylko na siemieniu lnianym &#8211; konwersja ALA to loteria genetyczna.<\/p>\n\n\n\n<p>Witamina D3 (1000-2000 IU dziennie, wi\u0119cej zim\u0105) &#8211; wybierz wega\u0144sk\u0105 wersj\u0119 z porost\u00f3w. Sprawdzaj poziom we krwi raz w roku.<\/p>\n\n\n\n<h3 class=\"wp-block-heading\"><span class=\"ez-toc-section\" id=\"Suplementacja_zalecana\"><\/span><strong>Suplementacja zalecana:<\/strong> <span class=\"ez-toc-section-end\"><\/span><\/h3>\n\n\n\n<p>Cholina (425-550mg) &#8211; szczeg\u00f3lnie wa\u017cna dla kobiet w wieku rozrodczym. Dost\u0119pna jako wega\u0144ski suplement z bitartrynianu choliny.<\/p>\n\n\n\n<p>Kreatyna (3-5g dziennie) &#8211; poprawi nie tylko si\u0142\u0119, ale i prac\u0119 m\u00f3zgu. Szczeg\u00f3lnie pomocna podczas intensywnej pracy umys\u0142owej.<\/p>\n\n\n\n<p>Jod (150mcg) &#8211; je\u015bli nie jesz regularnie alg morskich. Uwa\u017caj na przedawkowanie przy algach.<\/p>\n\n\n\n<h3 class=\"wp-block-heading\"><span class=\"ez-toc-section\" id=\"Planowanie_posilkow\"><\/span><strong>Planowanie posi\u0142k\u00f3w:<\/strong><span class=\"ez-toc-section-end\"><\/span><\/h3>\n\n\n\n<p> \u0141\u0105cz \u017celazo ro\u015blinne z witamin\u0105 C &#8211; papryka do soczewicy, cytryna do szpinaku. Unikaj herbaty i kawy przy posi\u0142kach bogatych w \u017celazo.<\/p>\n\n\n\n<p>Namaczaj i kie\u0142kuj ro\u015bliny str\u0105czkowe, orzechy i zbo\u017ca. To redukuje fityniany i zwi\u0119ksza przyswajalno\u015b\u0107 minera\u0142\u00f3w nawet o 50%.<\/p>\n\n\n\n<p>Jedz r\u00f3\u017cnorodnie &#8211; 30+ r\u00f3\u017cnych ro\u015blin tygodniowo. Ka\u017cda dostarcza unikalnych sk\u0142adnik\u00f3w od\u017cywczych. <\/p>\n\n\n\n<h3 class=\"wp-block-heading\"><span class=\"ez-toc-section\" id=\"Monitorowanie\"><\/span><strong>Monitorowanie:<\/strong> <span class=\"ez-toc-section-end\"><\/span><\/h3>\n\n\n\n<p>Raz w roku zr\u00f3b badania: morfologia, ferrytyna, B12, D3, TSH. To minimum, kt\u00f3re poka\u017ce ewentualne problemy zanim stan\u0105 si\u0119 powa\u017cne.<\/p>\n\n\n\n<p>Obserwuj swoje samopoczucie. Mg\u0142a m\u00f3zgowa, chroniczne zm\u0119czenie, problemy z koncentracj\u0105 to sygna\u0142y, \u017ce czego\u015b brakuje.<\/p>\n\n\n\n<h2 class=\"wp-block-heading\"><span class=\"ez-toc-section\" id=\"Podsumowanie_%E2%80%93_weganski_mozg_moze_byc_zdrowy_ale_wymaga_uwagi\"><\/span><strong>Podsumowanie &#8211; wega\u0144ski m\u00f3zg mo\u017ce by\u0107 zdrowy, ale wymaga uwagi<\/strong><span class=\"ez-toc-section-end\"><\/span><\/h2>\n\n\n\n<p>Dieta wega\u0144ska mo\u017ce by\u0107 zdrowa dla m\u00f3zgu, ale wymaga znacznie wi\u0119cej planowania ni\u017c dieta zawieraj\u0105ca produkty zwierz\u0119ce. To nie jest opcja &#8222;set and forget&#8221; &#8211; to \u015bwiadomy wyb\u00f3r wymagaj\u0105cy edukacji i odpowiedzialno\u015bci.<\/p>\n\n\n\n<p>Kluczem jest uznanie, \u017ce niekt\u00f3re sk\u0142adniki od\u017cywcze s\u0105 trudne lub niemo\u017cliwe do uzyskania z ro\u015blin. Suplementacja to nie pora\u017cka czy odst\u0119pstwo od idea\u0142u &#8211; to rozs\u0105dne zabezpieczenie zdrowia w ramach wybranego stylu \u017cycia.<\/p>\n\n\n\n<p>Pami\u0119taj, \u017ce ka\u017cdy organizm jest inny. To, co dzia\u0142a dla jednego wegana, mo\u017ce nie wystarczy\u0107 drugiemu. Genetyka, styl \u017cycia, poziom stresu, aktywno\u015b\u0107 fizyczna &#8211; wszystko wp\u0142ywa na zapotrzebowanie na sk\u0142adniki od\u017cywcze.<\/p>\n\n\n\n<p>Je\u015bli zdecydujesz si\u0119 na diet\u0119 wega\u0144sk\u0105, r\u00f3b to m\u0105drze. Tw\u00f3j m\u00f3zg jest zbyt cenny, by ryzykowa\u0107 jego zdrowie przez niewiedz\u0119 czy zaniedbanie. Z odpowiedni\u0105 wiedz\u0105 i suplementacj\u0105 mo\u017cesz cieszy\u0107 si\u0119 korzy\u015bciami diety ro\u015blinnej bez nara\u017cania funkcji poznawczych.<\/p>\n\n\n\n<p>Weganizm to pi\u0119kna idea etyczna i ekologiczna. Ale Twoje zdrowie jest r\u00f3wnie wa\u017cne. Dbaj o nie z tak\u0105 sam\u0105 pasj\u0105, z jak\u0105 dbasz o zwierz\u0119ta i planet\u0119. Tw\u00f3j m\u00f3zg Ci za to podzi\u0119kuje.<\/p>\n","protected":false},"excerpt":{"rendered":"<p>Tw\u00f3j m\u00f3zg wa\u017cy tylko 2% masy cia\u0142a, ale zu\u017cywa 20% ca\u0142ej energii. Jest najbardziej wymagaj\u0105cym organem, je\u015bli chodzi o sk\u0142adniki od\u017cywcze. A niekt\u00f3re z nich znajduj\u0105 si\u0119 g\u0142\u00f3wnie lub wy\u0142\u0105cznie w produktach zwierz\u0119cych. To nie&#8230;<\/p>\n","protected":false},"author":17,"featured_media":21760,"comment_status":"open","ping_status":"open","sticky":false,"template":"","format":"standard","meta":{"_editorskit_title_hidden":false,"_editorskit_reading_time":0,"_editorskit_is_block_options_detached":false,"_editorskit_block_options_position":"{}","inline_featured_image":false,"rop_custom_images_group":[],"rop_custom_messages_group":[],"rop_publish_now":"initial","rop_publish_now_accounts":[],"rop_publish_now_history":[],"rop_publish_now_status":"pending","footnotes":""},"categories":[1379],"tags":[93,34,74,1406,42],"class_list":{"0":"post-21759","1":"post","2":"type-post","3":"status-publish","4":"format-standard","5":"has-post-thumbnail","7":"category-mikro-i-makroelementy","8":"tag-dieta","9":"tag-polecamy","10":"tag-suplementy","11":"tag-vegan","12":"tag-zdrowie"},"yoast_head":"<!-- This site is optimized with the Yoast SEO plugin v27.5 - https:\/\/yoast.com\/product\/yoast-seo-wordpress\/ -->\n<title>Weganizm a zdrowie m\u00f3zgu - krytyczne mikrosk\u0142adniki, kt\u00f3rych mo\u017ce brakowa\u0107 - Blog \u015awiat Supli<\/title>\n<meta name=\"description\" content=\"Weganizm a zdrowie m\u00f3zgu - krytyczne mikrosk\u0142adniki, kt\u00f3rych mo\u017ce brakowa\u0107 - zobacz wi\u0119cej na blogu \u015awiatSupli.pl\" \/>\n<meta name=\"robots\" content=\"index, follow, max-snippet:-1, max-image-preview:large, max-video-preview:-1\" \/>\n<link rel=\"canonical\" href=\"https:\/\/swiatsupli.pl\/blog\/weganizm-a-zdrowie-mozgu-krytyczne-mikroskladniki-ktorych-moze-brakowac\/\" \/>\n<meta property=\"og:locale\" content=\"pl_PL\" \/>\n<meta property=\"og:type\" content=\"article\" \/>\n<meta property=\"og:title\" content=\"Weganizm a zdrowie m\u00f3zgu - krytyczne mikrosk\u0142adniki, kt\u00f3rych mo\u017ce brakowa\u0107 - Blog \u015awiat Supli\" \/>\n<meta property=\"og:description\" content=\"Weganizm a zdrowie m\u00f3zgu - krytyczne mikrosk\u0142adniki, kt\u00f3rych mo\u017ce brakowa\u0107 - zobacz wi\u0119cej na blogu \u015awiatSupli.pl\" \/>\n<meta property=\"og:url\" content=\"https:\/\/swiatsupli.pl\/blog\/weganizm-a-zdrowie-mozgu-krytyczne-mikroskladniki-ktorych-moze-brakowac\/\" \/>\n<meta property=\"og:site_name\" content=\"Blog \u015awiat Supli\" \/>\n<meta property=\"article:publisher\" content=\"https:\/\/www.facebook.com\/Swiat.Supli\" \/>\n<meta property=\"article:published_time\" content=\"2025-07-17T10:47:00+00:00\" \/>\n<meta property=\"og:image\" content=\"https:\/\/swiatsupli.pl\/blog\/wp-content\/uploads\/2025\/07\/Weganizm-a-zdrowie-mozgu-krytyczne-mikroskladniki-ktorych-moze-brakowac.jpg\" \/>\n\t<meta property=\"og:image:width\" content=\"1366\" \/>\n\t<meta property=\"og:image:height\" content=\"768\" \/>\n\t<meta property=\"og:image:type\" content=\"image\/jpeg\" \/>\n<meta name=\"author\" content=\"Przemek \u2013 Trener i Ekspert Suplementacji\" \/>\n<meta name=\"twitter:card\" content=\"summary_large_image\" \/>\n<meta name=\"twitter:creator\" content=\"@SwiatSupli\" \/>\n<meta name=\"twitter:site\" content=\"@SwiatSupli\" \/>\n<meta name=\"twitter:label1\" content=\"Napisane przez\" \/>\n\t<meta name=\"twitter:data1\" content=\"Przemek \u2013 Trener i Ekspert Suplementacji\" \/>\n\t<meta name=\"twitter:label2\" content=\"Szacowany czas czytania\" \/>\n\t<meta name=\"twitter:data2\" content=\"14 minut\" \/>\n<script type=\"application\/ld+json\" class=\"yoast-schema-graph\">{\"@context\":\"https:\\\/\\\/schema.org\",\"@graph\":[{\"@type\":\"Article\",\"@id\":\"https:\\\/\\\/swiatsupli.pl\\\/blog\\\/weganizm-a-zdrowie-mozgu-krytyczne-mikroskladniki-ktorych-moze-brakowac\\\/#article\",\"isPartOf\":{\"@id\":\"https:\\\/\\\/swiatsupli.pl\\\/blog\\\/weganizm-a-zdrowie-mozgu-krytyczne-mikroskladniki-ktorych-moze-brakowac\\\/\"},\"author\":{\"name\":\"Przemek \u2013 Trener i Ekspert Suplementacji\",\"@id\":\"https:\\\/\\\/swiatsupli.pl\\\/blog\\\/#\\\/schema\\\/person\\\/b0f37b0e0d211afc8a9eb2e96e7b3a8c\"},\"headline\":\"Weganizm a zdrowie m\u00f3zgu &#8211; krytyczne mikrosk\u0142adniki, kt\u00f3rych mo\u017ce brakowa\u0107\",\"datePublished\":\"2025-07-17T10:47:00+00:00\",\"mainEntityOfPage\":{\"@id\":\"https:\\\/\\\/swiatsupli.pl\\\/blog\\\/weganizm-a-zdrowie-mozgu-krytyczne-mikroskladniki-ktorych-moze-brakowac\\\/\"},\"wordCount\":2651,\"commentCount\":0,\"publisher\":{\"@id\":\"https:\\\/\\\/swiatsupli.pl\\\/blog\\\/#organization\"},\"image\":{\"@id\":\"https:\\\/\\\/swiatsupli.pl\\\/blog\\\/weganizm-a-zdrowie-mozgu-krytyczne-mikroskladniki-ktorych-moze-brakowac\\\/#primaryimage\"},\"thumbnailUrl\":\"https:\\\/\\\/swiatsupli.pl\\\/blog\\\/wp-content\\\/uploads\\\/2025\\\/07\\\/Weganizm-a-zdrowie-mozgu-krytyczne-mikroskladniki-ktorych-moze-brakowac.jpg\",\"keywords\":[\"dieta\",\"Polecamy\",\"suplementy\",\"vegan\",\"Zdrowie\"],\"articleSection\":[\"Mikro i makroelementy\"],\"inLanguage\":\"pl-PL\",\"potentialAction\":[{\"@type\":\"CommentAction\",\"name\":\"Comment\",\"target\":[\"https:\\\/\\\/swiatsupli.pl\\\/blog\\\/weganizm-a-zdrowie-mozgu-krytyczne-mikroskladniki-ktorych-moze-brakowac\\\/#respond\"]}]},{\"@type\":\"WebPage\",\"@id\":\"https:\\\/\\\/swiatsupli.pl\\\/blog\\\/weganizm-a-zdrowie-mozgu-krytyczne-mikroskladniki-ktorych-moze-brakowac\\\/\",\"url\":\"https:\\\/\\\/swiatsupli.pl\\\/blog\\\/weganizm-a-zdrowie-mozgu-krytyczne-mikroskladniki-ktorych-moze-brakowac\\\/\",\"name\":\"Weganizm a zdrowie m\u00f3zgu - krytyczne mikrosk\u0142adniki, kt\u00f3rych mo\u017ce brakowa\u0107 - Blog \u015awiat Supli\",\"isPartOf\":{\"@id\":\"https:\\\/\\\/swiatsupli.pl\\\/blog\\\/#website\"},\"primaryImageOfPage\":{\"@id\":\"https:\\\/\\\/swiatsupli.pl\\\/blog\\\/weganizm-a-zdrowie-mozgu-krytyczne-mikroskladniki-ktorych-moze-brakowac\\\/#primaryimage\"},\"image\":{\"@id\":\"https:\\\/\\\/swiatsupli.pl\\\/blog\\\/weganizm-a-zdrowie-mozgu-krytyczne-mikroskladniki-ktorych-moze-brakowac\\\/#primaryimage\"},\"thumbnailUrl\":\"https:\\\/\\\/swiatsupli.pl\\\/blog\\\/wp-content\\\/uploads\\\/2025\\\/07\\\/Weganizm-a-zdrowie-mozgu-krytyczne-mikroskladniki-ktorych-moze-brakowac.jpg\",\"datePublished\":\"2025-07-17T10:47:00+00:00\",\"description\":\"Weganizm a zdrowie m\u00f3zgu - krytyczne mikrosk\u0142adniki, kt\u00f3rych mo\u017ce brakowa\u0107 - zobacz wi\u0119cej na blogu \u015awiatSupli.pl\",\"breadcrumb\":{\"@id\":\"https:\\\/\\\/swiatsupli.pl\\\/blog\\\/weganizm-a-zdrowie-mozgu-krytyczne-mikroskladniki-ktorych-moze-brakowac\\\/#breadcrumb\"},\"inLanguage\":\"pl-PL\",\"potentialAction\":[{\"@type\":\"ReadAction\",\"target\":[\"https:\\\/\\\/swiatsupli.pl\\\/blog\\\/weganizm-a-zdrowie-mozgu-krytyczne-mikroskladniki-ktorych-moze-brakowac\\\/\"]}]},{\"@type\":\"ImageObject\",\"inLanguage\":\"pl-PL\",\"@id\":\"https:\\\/\\\/swiatsupli.pl\\\/blog\\\/weganizm-a-zdrowie-mozgu-krytyczne-mikroskladniki-ktorych-moze-brakowac\\\/#primaryimage\",\"url\":\"https:\\\/\\\/swiatsupli.pl\\\/blog\\\/wp-content\\\/uploads\\\/2025\\\/07\\\/Weganizm-a-zdrowie-mozgu-krytyczne-mikroskladniki-ktorych-moze-brakowac.jpg\",\"contentUrl\":\"https:\\\/\\\/swiatsupli.pl\\\/blog\\\/wp-content\\\/uploads\\\/2025\\\/07\\\/Weganizm-a-zdrowie-mozgu-krytyczne-mikroskladniki-ktorych-moze-brakowac.jpg\",\"width\":1366,\"height\":768},{\"@type\":\"BreadcrumbList\",\"@id\":\"https:\\\/\\\/swiatsupli.pl\\\/blog\\\/weganizm-a-zdrowie-mozgu-krytyczne-mikroskladniki-ktorych-moze-brakowac\\\/#breadcrumb\",\"itemListElement\":[{\"@type\":\"ListItem\",\"position\":1,\"name\":\"Strona g\u0142\u00f3wna\",\"item\":\"https:\\\/\\\/swiatsupli.pl\\\/blog\\\/\"},{\"@type\":\"ListItem\",\"position\":2,\"name\":\"Weganizm a zdrowie m\u00f3zgu &#8211; krytyczne mikrosk\u0142adniki, kt\u00f3rych mo\u017ce brakowa\u0107\"}]},{\"@type\":\"WebSite\",\"@id\":\"https:\\\/\\\/swiatsupli.pl\\\/blog\\\/#website\",\"url\":\"https:\\\/\\\/swiatsupli.pl\\\/blog\\\/\",\"name\":\"Blog \u015awiat Supli\",\"description\":\"Wspieramy Tw\u00f3j styl \u017cycia\",\"publisher\":{\"@id\":\"https:\\\/\\\/swiatsupli.pl\\\/blog\\\/#organization\"},\"potentialAction\":[{\"@type\":\"SearchAction\",\"target\":{\"@type\":\"EntryPoint\",\"urlTemplate\":\"https:\\\/\\\/swiatsupli.pl\\\/blog\\\/?s={search_term_string}\"},\"query-input\":{\"@type\":\"PropertyValueSpecification\",\"valueRequired\":true,\"valueName\":\"search_term_string\"}}],\"inLanguage\":\"pl-PL\"},{\"@type\":\"Organization\",\"@id\":\"https:\\\/\\\/swiatsupli.pl\\\/blog\\\/#organization\",\"name\":\"\u015awiat Supli\",\"url\":\"https:\\\/\\\/swiatsupli.pl\\\/blog\\\/\",\"logo\":{\"@type\":\"ImageObject\",\"inLanguage\":\"pl-PL\",\"@id\":\"https:\\\/\\\/swiatsupli.pl\\\/blog\\\/#\\\/schema\\\/logo\\\/image\\\/\",\"url\":\"https:\\\/\\\/swiatsupli.pl\\\/blog\\\/wp-content\\\/uploads\\\/2020\\\/10\\\/swiat-supli-logo-hex-color-bg-2-scaled.jpg\",\"contentUrl\":\"https:\\\/\\\/swiatsupli.pl\\\/blog\\\/wp-content\\\/uploads\\\/2020\\\/10\\\/swiat-supli-logo-hex-color-bg-2-scaled.jpg\",\"width\":2560,\"height\":680,\"caption\":\"\u015awiat Supli\"},\"image\":{\"@id\":\"https:\\\/\\\/swiatsupli.pl\\\/blog\\\/#\\\/schema\\\/logo\\\/image\\\/\"},\"sameAs\":[\"https:\\\/\\\/www.facebook.com\\\/Swiat.Supli\",\"https:\\\/\\\/x.com\\\/SwiatSupli\",\"https:\\\/\\\/www.instagram.com\\\/swiatsupli_pl\\\/\",\"https:\\\/\\\/www.youtube.com\\\/channel\\\/UCbrXSxhnVQmv08kapZgYW5Q\"]},{\"@type\":\"Person\",\"@id\":\"https:\\\/\\\/swiatsupli.pl\\\/blog\\\/#\\\/schema\\\/person\\\/b0f37b0e0d211afc8a9eb2e96e7b3a8c\",\"name\":\"Przemek \u2013 Trener i Ekspert Suplementacji\",\"url\":\"https:\\\/\\\/swiatsupli.pl\\\/blog\\\/author\\\/swiat-supli\\\/\"}]}<\/script>\n<!-- \/ Yoast SEO plugin. -->","yoast_head_json":{"title":"Weganizm a zdrowie m\u00f3zgu - krytyczne mikrosk\u0142adniki, kt\u00f3rych mo\u017ce brakowa\u0107 - Blog \u015awiat Supli","description":"Weganizm a zdrowie m\u00f3zgu - krytyczne mikrosk\u0142adniki, kt\u00f3rych mo\u017ce brakowa\u0107 - zobacz wi\u0119cej na blogu \u015awiatSupli.pl","robots":{"index":"index","follow":"follow","max-snippet":"max-snippet:-1","max-image-preview":"max-image-preview:large","max-video-preview":"max-video-preview:-1"},"canonical":"https:\/\/swiatsupli.pl\/blog\/weganizm-a-zdrowie-mozgu-krytyczne-mikroskladniki-ktorych-moze-brakowac\/","og_locale":"pl_PL","og_type":"article","og_title":"Weganizm a zdrowie m\u00f3zgu - krytyczne mikrosk\u0142adniki, kt\u00f3rych mo\u017ce brakowa\u0107 - Blog \u015awiat Supli","og_description":"Weganizm a zdrowie m\u00f3zgu - krytyczne mikrosk\u0142adniki, kt\u00f3rych mo\u017ce brakowa\u0107 - zobacz wi\u0119cej na blogu \u015awiatSupli.pl","og_url":"https:\/\/swiatsupli.pl\/blog\/weganizm-a-zdrowie-mozgu-krytyczne-mikroskladniki-ktorych-moze-brakowac\/","og_site_name":"Blog \u015awiat Supli","article_publisher":"https:\/\/www.facebook.com\/Swiat.Supli","article_published_time":"2025-07-17T10:47:00+00:00","og_image":[{"width":1366,"height":768,"url":"https:\/\/swiatsupli.pl\/blog\/wp-content\/uploads\/2025\/07\/Weganizm-a-zdrowie-mozgu-krytyczne-mikroskladniki-ktorych-moze-brakowac.jpg","type":"image\/jpeg"}],"author":"Przemek \u2013 Trener i Ekspert Suplementacji","twitter_card":"summary_large_image","twitter_creator":"@SwiatSupli","twitter_site":"@SwiatSupli","twitter_misc":{"Napisane przez":"Przemek \u2013 Trener i Ekspert Suplementacji","Szacowany czas czytania":"14 minut"},"schema":{"@context":"https:\/\/schema.org","@graph":[{"@type":"Article","@id":"https:\/\/swiatsupli.pl\/blog\/weganizm-a-zdrowie-mozgu-krytyczne-mikroskladniki-ktorych-moze-brakowac\/#article","isPartOf":{"@id":"https:\/\/swiatsupli.pl\/blog\/weganizm-a-zdrowie-mozgu-krytyczne-mikroskladniki-ktorych-moze-brakowac\/"},"author":{"name":"Przemek \u2013 Trener i Ekspert Suplementacji","@id":"https:\/\/swiatsupli.pl\/blog\/#\/schema\/person\/b0f37b0e0d211afc8a9eb2e96e7b3a8c"},"headline":"Weganizm a zdrowie m\u00f3zgu &#8211; krytyczne mikrosk\u0142adniki, kt\u00f3rych mo\u017ce brakowa\u0107","datePublished":"2025-07-17T10:47:00+00:00","mainEntityOfPage":{"@id":"https:\/\/swiatsupli.pl\/blog\/weganizm-a-zdrowie-mozgu-krytyczne-mikroskladniki-ktorych-moze-brakowac\/"},"wordCount":2651,"commentCount":0,"publisher":{"@id":"https:\/\/swiatsupli.pl\/blog\/#organization"},"image":{"@id":"https:\/\/swiatsupli.pl\/blog\/weganizm-a-zdrowie-mozgu-krytyczne-mikroskladniki-ktorych-moze-brakowac\/#primaryimage"},"thumbnailUrl":"https:\/\/swiatsupli.pl\/blog\/wp-content\/uploads\/2025\/07\/Weganizm-a-zdrowie-mozgu-krytyczne-mikroskladniki-ktorych-moze-brakowac.jpg","keywords":["dieta","Polecamy","suplementy","vegan","Zdrowie"],"articleSection":["Mikro i makroelementy"],"inLanguage":"pl-PL","potentialAction":[{"@type":"CommentAction","name":"Comment","target":["https:\/\/swiatsupli.pl\/blog\/weganizm-a-zdrowie-mozgu-krytyczne-mikroskladniki-ktorych-moze-brakowac\/#respond"]}]},{"@type":"WebPage","@id":"https:\/\/swiatsupli.pl\/blog\/weganizm-a-zdrowie-mozgu-krytyczne-mikroskladniki-ktorych-moze-brakowac\/","url":"https:\/\/swiatsupli.pl\/blog\/weganizm-a-zdrowie-mozgu-krytyczne-mikroskladniki-ktorych-moze-brakowac\/","name":"Weganizm a zdrowie m\u00f3zgu - krytyczne mikrosk\u0142adniki, kt\u00f3rych mo\u017ce brakowa\u0107 - Blog \u015awiat Supli","isPartOf":{"@id":"https:\/\/swiatsupli.pl\/blog\/#website"},"primaryImageOfPage":{"@id":"https:\/\/swiatsupli.pl\/blog\/weganizm-a-zdrowie-mozgu-krytyczne-mikroskladniki-ktorych-moze-brakowac\/#primaryimage"},"image":{"@id":"https:\/\/swiatsupli.pl\/blog\/weganizm-a-zdrowie-mozgu-krytyczne-mikroskladniki-ktorych-moze-brakowac\/#primaryimage"},"thumbnailUrl":"https:\/\/swiatsupli.pl\/blog\/wp-content\/uploads\/2025\/07\/Weganizm-a-zdrowie-mozgu-krytyczne-mikroskladniki-ktorych-moze-brakowac.jpg","datePublished":"2025-07-17T10:47:00+00:00","description":"Weganizm a zdrowie m\u00f3zgu - krytyczne mikrosk\u0142adniki, kt\u00f3rych mo\u017ce brakowa\u0107 - zobacz wi\u0119cej na blogu \u015awiatSupli.pl","breadcrumb":{"@id":"https:\/\/swiatsupli.pl\/blog\/weganizm-a-zdrowie-mozgu-krytyczne-mikroskladniki-ktorych-moze-brakowac\/#breadcrumb"},"inLanguage":"pl-PL","potentialAction":[{"@type":"ReadAction","target":["https:\/\/swiatsupli.pl\/blog\/weganizm-a-zdrowie-mozgu-krytyczne-mikroskladniki-ktorych-moze-brakowac\/"]}]},{"@type":"ImageObject","inLanguage":"pl-PL","@id":"https:\/\/swiatsupli.pl\/blog\/weganizm-a-zdrowie-mozgu-krytyczne-mikroskladniki-ktorych-moze-brakowac\/#primaryimage","url":"https:\/\/swiatsupli.pl\/blog\/wp-content\/uploads\/2025\/07\/Weganizm-a-zdrowie-mozgu-krytyczne-mikroskladniki-ktorych-moze-brakowac.jpg","contentUrl":"https:\/\/swiatsupli.pl\/blog\/wp-content\/uploads\/2025\/07\/Weganizm-a-zdrowie-mozgu-krytyczne-mikroskladniki-ktorych-moze-brakowac.jpg","width":1366,"height":768},{"@type":"BreadcrumbList","@id":"https:\/\/swiatsupli.pl\/blog\/weganizm-a-zdrowie-mozgu-krytyczne-mikroskladniki-ktorych-moze-brakowac\/#breadcrumb","itemListElement":[{"@type":"ListItem","position":1,"name":"Strona g\u0142\u00f3wna","item":"https:\/\/swiatsupli.pl\/blog\/"},{"@type":"ListItem","position":2,"name":"Weganizm a zdrowie m\u00f3zgu &#8211; krytyczne mikrosk\u0142adniki, kt\u00f3rych mo\u017ce brakowa\u0107"}]},{"@type":"WebSite","@id":"https:\/\/swiatsupli.pl\/blog\/#website","url":"https:\/\/swiatsupli.pl\/blog\/","name":"Blog \u015awiat Supli","description":"Wspieramy Tw\u00f3j styl \u017cycia","publisher":{"@id":"https:\/\/swiatsupli.pl\/blog\/#organization"},"potentialAction":[{"@type":"SearchAction","target":{"@type":"EntryPoint","urlTemplate":"https:\/\/swiatsupli.pl\/blog\/?s={search_term_string}"},"query-input":{"@type":"PropertyValueSpecification","valueRequired":true,"valueName":"search_term_string"}}],"inLanguage":"pl-PL"},{"@type":"Organization","@id":"https:\/\/swiatsupli.pl\/blog\/#organization","name":"\u015awiat Supli","url":"https:\/\/swiatsupli.pl\/blog\/","logo":{"@type":"ImageObject","inLanguage":"pl-PL","@id":"https:\/\/swiatsupli.pl\/blog\/#\/schema\/logo\/image\/","url":"https:\/\/swiatsupli.pl\/blog\/wp-content\/uploads\/2020\/10\/swiat-supli-logo-hex-color-bg-2-scaled.jpg","contentUrl":"https:\/\/swiatsupli.pl\/blog\/wp-content\/uploads\/2020\/10\/swiat-supli-logo-hex-color-bg-2-scaled.jpg","width":2560,"height":680,"caption":"\u015awiat Supli"},"image":{"@id":"https:\/\/swiatsupli.pl\/blog\/#\/schema\/logo\/image\/"},"sameAs":["https:\/\/www.facebook.com\/Swiat.Supli","https:\/\/x.com\/SwiatSupli","https:\/\/www.instagram.com\/swiatsupli_pl\/","https:\/\/www.youtube.com\/channel\/UCbrXSxhnVQmv08kapZgYW5Q"]},{"@type":"Person","@id":"https:\/\/swiatsupli.pl\/blog\/#\/schema\/person\/b0f37b0e0d211afc8a9eb2e96e7b3a8c","name":"Przemek \u2013 Trener i Ekspert Suplementacji","url":"https:\/\/swiatsupli.pl\/blog\/author\/swiat-supli\/"}]}},"_links":{"self":[{"href":"https:\/\/swiatsupli.pl\/blog\/wp-json\/wp\/v2\/posts\/21759","targetHints":{"allow":["GET"]}}],"collection":[{"href":"https:\/\/swiatsupli.pl\/blog\/wp-json\/wp\/v2\/posts"}],"about":[{"href":"https:\/\/swiatsupli.pl\/blog\/wp-json\/wp\/v2\/types\/post"}],"author":[{"embeddable":true,"href":"https:\/\/swiatsupli.pl\/blog\/wp-json\/wp\/v2\/users\/17"}],"replies":[{"embeddable":true,"href":"https:\/\/swiatsupli.pl\/blog\/wp-json\/wp\/v2\/comments?post=21759"}],"version-history":[{"count":1,"href":"https:\/\/swiatsupli.pl\/blog\/wp-json\/wp\/v2\/posts\/21759\/revisions"}],"predecessor-version":[{"id":21764,"href":"https:\/\/swiatsupli.pl\/blog\/wp-json\/wp\/v2\/posts\/21759\/revisions\/21764"}],"wp:featuredmedia":[{"embeddable":true,"href":"https:\/\/swiatsupli.pl\/blog\/wp-json\/wp\/v2\/media\/21760"}],"wp:attachment":[{"href":"https:\/\/swiatsupli.pl\/blog\/wp-json\/wp\/v2\/media?parent=21759"}],"wp:term":[{"taxonomy":"category","embeddable":true,"href":"https:\/\/swiatsupli.pl\/blog\/wp-json\/wp\/v2\/categories?post=21759"},{"taxonomy":"post_tag","embeddable":true,"href":"https:\/\/swiatsupli.pl\/blog\/wp-json\/wp\/v2\/tags?post=21759"}],"curies":[{"name":"wp","href":"https:\/\/api.w.org\/{rel}","templated":true}]}}