{"id":20192,"date":"2025-01-22T12:23:18","date_gmt":"2025-01-22T11:23:18","guid":{"rendered":"https:\/\/swiatsupli.pl\/blog\/?p=20192"},"modified":"2025-01-22T12:23:20","modified_gmt":"2025-01-22T11:23:20","slug":"jakie-witaminy-i-mineraly-wspieraja-zdrowe-wlosy-i-paznokcie","status":"publish","type":"post","link":"https:\/\/swiatsupli.pl\/blog\/jakie-witaminy-i-mineraly-wspieraja-zdrowe-wlosy-i-paznokcie\/","title":{"rendered":"Jakie witaminy i minera\u0142y wspieraj\u0105 zdrowe w\u0142osy i paznokcie?"},"content":{"rendered":"<div id=\"ez-toc-container\" class=\"ez-toc-v2_0_75 counter-hierarchy ez-toc-counter ez-toc-grey ez-toc-container-direction\">\n<div class=\"ez-toc-title-container\">\n<p class=\"ez-toc-title\" style=\"cursor:inherit\">Spis tre\u015bci<\/p>\n<span class=\"ez-toc-title-toggle\"><a href=\"#\" class=\"ez-toc-pull-right ez-toc-btn ez-toc-btn-xs ez-toc-btn-default ez-toc-toggle\" aria-label=\"Toggle Table of Content\"><span class=\"ez-toc-js-icon-con\"><span class=\"\"><span class=\"eztoc-hide\" style=\"display:none;\">Toggle<\/span><span class=\"ez-toc-icon-toggle-span\"><svg style=\"fill: #999;color:#999\" xmlns=\"http:\/\/www.w3.org\/2000\/svg\" class=\"list-377408\" width=\"20px\" height=\"20px\" viewBox=\"0 0 24 24\" fill=\"none\"><path d=\"M6 6H4v2h2V6zm14 0H8v2h12V6zM4 11h2v2H4v-2zm16 0H8v2h12v-2zM4 16h2v2H4v-2zm16 0H8v2h12v-2z\" fill=\"currentColor\"><\/path><\/svg><svg style=\"fill: #999;color:#999\" class=\"arrow-unsorted-368013\" xmlns=\"http:\/\/www.w3.org\/2000\/svg\" width=\"10px\" height=\"10px\" viewBox=\"0 0 24 24\" version=\"1.2\" baseProfile=\"tiny\"><path d=\"M18.2 9.3l-6.2-6.3-6.2 6.3c-.2.2-.3.4-.3.7s.1.5.3.7c.2.2.4.3.7.3h11c.3 0 .5-.1.7-.3.2-.2.3-.5.3-.7s-.1-.5-.3-.7zM5.8 14.7l6.2 6.3 6.2-6.3c.2-.2.3-.5.3-.7s-.1-.5-.3-.7c-.2-.2-.4-.3-.7-.3h-11c-.3 0-.5.1-.7.3-.2.2-.3.5-.3.7s.1.5.3.7z\"\/><\/svg><\/span><\/span><\/span><\/a><\/span><\/div>\n<nav><ul class='ez-toc-list ez-toc-list-level-1 ' ><li class='ez-toc-page-1 ez-toc-heading-level-3'><a class=\"ez-toc-link ez-toc-heading-1\" href=\"https:\/\/swiatsupli.pl\/blog\/jakie-witaminy-i-mineraly-wspieraja-zdrowe-wlosy-i-paznokcie\/#1_Biotyna_witamina_B7\" >1. Biotyna (witamina B7)<\/a><\/li><li class='ez-toc-page-1 ez-toc-heading-level-3'><a class=\"ez-toc-link ez-toc-heading-2\" href=\"https:\/\/swiatsupli.pl\/blog\/jakie-witaminy-i-mineraly-wspieraja-zdrowe-wlosy-i-paznokcie\/#2_Witamina_A\" >2. Witamina A<\/a><\/li><li class='ez-toc-page-1 ez-toc-heading-level-3'><a class=\"ez-toc-link ez-toc-heading-3\" href=\"https:\/\/swiatsupli.pl\/blog\/jakie-witaminy-i-mineraly-wspieraja-zdrowe-wlosy-i-paznokcie\/#3_Witamina_E\" >3. Witamina E<\/a><\/li><li class='ez-toc-page-1 ez-toc-heading-level-3'><a class=\"ez-toc-link ez-toc-heading-4\" href=\"https:\/\/swiatsupli.pl\/blog\/jakie-witaminy-i-mineraly-wspieraja-zdrowe-wlosy-i-paznokcie\/#4_Witamina_C\" >4. Witamina C<\/a><\/li><li class='ez-toc-page-1 ez-toc-heading-level-3'><a class=\"ez-toc-link ez-toc-heading-5\" href=\"https:\/\/swiatsupli.pl\/blog\/jakie-witaminy-i-mineraly-wspieraja-zdrowe-wlosy-i-paznokcie\/#5_Zelazo\" >5. \u017belazo<\/a><\/li><li class='ez-toc-page-1 ez-toc-heading-level-3'><a class=\"ez-toc-link ez-toc-heading-6\" href=\"https:\/\/swiatsupli.pl\/blog\/jakie-witaminy-i-mineraly-wspieraja-zdrowe-wlosy-i-paznokcie\/#6_Cynk\" >6. Cynk<\/a><\/li><li class='ez-toc-page-1 ez-toc-heading-level-3'><a class=\"ez-toc-link ez-toc-heading-7\" href=\"https:\/\/swiatsupli.pl\/blog\/jakie-witaminy-i-mineraly-wspieraja-zdrowe-wlosy-i-paznokcie\/#7_Magnez\" >7. Magnez<\/a><\/li><li class='ez-toc-page-1 ez-toc-heading-level-3'><a class=\"ez-toc-link ez-toc-heading-8\" href=\"https:\/\/swiatsupli.pl\/blog\/jakie-witaminy-i-mineraly-wspieraja-zdrowe-wlosy-i-paznokcie\/#8_Witamina_D\" >8. Witamina D<\/a><\/li><li class='ez-toc-page-1 ez-toc-heading-level-3'><a class=\"ez-toc-link ez-toc-heading-9\" href=\"https:\/\/swiatsupli.pl\/blog\/jakie-witaminy-i-mineraly-wspieraja-zdrowe-wlosy-i-paznokcie\/#Najlepsze_kompleksy_witamin_i_mineralow_dla_wlosow_i_paznokci\" >Najlepsze kompleksy witamin i minera\u0142\u00f3w dla w\u0142os\u00f3w i paznokci<\/a><\/li><li class='ez-toc-page-1 ez-toc-heading-level-3'><a class=\"ez-toc-link ez-toc-heading-10\" href=\"https:\/\/swiatsupli.pl\/blog\/jakie-witaminy-i-mineraly-wspieraja-zdrowe-wlosy-i-paznokcie\/#Jak_wlaczyc_te_skladniki_do_swojej_rutyny\" >Jak w\u0142\u0105czy\u0107 te sk\u0142adniki do swojej rutyny?<\/a><\/li><li class='ez-toc-page-1 ez-toc-heading-level-3'><a class=\"ez-toc-link ez-toc-heading-11\" href=\"https:\/\/swiatsupli.pl\/blog\/jakie-witaminy-i-mineraly-wspieraja-zdrowe-wlosy-i-paznokcie\/#Najczesciej_zadawane_pytania\" >Najcz\u0119\u015bciej zadawane pytania<\/a><ul class='ez-toc-list-level-4' ><li class='ez-toc-heading-level-4'><a class=\"ez-toc-link ez-toc-heading-12\" href=\"https:\/\/swiatsupli.pl\/blog\/jakie-witaminy-i-mineraly-wspieraja-zdrowe-wlosy-i-paznokcie\/#1_Jak_dlugo_trzeba_czekac_na_efekty_suplementacji\" >1. Jak d\u0142ugo trzeba czeka\u0107 na efekty suplementacji?<\/a><\/li><li class='ez-toc-page-1 ez-toc-heading-level-4'><a class=\"ez-toc-link ez-toc-heading-13\" href=\"https:\/\/swiatsupli.pl\/blog\/jakie-witaminy-i-mineraly-wspieraja-zdrowe-wlosy-i-paznokcie\/#2_Czy_mozna_przedawkowac_witaminy\" >2. Czy mo\u017cna przedawkowa\u0107 witaminy?<\/a><\/li><li class='ez-toc-page-1 ez-toc-heading-level-4'><a class=\"ez-toc-link ez-toc-heading-14\" href=\"https:\/\/swiatsupli.pl\/blog\/jakie-witaminy-i-mineraly-wspieraja-zdrowe-wlosy-i-paznokcie\/#3_Czy_dieta_roslinna_wplywa_na_zdrowie_wlosow_i_paznokci\" >3. Czy dieta ro\u015blinna wp\u0142ywa na zdrowie w\u0142os\u00f3w i paznokci?<\/a><\/li><\/ul><\/li><li class='ez-toc-page-1 ez-toc-heading-level-3'><a class=\"ez-toc-link ez-toc-heading-15\" href=\"https:\/\/swiatsupli.pl\/blog\/jakie-witaminy-i-mineraly-wspieraja-zdrowe-wlosy-i-paznokcie\/#Podsumowanie\" >Podsumowanie<\/a><\/li><\/ul><\/nav><\/div>\n\n<p>Zdrowe w\u0142osy i paznokcie to nie tylko kwestia estetyki, ale r\u00f3wnie\u017c oznaka og\u00f3lnego dobrego zdrowia. Stan naszych w\u0142os\u00f3w i paznokci jest \u015bci\u015ble powi\u0105zany z diet\u0105, stylem \u017cycia i poziomem kluczowych sk\u0142adnik\u00f3w od\u017cywczych w organizmie. W tym artykule dowiesz si\u0119, jakie witaminy i minera\u0142y wspieraj\u0105 zdrowie w\u0142os\u00f3w i paznokci oraz jak je skutecznie dostarcza\u0107, aby osi\u0105gn\u0105\u0107 najlepsze rezultaty.<\/p>\n\n\n\n<h3 class=\"wp-block-heading\"><span class=\"ez-toc-section\" id=\"1_Biotyna_witamina_B7\"><\/span>1. Biotyna (witamina B7)<span class=\"ez-toc-section-end\"><\/span><\/h3>\n\n\n\n<p><strong>Dlaczego jest wa\u017cna?<\/strong><br>Biotyna, znana r\u00f3wnie\u017c jako witamina H, jest kluczowym sk\u0142adnikiem dla zdrowych w\u0142os\u00f3w i paznokci. Wspiera metabolizm bia\u0142ek, t\u0142uszcz\u00f3w i w\u0119glowodan\u00f3w, co sprzyja wzrostowi i regeneracji kom\u00f3rek.<\/p>\n\n\n\n<p><strong>Jak wp\u0142ywa na w\u0142osy i paznokcie?<\/strong><\/p>\n\n\n\n<ul class=\"wp-block-list\">\n<li>Wzmacnia struktur\u0119 w\u0142osa i paznokcia.<\/li>\n\n\n\n<li>Zapobiega \u0142amliwo\u015bci paznokci.<\/li>\n\n\n\n<li>Redukuje wypadanie w\u0142os\u00f3w.<\/li>\n<\/ul>\n\n\n\n<p><strong>\u0179r\u00f3d\u0142a w diecie:<\/strong><\/p>\n\n\n\n<ul class=\"wp-block-list\">\n<li>Jajka, orzechy, nasiona, banany, awokado.<\/li>\n<\/ul>\n\n\n\n<p><strong>Suplementacja:<\/strong><\/p>\n\n\n\n<ul class=\"wp-block-list\">\n<li>Biotyna w kapsu\u0142kach, np. <strong>Olimp Biotin Max<\/strong>.<\/li>\n<\/ul>\n\n\n\n<figure class=\"wp-block-image size-full\"><a href=\"https:\/\/swiatsupli.pl\/wsparcie-wlosow-skory-paznokci-biotyna-activlab-biotyna-forte-30tab\/p4780?utm_source=blog&amp;utm_medium=referral&amp;utm_campaign=Jakie_witaminy_i_minera%C5%82y_wspieraj%C4%85_zdrowe_w%C5%82osy_i_paznokcie%3F\" target=\"_blank\" rel=\"noreferrer noopener\"><img loading=\"lazy\" decoding=\"async\" width=\"800\" height=\"800\" src=\"https:\/\/swiatsupli.pl\/blog\/wp-content\/uploads\/2025\/01\/wsparcie-wlosow-skory-paznokci-biotyna-activlab-biotyna-forte-30tab.jpg\" alt=\"\" class=\"wp-image-20193\" srcset=\"https:\/\/swiatsupli.pl\/blog\/wp-content\/uploads\/2025\/01\/wsparcie-wlosow-skory-paznokci-biotyna-activlab-biotyna-forte-30tab.jpg 800w, https:\/\/swiatsupli.pl\/blog\/wp-content\/uploads\/2025\/01\/wsparcie-wlosow-skory-paznokci-biotyna-activlab-biotyna-forte-30tab-300x300.jpg 300w, https:\/\/swiatsupli.pl\/blog\/wp-content\/uploads\/2025\/01\/wsparcie-wlosow-skory-paznokci-biotyna-activlab-biotyna-forte-30tab-150x150.jpg 150w, https:\/\/swiatsupli.pl\/blog\/wp-content\/uploads\/2025\/01\/wsparcie-wlosow-skory-paznokci-biotyna-activlab-biotyna-forte-30tab-768x768.jpg 768w, https:\/\/swiatsupli.pl\/blog\/wp-content\/uploads\/2025\/01\/wsparcie-wlosow-skory-paznokci-biotyna-activlab-biotyna-forte-30tab-360x360.jpg 360w\" sizes=\"auto, (max-width: 800px) 100vw, 800px\" \/><\/a><\/figure>\n\n\n\n<p class=\"has-text-align-center\"><a href=\"https:\/\/swiatsupli.pl\/wsparcie-wlosow-skory-paznokci-biotyna-activlab-biotyna-forte-30tab\/p4780?utm_source=blog&amp;utm_medium=referral&amp;utm_campaign=Jakie_witaminy_i_minera%C5%82y_wspieraj%C4%85_zdrowe_w%C5%82osy_i_paznokcie%3F\" target=\"_blank\" aria-label=\"Activlab Biotyna Forte 30tab-KLIKNIJ TUTAJ (opens in a new tab)\" rel=\"noreferrer noopener\" class=\"ek-link\">Activlab Biotyna Forte 30tab-KLIKNIJ TUTAJ<\/a><\/p>\n\n\n\n<h3 class=\"wp-block-heading\"><span class=\"ez-toc-section\" id=\"2_Witamina_A\"><\/span>2. <a href=\"https:\/\/swiatsupli.pl\/witamina-a\/c290?utm_source=blog&amp;utm_medium=referral&amp;utm_campaign=Jakie_witaminy_i_minera%C5%82y_wspieraj%C4%85_zdrowe_w%C5%82osy_i_paznokcie%3F\" target=\"_blank\" aria-label=\"Witamina A (opens in a new tab)\" rel=\"noreferrer noopener\" class=\"ek-link\">Witamina A<\/a><span class=\"ez-toc-section-end\"><\/span><\/h3>\n\n\n\n<p><strong>Dlaczego jest wa\u017cna?<\/strong><br>Witamina A wspiera produkcj\u0119 sebum \u2013 naturalnej substancji nawil\u017caj\u0105cej sk\u00f3r\u0119 g\u0142owy, co zapobiega przesuszeniu w\u0142os\u00f3w.<\/p>\n\n\n\n<p><strong>Jak wp\u0142ywa na w\u0142osy i paznokcie?<\/strong><\/p>\n\n\n\n<ul class=\"wp-block-list\">\n<li>Utrzymuje nawil\u017cenie sk\u00f3ry g\u0142owy.<\/li>\n\n\n\n<li>Wspomaga regeneracj\u0119 kom\u00f3rek.<\/li>\n<\/ul>\n\n\n\n<p><strong>\u0179r\u00f3d\u0142a w diecie:<\/strong><\/p>\n\n\n\n<ul class=\"wp-block-list\">\n<li>Marchew, bataty, dynia, szpinak, broku\u0142y.<\/li>\n<\/ul>\n\n\n\n<p><strong>Suplementacja:<\/strong><\/p>\n\n\n\n<ul class=\"wp-block-list\">\n<li>Kompleksy witaminowe z witamin\u0105 A, np. <strong>AllNutrition Beauty Formula<\/strong>.<\/li>\n<\/ul>\n\n\n\n<h3 class=\"wp-block-heading\"><span class=\"ez-toc-section\" id=\"3_Witamina_E\"><\/span>3. Witamina E<span class=\"ez-toc-section-end\"><\/span><\/h3>\n\n\n\n<p><strong>Dlaczego jest wa\u017cna?<\/strong><br>Witamina E jest silnym przeciwutleniaczem, kt\u00f3ry chroni kom\u00f3rki przed stresem oksydacyjnym.<\/p>\n\n\n\n<p><strong>Jak wp\u0142ywa na w\u0142osy i paznokcie?<\/strong><\/p>\n\n\n\n<ul class=\"wp-block-list\">\n<li>Poprawia kr\u0105\u017cenie krwi w sk\u00f3rze g\u0142owy, wspieraj\u0105c wzrost w\u0142os\u00f3w.<\/li>\n\n\n\n<li>Zapewnia elastyczno\u015b\u0107 paznokci i zapobiega ich \u0142amaniu.<\/li>\n<\/ul>\n\n\n\n<p><strong>\u0179r\u00f3d\u0142a w diecie:<\/strong><\/p>\n\n\n\n<ul class=\"wp-block-list\">\n<li>Migda\u0142y, orzechy laskowe, oleje ro\u015blinne, nasiona s\u0142onecznika.<\/li>\n<\/ul>\n\n\n\n<p><strong>Suplementacja:<\/strong><\/p>\n\n\n\n<ul class=\"wp-block-list\">\n<li>Kapsu\u0142ki witaminy E, np. <strong>Olimp Gold Vit E<\/strong>.<\/li>\n<\/ul>\n\n\n\n<figure class=\"wp-block-image size-full\"><a href=\"https:\/\/swiatsupli.pl\/witaminy-e-swanson-vitamin-e-400iu-60softgels\/p3603\" target=\"_blank\" rel=\"noreferrer noopener\"><img loading=\"lazy\" decoding=\"async\" width=\"800\" height=\"800\" src=\"https:\/\/swiatsupli.pl\/blog\/wp-content\/uploads\/2025\/01\/witaminy-e-swanson-vitamin-e-400iu-60softgels.jpg\" alt=\"\" class=\"wp-image-20194\" srcset=\"https:\/\/swiatsupli.pl\/blog\/wp-content\/uploads\/2025\/01\/witaminy-e-swanson-vitamin-e-400iu-60softgels.jpg 800w, https:\/\/swiatsupli.pl\/blog\/wp-content\/uploads\/2025\/01\/witaminy-e-swanson-vitamin-e-400iu-60softgels-300x300.jpg 300w, https:\/\/swiatsupli.pl\/blog\/wp-content\/uploads\/2025\/01\/witaminy-e-swanson-vitamin-e-400iu-60softgels-150x150.jpg 150w, https:\/\/swiatsupli.pl\/blog\/wp-content\/uploads\/2025\/01\/witaminy-e-swanson-vitamin-e-400iu-60softgels-768x768.jpg 768w, https:\/\/swiatsupli.pl\/blog\/wp-content\/uploads\/2025\/01\/witaminy-e-swanson-vitamin-e-400iu-60softgels-360x360.jpg 360w\" sizes=\"auto, (max-width: 800px) 100vw, 800px\" \/><\/a><\/figure>\n\n\n\n<p class=\"has-text-align-center\"><a href=\"https:\/\/swiatsupli.pl\/witaminy-e-swanson-vitamin-e-400iu-60softgels\/p3603\" target=\"_blank\" aria-label=\"Swanson Vitamin E 400IU 60softgels-KLIKNIJ TUTAJ (opens in a new tab)\" rel=\"noreferrer noopener\" class=\"ek-link\">Swanson Vitamin E 400IU 60softgels-KLIKNIJ TUTAJ<\/a><\/p>\n\n\n\n<h3 class=\"wp-block-heading\"><span class=\"ez-toc-section\" id=\"4_Witamina_C\"><\/span>4. <a href=\"https:\/\/swiatsupli.pl\/witamina-c\/c292?utm_source=blog&amp;utm_medium=referral&amp;utm_campaign=Jakie_witaminy_i_minera%C5%82y_wspieraj%C4%85_zdrowe_w%C5%82osy_i_paznokcie%3F\" target=\"_blank\" aria-label=\"Witamina C (opens in a new tab)\" rel=\"noreferrer noopener\" class=\"ek-link\">Witamina C<\/a><span class=\"ez-toc-section-end\"><\/span><\/h3>\n\n\n\n<p><strong>Dlaczego jest wa\u017cna?<\/strong><br>Witamina C wspiera produkcj\u0119 kolagenu, kt\u00f3ry jest niezb\u0119dny dla zdrowia sk\u00f3ry, w\u0142os\u00f3w i paznokci.<\/p>\n\n\n\n<p><strong>Jak wp\u0142ywa na w\u0142osy i paznokcie?<\/strong><\/p>\n\n\n\n<ul class=\"wp-block-list\">\n<li>Zwi\u0119ksza elastyczno\u015b\u0107 paznokci.<\/li>\n\n\n\n<li>Chroni w\u0142osy przed dzia\u0142aniem wolnych rodnik\u00f3w.<\/li>\n<\/ul>\n\n\n\n<p><strong>\u0179r\u00f3d\u0142a w diecie:<\/strong><\/p>\n\n\n\n<ul class=\"wp-block-list\">\n<li>Cytrusy, papryka, truskawki, broku\u0142y, kiwi.<\/li>\n<\/ul>\n\n\n\n<p><strong>Suplementacja:<\/strong><\/p>\n\n\n\n<ul class=\"wp-block-list\">\n<li>Wybierz suplementy z wysok\u0105 dawk\u0105 witaminy C, np. <strong>Trec Vitamin C Strong<\/strong>.<\/li>\n<\/ul>\n\n\n\n<h3 class=\"wp-block-heading\"><span class=\"ez-toc-section\" id=\"5_Zelazo\"><\/span>5. \u017belazo<span class=\"ez-toc-section-end\"><\/span><\/h3>\n\n\n\n<p><strong>Dlaczego jest wa\u017cne?<\/strong><br>Niedob\u00f3r \u017celaza jest jedn\u0105 z g\u0142\u00f3wnych przyczyn wypadania w\u0142os\u00f3w, poniewa\u017c wp\u0142ywa na dotlenienie mieszk\u00f3w w\u0142osowych.<\/p>\n\n\n\n<p><strong>Jak wp\u0142ywa na w\u0142osy i paznokcie?<\/strong><\/p>\n\n\n\n<ul class=\"wp-block-list\">\n<li>Wspiera wzrost w\u0142os\u00f3w.<\/li>\n\n\n\n<li>Zapobiega \u0142amliwo\u015bci paznokci.<\/li>\n<\/ul>\n\n\n\n<p><strong>\u0179r\u00f3d\u0142a w diecie:<\/strong><\/p>\n\n\n\n<ul class=\"wp-block-list\">\n<li>Czerwone mi\u0119so, szpinak, jaja, fasola, soczewica.<\/li>\n<\/ul>\n\n\n\n<p><strong>Suplementacja:<\/strong><\/p>\n\n\n\n<ul class=\"wp-block-list\">\n<li>\u017belazo w tabletkach, np. <strong>Olimp Chela-Ferr Bio Complex<\/strong>.<\/li>\n<\/ul>\n\n\n\n<figure class=\"wp-block-image size-full\"><a href=\"https:\/\/swiatsupli.pl\/kompleks-zelazo-singularis-zelazobioactiv-complex-30kaps\/p10664?utm_source=blog&amp;utm_medium=referral&amp;utm_campaign=Jakie_witaminy_i_minera%C5%82y_wspieraj%C4%85_zdrowe_w%C5%82osy_i_paznokcie%3F\" target=\"_blank\" rel=\"noreferrer noopener\"><img loading=\"lazy\" decoding=\"async\" width=\"800\" height=\"800\" src=\"https:\/\/swiatsupli.pl\/blog\/wp-content\/uploads\/2025\/01\/kompleks-zelazo-singularis-zelazobioactiv-complex-30kaps.png\" alt=\"\" class=\"wp-image-20195\" srcset=\"https:\/\/swiatsupli.pl\/blog\/wp-content\/uploads\/2025\/01\/kompleks-zelazo-singularis-zelazobioactiv-complex-30kaps.png 800w, https:\/\/swiatsupli.pl\/blog\/wp-content\/uploads\/2025\/01\/kompleks-zelazo-singularis-zelazobioactiv-complex-30kaps-300x300.png 300w, https:\/\/swiatsupli.pl\/blog\/wp-content\/uploads\/2025\/01\/kompleks-zelazo-singularis-zelazobioactiv-complex-30kaps-150x150.png 150w, https:\/\/swiatsupli.pl\/blog\/wp-content\/uploads\/2025\/01\/kompleks-zelazo-singularis-zelazobioactiv-complex-30kaps-768x768.png 768w, https:\/\/swiatsupli.pl\/blog\/wp-content\/uploads\/2025\/01\/kompleks-zelazo-singularis-zelazobioactiv-complex-30kaps-360x360.png 360w\" sizes=\"auto, (max-width: 800px) 100vw, 800px\" \/><\/a><\/figure>\n\n\n\n<p class=\"has-text-align-center\"><a href=\"https:\/\/swiatsupli.pl\/kompleks-zelazo-singularis-zelazobioactiv-complex-30kaps\/p10664?utm_source=blog&amp;utm_medium=referral&amp;utm_campaign=Jakie_witaminy_i_minera%C5%82y_wspieraj%C4%85_zdrowe_w%C5%82osy_i_paznokcie%3F\" target=\"_blank\" aria-label=\"Singularis \u017belazo+Bioactiv Complex 30kaps-KLIKNIJ TUTAJ (opens in a new tab)\" rel=\"noreferrer noopener\" class=\"ek-link\">Singularis \u017belazo+Bioactiv Complex 30kaps-KLIKNIJ TUTAJ<\/a><\/p>\n\n\n\n<h3 class=\"wp-block-heading\"><span class=\"ez-toc-section\" id=\"6_Cynk\"><\/span>6. <a href=\"https:\/\/swiatsupli.pl\/cynk\/c303?utm_source=blog&amp;utm_medium=referral&amp;utm_campaign=Jakie_witaminy_i_minera%C5%82y_wspieraj%C4%85_zdrowe_w%C5%82osy_i_paznokcie%3F\" target=\"_blank\" aria-label=\"Cynk (opens in a new tab)\" rel=\"noreferrer noopener\" class=\"ek-link\">Cynk<\/a><span class=\"ez-toc-section-end\"><\/span><\/h3>\n\n\n\n<p><strong>Dlaczego jest wa\u017cny?<\/strong><br>Cynk jest kluczowy dla regeneracji kom\u00f3rek i produkcji keratyny \u2013 podstawowego budulca w\u0142os\u00f3w i paznokci.<\/p>\n\n\n\n<p><strong>Jak wp\u0142ywa na w\u0142osy i paznokcie?<\/strong><\/p>\n\n\n\n<ul class=\"wp-block-list\">\n<li>Zapobiega nadmiernemu wypadaniu w\u0142os\u00f3w.<\/li>\n\n\n\n<li>Wzmacnia paznokcie, zapobiegaj\u0105c ich rozdwajaniu.<\/li>\n<\/ul>\n\n\n\n<p><strong>\u0179r\u00f3d\u0142a w diecie:<\/strong><\/p>\n\n\n\n<ul class=\"wp-block-list\">\n<li>Ostrygi, orzechy, pestki dyni, nabia\u0142, ro\u015bliny str\u0105czkowe.<\/li>\n<\/ul>\n\n\n\n<p><strong>Suplementacja:<\/strong><\/p>\n\n\n\n<ul class=\"wp-block-list\">\n<li>Kompleksy z cynkiem, np. <strong>Trec ZMA<\/strong>.<\/li>\n<\/ul>\n\n\n\n<h3 class=\"wp-block-heading\"><span class=\"ez-toc-section\" id=\"7_Magnez\"><\/span>7. Magnez<span class=\"ez-toc-section-end\"><\/span><\/h3>\n\n\n\n<p><strong>Dlaczego jest wa\u017cny?<\/strong><br>Magnez wspiera zdrowie mieszk\u00f3w w\u0142osowych i zapobiega ich os\u0142abieniu.<\/p>\n\n\n\n<p><strong>Jak wp\u0142ywa na w\u0142osy i paznokcie?<\/strong><\/p>\n\n\n\n<ul class=\"wp-block-list\">\n<li>Zmniejsza \u0142amliwo\u015b\u0107 paznokci.<\/li>\n\n\n\n<li>Poprawia kondycj\u0119 w\u0142os\u00f3w, zapobiegaj\u0105c ich przesuszaniu.<\/li>\n<\/ul>\n\n\n\n<p><strong>\u0179r\u00f3d\u0142a w diecie:<\/strong><\/p>\n\n\n\n<ul class=\"wp-block-list\">\n<li>Szpinak, migda\u0142y, awokado, kakao.<\/li>\n<\/ul>\n\n\n\n<p><strong>Suplementacja:<\/strong><\/p>\n\n\n\n<ul class=\"wp-block-list\">\n<li>Magnez w tabletkach, np. <strong>Olimp Chela-Mag B6<\/strong>.<\/li>\n<\/ul>\n\n\n\n<h3 class=\"wp-block-heading\"><span class=\"ez-toc-section\" id=\"8_Witamina_D\"><\/span>8. Witamina D<span class=\"ez-toc-section-end\"><\/span><\/h3>\n\n\n\n<p><strong>Dlaczego jest wa\u017cna?<\/strong><br>Witamina D wspiera zdrowy wzrost w\u0142os\u00f3w poprzez regulacj\u0119 cyklu mieszk\u00f3w w\u0142osowych.<\/p>\n\n\n\n<p><strong>Jak wp\u0142ywa na w\u0142osy i paznokcie?<\/strong><\/p>\n\n\n\n<ul class=\"wp-block-list\">\n<li>Wzmacnia struktur\u0119 w\u0142os\u00f3w.<\/li>\n\n\n\n<li>Zapobiega wypadaniu w\u0142os\u00f3w.<\/li>\n<\/ul>\n\n\n\n<p><strong>\u0179r\u00f3d\u0142a w diecie:<\/strong><\/p>\n\n\n\n<ul class=\"wp-block-list\">\n<li>T\u0142uste ryby, jajka, wzbogacone produkty mleczne.<\/li>\n<\/ul>\n\n\n\n<p><strong>Suplementacja:<\/strong><\/p>\n\n\n\n<ul class=\"wp-block-list\">\n<li>Witamina D3, np. <strong>Trec Vitamin D3 2000 IU<\/strong>.<\/li>\n<\/ul>\n\n\n\n<h3 class=\"wp-block-heading\"><span class=\"ez-toc-section\" id=\"Najlepsze_kompleksy_witamin_i_mineralow_dla_wlosow_i_paznokci\"><\/span>Najlepsze kompleksy witamin i minera\u0142\u00f3w dla w\u0142os\u00f3w i paznokci<span class=\"ez-toc-section-end\"><\/span><\/h3>\n\n\n\n<ol class=\"wp-block-list\">\n<li><strong>Olimp Hair Skin Nails<\/strong>\n<ul class=\"wp-block-list\">\n<li>Kompleks wspieraj\u0105cy zdrowie w\u0142os\u00f3w, sk\u00f3ry i paznokci.<\/li>\n<\/ul>\n<\/li>\n\n\n\n<li><strong>Swanson Hair Skin and Nails<\/strong>\n<ul class=\"wp-block-list\">\n<li>Zawiera biotyn\u0119, cynk i witaminy z grupy B.<\/li>\n<\/ul>\n<\/li>\n\n\n\n<li><strong>Trec Beauty Formula<\/strong>\n<ul class=\"wp-block-list\">\n<li>Kompleks dla os\u00f3b chc\u0105cych zadba\u0107 o urod\u0119.<\/li>\n<\/ul>\n<\/li>\n<\/ol>\n\n\n\n<h3 class=\"wp-block-heading\"><span class=\"ez-toc-section\" id=\"Jak_wlaczyc_te_skladniki_do_swojej_rutyny\"><\/span>Jak w\u0142\u0105czy\u0107 te sk\u0142adniki do swojej rutyny?<span class=\"ez-toc-section-end\"><\/span><\/h3>\n\n\n\n<ol class=\"wp-block-list\">\n<li><strong>Zbilansowana dieta:<\/strong><br>Skup si\u0119 na jedzeniu produkt\u00f3w bogatych w witaminy i minera\u0142y.<\/li>\n\n\n\n<li><strong>Regularna suplementacja:<\/strong><br>Wybierz produkty wysokiej jako\u015bci z odpowiednim sk\u0142adem.<\/li>\n\n\n\n<li><strong>Unikaj stresu:<\/strong><br>Stres os\u0142abia w\u0142osy i paznokcie, dlatego warto w\u0142\u0105czy\u0107 suplementy wspieraj\u0105ce regeneracj\u0119, takie jak magnez i ashwagandha.<\/li>\n<\/ol>\n\n\n\n<h3 class=\"wp-block-heading\"><span class=\"ez-toc-section\" id=\"Najczesciej_zadawane_pytania\"><\/span>Najcz\u0119\u015bciej zadawane pytania<span class=\"ez-toc-section-end\"><\/span><\/h3>\n\n\n\n<h4 class=\"wp-block-heading\"><span class=\"ez-toc-section\" id=\"1_Jak_dlugo_trzeba_czekac_na_efekty_suplementacji\"><\/span>1. Jak d\u0142ugo trzeba czeka\u0107 na efekty suplementacji?<span class=\"ez-toc-section-end\"><\/span><\/h4>\n\n\n\n<p>Pierwsze efekty s\u0105 widoczne po oko\u0142o 4\u20136 tygodniach regularnego stosowania suplement\u00f3w.<\/p>\n\n\n\n<h4 class=\"wp-block-heading\"><span class=\"ez-toc-section\" id=\"2_Czy_mozna_przedawkowac_witaminy\"><\/span>2. Czy mo\u017cna przedawkowa\u0107 witaminy?<span class=\"ez-toc-section-end\"><\/span><\/h4>\n\n\n\n<p>Tak, dlatego warto stosowa\u0107 suplementy zgodnie z zaleceniami na opakowaniu.<\/p>\n\n\n\n<h4 class=\"wp-block-heading\"><span class=\"ez-toc-section\" id=\"3_Czy_dieta_roslinna_wplywa_na_zdrowie_wlosow_i_paznokci\"><\/span>3. Czy dieta ro\u015blinna wp\u0142ywa na zdrowie w\u0142os\u00f3w i paznokci?<span class=\"ez-toc-section-end\"><\/span><\/h4>\n\n\n\n<p>Dieta ro\u015blinna mo\u017ce wymaga\u0107 uzupe\u0142nienia witamin i minera\u0142\u00f3w, takich jak \u017celazo, cynk czy biotyna, aby zapobiec ich niedoborom.<\/p>\n\n\n\n<h3 class=\"wp-block-heading\"><span class=\"ez-toc-section\" id=\"Podsumowanie\"><\/span>Podsumowanie<span class=\"ez-toc-section-end\"><\/span><\/h3>\n\n\n\n<p>Zdrowe w\u0142osy i paznokcie wymagaj\u0105 odpowiedniej ilo\u015bci witamin i minera\u0142\u00f3w. Kluczowe sk\u0142adniki to biotyna, witaminy A, E, C, D, \u017celazo, cynk i magnez. Po\u0142\u0105czenie zbilansowanej diety z suplementacj\u0105 to najlepszy spos\u00f3b na wzmocnienie w\u0142os\u00f3w i paznokci oraz popraw\u0119 ich kondycji.<\/p>\n","protected":false},"excerpt":{"rendered":"<p>Zainteresowa\u0142 ci\u0119 temat Witamin oraz minera\u0142\u00f3w kt\u00f3re wp\u0142ywaj\u0105 na zdrowie w\u0142os\u00f3w oraz paznokci ?<\/p>\n","protected":false},"author":6,"featured_media":20196,"comment_status":"open","ping_status":"open","sticky":false,"template":"","format":"standard","meta":{"_editorskit_title_hidden":false,"_editorskit_reading_time":0,"_editorskit_is_block_options_detached":false,"_editorskit_block_options_position":"{}","inline_featured_image":false,"rop_custom_images_group":[],"rop_custom_messages_group":[],"rop_publish_now":"initial","rop_publish_now_accounts":[],"rop_publish_now_history":[],"rop_publish_now_status":"pending","footnotes":""},"categories":[1998],"tags":[268,481,595,228,537,2263,1099],"class_list":{"0":"post-20192","1":"post","2":"type-post","3":"status-publish","4":"format-standard","5":"has-post-thumbnail","7":"category-witalnosc","8":"tag-jakie","9":"tag-mineraly","10":"tag-paznokcie","11":"tag-witaminy","12":"tag-wlosy","13":"tag-wspieraja","14":"tag-zdrowe"},"yoast_head":"<!-- This site is optimized with the Yoast SEO plugin v27.5 - https:\/\/yoast.com\/product\/yoast-seo-wordpress\/ -->\n<title>Jakie witaminy i minera\u0142y wspieraj\u0105 zdrowe w\u0142osy i paznokcie? - Blog \u015awiat Supli<\/title>\n<meta name=\"description\" content=\"Jakie witaminy i minera\u0142y wspieraj\u0105 zdrowe w\u0142osy i paznokcie? - zobacz wi\u0119cej na blogu \u015awiatSupli.pl\" \/>\n<meta name=\"robots\" content=\"index, follow, max-snippet:-1, max-image-preview:large, max-video-preview:-1\" \/>\n<link rel=\"canonical\" href=\"https:\/\/swiatsupli.pl\/blog\/jakie-witaminy-i-mineraly-wspieraja-zdrowe-wlosy-i-paznokcie\/\" \/>\n<meta property=\"og:locale\" content=\"pl_PL\" \/>\n<meta property=\"og:type\" content=\"article\" \/>\n<meta property=\"og:title\" content=\"Jakie witaminy i minera\u0142y wspieraj\u0105 zdrowe w\u0142osy i paznokcie? - Blog \u015awiat Supli\" \/>\n<meta property=\"og:description\" content=\"Jakie witaminy i minera\u0142y wspieraj\u0105 zdrowe w\u0142osy i paznokcie? - zobacz wi\u0119cej na blogu \u015awiatSupli.pl\" \/>\n<meta property=\"og:url\" content=\"https:\/\/swiatsupli.pl\/blog\/jakie-witaminy-i-mineraly-wspieraja-zdrowe-wlosy-i-paznokcie\/\" \/>\n<meta property=\"og:site_name\" content=\"Blog \u015awiat Supli\" \/>\n<meta property=\"article:publisher\" content=\"https:\/\/www.facebook.com\/Swiat.Supli\" \/>\n<meta property=\"article:published_time\" content=\"2025-01-22T11:23:18+00:00\" \/>\n<meta property=\"article:modified_time\" content=\"2025-01-22T11:23:20+00:00\" \/>\n<meta property=\"og:image\" content=\"https:\/\/swiatsupli.pl\/blog\/wp-content\/uploads\/2025\/01\/Jakie-witaminy-i-mineraly-wspieraja-zdrowe-wlosy-i-paznokcie-1024x741.jpg\" \/>\n\t<meta property=\"og:image:width\" content=\"1024\" \/>\n\t<meta property=\"og:image:height\" content=\"741\" \/>\n\t<meta property=\"og:image:type\" content=\"image\/jpeg\" \/>\n<meta name=\"author\" content=\"Pawe\u0142 Lisowski\" \/>\n<meta name=\"twitter:card\" content=\"summary_large_image\" \/>\n<meta name=\"twitter:creator\" content=\"@SwiatSupli\" \/>\n<meta name=\"twitter:site\" content=\"@SwiatSupli\" \/>\n<meta name=\"twitter:label1\" content=\"Napisane przez\" \/>\n\t<meta name=\"twitter:data1\" content=\"Pawe\u0142 Lisowski\" \/>\n\t<meta name=\"twitter:label2\" content=\"Szacowany czas czytania\" \/>\n\t<meta name=\"twitter:data2\" content=\"5 minut\" \/>\n<script type=\"application\/ld+json\" class=\"yoast-schema-graph\">{\"@context\":\"https:\\\/\\\/schema.org\",\"@graph\":[{\"@type\":\"Article\",\"@id\":\"https:\\\/\\\/swiatsupli.pl\\\/blog\\\/jakie-witaminy-i-mineraly-wspieraja-zdrowe-wlosy-i-paznokcie\\\/#article\",\"isPartOf\":{\"@id\":\"https:\\\/\\\/swiatsupli.pl\\\/blog\\\/jakie-witaminy-i-mineraly-wspieraja-zdrowe-wlosy-i-paznokcie\\\/\"},\"author\":{\"name\":\"Pawe\u0142 Lisowski\",\"@id\":\"https:\\\/\\\/swiatsupli.pl\\\/blog\\\/#\\\/schema\\\/person\\\/b92e54cf03cf0b288057351cf090e58a\"},\"headline\":\"Jakie witaminy i minera\u0142y wspieraj\u0105 zdrowe w\u0142osy i paznokcie?\",\"datePublished\":\"2025-01-22T11:23:18+00:00\",\"dateModified\":\"2025-01-22T11:23:20+00:00\",\"mainEntityOfPage\":{\"@id\":\"https:\\\/\\\/swiatsupli.pl\\\/blog\\\/jakie-witaminy-i-mineraly-wspieraja-zdrowe-wlosy-i-paznokcie\\\/\"},\"wordCount\":867,\"commentCount\":0,\"publisher\":{\"@id\":\"https:\\\/\\\/swiatsupli.pl\\\/blog\\\/#organization\"},\"image\":{\"@id\":\"https:\\\/\\\/swiatsupli.pl\\\/blog\\\/jakie-witaminy-i-mineraly-wspieraja-zdrowe-wlosy-i-paznokcie\\\/#primaryimage\"},\"thumbnailUrl\":\"https:\\\/\\\/swiatsupli.pl\\\/blog\\\/wp-content\\\/uploads\\\/2025\\\/01\\\/Jakie-witaminy-i-mineraly-wspieraja-zdrowe-wlosy-i-paznokcie.jpg\",\"keywords\":[\"jakie\",\"minera\u0142y\",\"paznokcie\",\"Witaminy\",\"w\u0142osy\",\"wspieraj\u0105\",\"zdrowe\"],\"articleSection\":[\"Witalno\u015b\u0107\"],\"inLanguage\":\"pl-PL\",\"potentialAction\":[{\"@type\":\"CommentAction\",\"name\":\"Comment\",\"target\":[\"https:\\\/\\\/swiatsupli.pl\\\/blog\\\/jakie-witaminy-i-mineraly-wspieraja-zdrowe-wlosy-i-paznokcie\\\/#respond\"]}]},{\"@type\":\"WebPage\",\"@id\":\"https:\\\/\\\/swiatsupli.pl\\\/blog\\\/jakie-witaminy-i-mineraly-wspieraja-zdrowe-wlosy-i-paznokcie\\\/\",\"url\":\"https:\\\/\\\/swiatsupli.pl\\\/blog\\\/jakie-witaminy-i-mineraly-wspieraja-zdrowe-wlosy-i-paznokcie\\\/\",\"name\":\"Jakie witaminy i minera\u0142y wspieraj\u0105 zdrowe w\u0142osy i paznokcie? - Blog \u015awiat Supli\",\"isPartOf\":{\"@id\":\"https:\\\/\\\/swiatsupli.pl\\\/blog\\\/#website\"},\"primaryImageOfPage\":{\"@id\":\"https:\\\/\\\/swiatsupli.pl\\\/blog\\\/jakie-witaminy-i-mineraly-wspieraja-zdrowe-wlosy-i-paznokcie\\\/#primaryimage\"},\"image\":{\"@id\":\"https:\\\/\\\/swiatsupli.pl\\\/blog\\\/jakie-witaminy-i-mineraly-wspieraja-zdrowe-wlosy-i-paznokcie\\\/#primaryimage\"},\"thumbnailUrl\":\"https:\\\/\\\/swiatsupli.pl\\\/blog\\\/wp-content\\\/uploads\\\/2025\\\/01\\\/Jakie-witaminy-i-mineraly-wspieraja-zdrowe-wlosy-i-paznokcie.jpg\",\"datePublished\":\"2025-01-22T11:23:18+00:00\",\"dateModified\":\"2025-01-22T11:23:20+00:00\",\"description\":\"Jakie witaminy i minera\u0142y wspieraj\u0105 zdrowe w\u0142osy i paznokcie? - zobacz wi\u0119cej na blogu \u015awiatSupli.pl\",\"breadcrumb\":{\"@id\":\"https:\\\/\\\/swiatsupli.pl\\\/blog\\\/jakie-witaminy-i-mineraly-wspieraja-zdrowe-wlosy-i-paznokcie\\\/#breadcrumb\"},\"inLanguage\":\"pl-PL\",\"potentialAction\":[{\"@type\":\"ReadAction\",\"target\":[\"https:\\\/\\\/swiatsupli.pl\\\/blog\\\/jakie-witaminy-i-mineraly-wspieraja-zdrowe-wlosy-i-paznokcie\\\/\"]}]},{\"@type\":\"ImageObject\",\"inLanguage\":\"pl-PL\",\"@id\":\"https:\\\/\\\/swiatsupli.pl\\\/blog\\\/jakie-witaminy-i-mineraly-wspieraja-zdrowe-wlosy-i-paznokcie\\\/#primaryimage\",\"url\":\"https:\\\/\\\/swiatsupli.pl\\\/blog\\\/wp-content\\\/uploads\\\/2025\\\/01\\\/Jakie-witaminy-i-mineraly-wspieraja-zdrowe-wlosy-i-paznokcie.jpg\",\"contentUrl\":\"https:\\\/\\\/swiatsupli.pl\\\/blog\\\/wp-content\\\/uploads\\\/2025\\\/01\\\/Jakie-witaminy-i-mineraly-wspieraja-zdrowe-wlosy-i-paznokcie.jpg\",\"width\":1600,\"height\":1158},{\"@type\":\"BreadcrumbList\",\"@id\":\"https:\\\/\\\/swiatsupli.pl\\\/blog\\\/jakie-witaminy-i-mineraly-wspieraja-zdrowe-wlosy-i-paznokcie\\\/#breadcrumb\",\"itemListElement\":[{\"@type\":\"ListItem\",\"position\":1,\"name\":\"Strona g\u0142\u00f3wna\",\"item\":\"https:\\\/\\\/swiatsupli.pl\\\/blog\\\/\"},{\"@type\":\"ListItem\",\"position\":2,\"name\":\"Jakie witaminy i minera\u0142y wspieraj\u0105 zdrowe w\u0142osy i paznokcie?\"}]},{\"@type\":\"WebSite\",\"@id\":\"https:\\\/\\\/swiatsupli.pl\\\/blog\\\/#website\",\"url\":\"https:\\\/\\\/swiatsupli.pl\\\/blog\\\/\",\"name\":\"Blog \u015awiat Supli\",\"description\":\"Wspieramy Tw\u00f3j styl \u017cycia\",\"publisher\":{\"@id\":\"https:\\\/\\\/swiatsupli.pl\\\/blog\\\/#organization\"},\"potentialAction\":[{\"@type\":\"SearchAction\",\"target\":{\"@type\":\"EntryPoint\",\"urlTemplate\":\"https:\\\/\\\/swiatsupli.pl\\\/blog\\\/?s={search_term_string}\"},\"query-input\":{\"@type\":\"PropertyValueSpecification\",\"valueRequired\":true,\"valueName\":\"search_term_string\"}}],\"inLanguage\":\"pl-PL\"},{\"@type\":\"Organization\",\"@id\":\"https:\\\/\\\/swiatsupli.pl\\\/blog\\\/#organization\",\"name\":\"\u015awiat Supli\",\"url\":\"https:\\\/\\\/swiatsupli.pl\\\/blog\\\/\",\"logo\":{\"@type\":\"ImageObject\",\"inLanguage\":\"pl-PL\",\"@id\":\"https:\\\/\\\/swiatsupli.pl\\\/blog\\\/#\\\/schema\\\/logo\\\/image\\\/\",\"url\":\"https:\\\/\\\/swiatsupli.pl\\\/blog\\\/wp-content\\\/uploads\\\/2020\\\/10\\\/swiat-supli-logo-hex-color-bg-2-scaled.jpg\",\"contentUrl\":\"https:\\\/\\\/swiatsupli.pl\\\/blog\\\/wp-content\\\/uploads\\\/2020\\\/10\\\/swiat-supli-logo-hex-color-bg-2-scaled.jpg\",\"width\":2560,\"height\":680,\"caption\":\"\u015awiat Supli\"},\"image\":{\"@id\":\"https:\\\/\\\/swiatsupli.pl\\\/blog\\\/#\\\/schema\\\/logo\\\/image\\\/\"},\"sameAs\":[\"https:\\\/\\\/www.facebook.com\\\/Swiat.Supli\",\"https:\\\/\\\/x.com\\\/SwiatSupli\",\"https:\\\/\\\/www.instagram.com\\\/swiatsupli_pl\\\/\",\"https:\\\/\\\/www.youtube.com\\\/channel\\\/UCbrXSxhnVQmv08kapZgYW5Q\"]},{\"@type\":\"Person\",\"@id\":\"https:\\\/\\\/swiatsupli.pl\\\/blog\\\/#\\\/schema\\\/person\\\/b92e54cf03cf0b288057351cf090e58a\",\"name\":\"Pawe\u0142 Lisowski\",\"sameAs\":[\"http:\\\/\\\/www.swiatsupli.pl\"],\"url\":\"https:\\\/\\\/swiatsupli.pl\\\/blog\\\/author\\\/lisek\\\/\"}]}<\/script>\n<!-- \/ Yoast SEO plugin. -->","yoast_head_json":{"title":"Jakie witaminy i minera\u0142y wspieraj\u0105 zdrowe w\u0142osy i paznokcie? - Blog \u015awiat Supli","description":"Jakie witaminy i minera\u0142y wspieraj\u0105 zdrowe w\u0142osy i paznokcie? - zobacz wi\u0119cej na blogu \u015awiatSupli.pl","robots":{"index":"index","follow":"follow","max-snippet":"max-snippet:-1","max-image-preview":"max-image-preview:large","max-video-preview":"max-video-preview:-1"},"canonical":"https:\/\/swiatsupli.pl\/blog\/jakie-witaminy-i-mineraly-wspieraja-zdrowe-wlosy-i-paznokcie\/","og_locale":"pl_PL","og_type":"article","og_title":"Jakie witaminy i minera\u0142y wspieraj\u0105 zdrowe w\u0142osy i paznokcie? - Blog \u015awiat Supli","og_description":"Jakie witaminy i minera\u0142y wspieraj\u0105 zdrowe w\u0142osy i paznokcie? - zobacz wi\u0119cej na blogu \u015awiatSupli.pl","og_url":"https:\/\/swiatsupli.pl\/blog\/jakie-witaminy-i-mineraly-wspieraja-zdrowe-wlosy-i-paznokcie\/","og_site_name":"Blog \u015awiat Supli","article_publisher":"https:\/\/www.facebook.com\/Swiat.Supli","article_published_time":"2025-01-22T11:23:18+00:00","article_modified_time":"2025-01-22T11:23:20+00:00","og_image":[{"width":1024,"height":741,"url":"https:\/\/swiatsupli.pl\/blog\/wp-content\/uploads\/2025\/01\/Jakie-witaminy-i-mineraly-wspieraja-zdrowe-wlosy-i-paznokcie-1024x741.jpg","type":"image\/jpeg"}],"author":"Pawe\u0142 Lisowski","twitter_card":"summary_large_image","twitter_creator":"@SwiatSupli","twitter_site":"@SwiatSupli","twitter_misc":{"Napisane przez":"Pawe\u0142 Lisowski","Szacowany czas czytania":"5 minut"},"schema":{"@context":"https:\/\/schema.org","@graph":[{"@type":"Article","@id":"https:\/\/swiatsupli.pl\/blog\/jakie-witaminy-i-mineraly-wspieraja-zdrowe-wlosy-i-paznokcie\/#article","isPartOf":{"@id":"https:\/\/swiatsupli.pl\/blog\/jakie-witaminy-i-mineraly-wspieraja-zdrowe-wlosy-i-paznokcie\/"},"author":{"name":"Pawe\u0142 Lisowski","@id":"https:\/\/swiatsupli.pl\/blog\/#\/schema\/person\/b92e54cf03cf0b288057351cf090e58a"},"headline":"Jakie witaminy i minera\u0142y wspieraj\u0105 zdrowe w\u0142osy i paznokcie?","datePublished":"2025-01-22T11:23:18+00:00","dateModified":"2025-01-22T11:23:20+00:00","mainEntityOfPage":{"@id":"https:\/\/swiatsupli.pl\/blog\/jakie-witaminy-i-mineraly-wspieraja-zdrowe-wlosy-i-paznokcie\/"},"wordCount":867,"commentCount":0,"publisher":{"@id":"https:\/\/swiatsupli.pl\/blog\/#organization"},"image":{"@id":"https:\/\/swiatsupli.pl\/blog\/jakie-witaminy-i-mineraly-wspieraja-zdrowe-wlosy-i-paznokcie\/#primaryimage"},"thumbnailUrl":"https:\/\/swiatsupli.pl\/blog\/wp-content\/uploads\/2025\/01\/Jakie-witaminy-i-mineraly-wspieraja-zdrowe-wlosy-i-paznokcie.jpg","keywords":["jakie","minera\u0142y","paznokcie","Witaminy","w\u0142osy","wspieraj\u0105","zdrowe"],"articleSection":["Witalno\u015b\u0107"],"inLanguage":"pl-PL","potentialAction":[{"@type":"CommentAction","name":"Comment","target":["https:\/\/swiatsupli.pl\/blog\/jakie-witaminy-i-mineraly-wspieraja-zdrowe-wlosy-i-paznokcie\/#respond"]}]},{"@type":"WebPage","@id":"https:\/\/swiatsupli.pl\/blog\/jakie-witaminy-i-mineraly-wspieraja-zdrowe-wlosy-i-paznokcie\/","url":"https:\/\/swiatsupli.pl\/blog\/jakie-witaminy-i-mineraly-wspieraja-zdrowe-wlosy-i-paznokcie\/","name":"Jakie witaminy i minera\u0142y wspieraj\u0105 zdrowe w\u0142osy i paznokcie? - Blog \u015awiat Supli","isPartOf":{"@id":"https:\/\/swiatsupli.pl\/blog\/#website"},"primaryImageOfPage":{"@id":"https:\/\/swiatsupli.pl\/blog\/jakie-witaminy-i-mineraly-wspieraja-zdrowe-wlosy-i-paznokcie\/#primaryimage"},"image":{"@id":"https:\/\/swiatsupli.pl\/blog\/jakie-witaminy-i-mineraly-wspieraja-zdrowe-wlosy-i-paznokcie\/#primaryimage"},"thumbnailUrl":"https:\/\/swiatsupli.pl\/blog\/wp-content\/uploads\/2025\/01\/Jakie-witaminy-i-mineraly-wspieraja-zdrowe-wlosy-i-paznokcie.jpg","datePublished":"2025-01-22T11:23:18+00:00","dateModified":"2025-01-22T11:23:20+00:00","description":"Jakie witaminy i minera\u0142y wspieraj\u0105 zdrowe w\u0142osy i paznokcie? - zobacz wi\u0119cej na blogu \u015awiatSupli.pl","breadcrumb":{"@id":"https:\/\/swiatsupli.pl\/blog\/jakie-witaminy-i-mineraly-wspieraja-zdrowe-wlosy-i-paznokcie\/#breadcrumb"},"inLanguage":"pl-PL","potentialAction":[{"@type":"ReadAction","target":["https:\/\/swiatsupli.pl\/blog\/jakie-witaminy-i-mineraly-wspieraja-zdrowe-wlosy-i-paznokcie\/"]}]},{"@type":"ImageObject","inLanguage":"pl-PL","@id":"https:\/\/swiatsupli.pl\/blog\/jakie-witaminy-i-mineraly-wspieraja-zdrowe-wlosy-i-paznokcie\/#primaryimage","url":"https:\/\/swiatsupli.pl\/blog\/wp-content\/uploads\/2025\/01\/Jakie-witaminy-i-mineraly-wspieraja-zdrowe-wlosy-i-paznokcie.jpg","contentUrl":"https:\/\/swiatsupli.pl\/blog\/wp-content\/uploads\/2025\/01\/Jakie-witaminy-i-mineraly-wspieraja-zdrowe-wlosy-i-paznokcie.jpg","width":1600,"height":1158},{"@type":"BreadcrumbList","@id":"https:\/\/swiatsupli.pl\/blog\/jakie-witaminy-i-mineraly-wspieraja-zdrowe-wlosy-i-paznokcie\/#breadcrumb","itemListElement":[{"@type":"ListItem","position":1,"name":"Strona g\u0142\u00f3wna","item":"https:\/\/swiatsupli.pl\/blog\/"},{"@type":"ListItem","position":2,"name":"Jakie witaminy i minera\u0142y wspieraj\u0105 zdrowe w\u0142osy i paznokcie?"}]},{"@type":"WebSite","@id":"https:\/\/swiatsupli.pl\/blog\/#website","url":"https:\/\/swiatsupli.pl\/blog\/","name":"Blog \u015awiat Supli","description":"Wspieramy Tw\u00f3j styl \u017cycia","publisher":{"@id":"https:\/\/swiatsupli.pl\/blog\/#organization"},"potentialAction":[{"@type":"SearchAction","target":{"@type":"EntryPoint","urlTemplate":"https:\/\/swiatsupli.pl\/blog\/?s={search_term_string}"},"query-input":{"@type":"PropertyValueSpecification","valueRequired":true,"valueName":"search_term_string"}}],"inLanguage":"pl-PL"},{"@type":"Organization","@id":"https:\/\/swiatsupli.pl\/blog\/#organization","name":"\u015awiat Supli","url":"https:\/\/swiatsupli.pl\/blog\/","logo":{"@type":"ImageObject","inLanguage":"pl-PL","@id":"https:\/\/swiatsupli.pl\/blog\/#\/schema\/logo\/image\/","url":"https:\/\/swiatsupli.pl\/blog\/wp-content\/uploads\/2020\/10\/swiat-supli-logo-hex-color-bg-2-scaled.jpg","contentUrl":"https:\/\/swiatsupli.pl\/blog\/wp-content\/uploads\/2020\/10\/swiat-supli-logo-hex-color-bg-2-scaled.jpg","width":2560,"height":680,"caption":"\u015awiat Supli"},"image":{"@id":"https:\/\/swiatsupli.pl\/blog\/#\/schema\/logo\/image\/"},"sameAs":["https:\/\/www.facebook.com\/Swiat.Supli","https:\/\/x.com\/SwiatSupli","https:\/\/www.instagram.com\/swiatsupli_pl\/","https:\/\/www.youtube.com\/channel\/UCbrXSxhnVQmv08kapZgYW5Q"]},{"@type":"Person","@id":"https:\/\/swiatsupli.pl\/blog\/#\/schema\/person\/b92e54cf03cf0b288057351cf090e58a","name":"Pawe\u0142 Lisowski","sameAs":["http:\/\/www.swiatsupli.pl"],"url":"https:\/\/swiatsupli.pl\/blog\/author\/lisek\/"}]}},"_links":{"self":[{"href":"https:\/\/swiatsupli.pl\/blog\/wp-json\/wp\/v2\/posts\/20192","targetHints":{"allow":["GET"]}}],"collection":[{"href":"https:\/\/swiatsupli.pl\/blog\/wp-json\/wp\/v2\/posts"}],"about":[{"href":"https:\/\/swiatsupli.pl\/blog\/wp-json\/wp\/v2\/types\/post"}],"author":[{"embeddable":true,"href":"https:\/\/swiatsupli.pl\/blog\/wp-json\/wp\/v2\/users\/6"}],"replies":[{"embeddable":true,"href":"https:\/\/swiatsupli.pl\/blog\/wp-json\/wp\/v2\/comments?post=20192"}],"version-history":[{"count":1,"href":"https:\/\/swiatsupli.pl\/blog\/wp-json\/wp\/v2\/posts\/20192\/revisions"}],"predecessor-version":[{"id":20197,"href":"https:\/\/swiatsupli.pl\/blog\/wp-json\/wp\/v2\/posts\/20192\/revisions\/20197"}],"wp:featuredmedia":[{"embeddable":true,"href":"https:\/\/swiatsupli.pl\/blog\/wp-json\/wp\/v2\/media\/20196"}],"wp:attachment":[{"href":"https:\/\/swiatsupli.pl\/blog\/wp-json\/wp\/v2\/media?parent=20192"}],"wp:term":[{"taxonomy":"category","embeddable":true,"href":"https:\/\/swiatsupli.pl\/blog\/wp-json\/wp\/v2\/categories?post=20192"},{"taxonomy":"post_tag","embeddable":true,"href":"https:\/\/swiatsupli.pl\/blog\/wp-json\/wp\/v2\/tags?post=20192"}],"curies":[{"name":"wp","href":"https:\/\/api.w.org\/{rel}","templated":true}]}}