{"id":20186,"date":"2025-01-21T11:14:36","date_gmt":"2025-01-21T10:14:36","guid":{"rendered":"https:\/\/swiatsupli.pl\/blog\/?p=20186"},"modified":"2025-01-21T11:14:37","modified_gmt":"2025-01-21T10:14:37","slug":"jakie-witaminy-i-mineraly-sa-niezbedne-zima-kompletny-przewodnik","status":"publish","type":"post","link":"https:\/\/swiatsupli.pl\/blog\/jakie-witaminy-i-mineraly-sa-niezbedne-zima-kompletny-przewodnik\/","title":{"rendered":"Jakie witaminy i minera\u0142y s\u0105 niezb\u0119dne zim\u0105? Kompletny przewodnik"},"content":{"rendered":"<div id=\"ez-toc-container\" class=\"ez-toc-v2_0_75 counter-hierarchy ez-toc-counter ez-toc-grey ez-toc-container-direction\">\n<div class=\"ez-toc-title-container\">\n<p class=\"ez-toc-title\" style=\"cursor:inherit\">Spis tre\u015bci<\/p>\n<span class=\"ez-toc-title-toggle\"><a href=\"#\" class=\"ez-toc-pull-right ez-toc-btn ez-toc-btn-xs ez-toc-btn-default ez-toc-toggle\" aria-label=\"Toggle Table of Content\"><span class=\"ez-toc-js-icon-con\"><span class=\"\"><span class=\"eztoc-hide\" style=\"display:none;\">Toggle<\/span><span class=\"ez-toc-icon-toggle-span\"><svg style=\"fill: #999;color:#999\" xmlns=\"http:\/\/www.w3.org\/2000\/svg\" class=\"list-377408\" width=\"20px\" height=\"20px\" viewBox=\"0 0 24 24\" fill=\"none\"><path d=\"M6 6H4v2h2V6zm14 0H8v2h12V6zM4 11h2v2H4v-2zm16 0H8v2h12v-2zM4 16h2v2H4v-2zm16 0H8v2h12v-2z\" fill=\"currentColor\"><\/path><\/svg><svg style=\"fill: #999;color:#999\" class=\"arrow-unsorted-368013\" xmlns=\"http:\/\/www.w3.org\/2000\/svg\" width=\"10px\" height=\"10px\" viewBox=\"0 0 24 24\" version=\"1.2\" baseProfile=\"tiny\"><path d=\"M18.2 9.3l-6.2-6.3-6.2 6.3c-.2.2-.3.4-.3.7s.1.5.3.7c.2.2.4.3.7.3h11c.3 0 .5-.1.7-.3.2-.2.3-.5.3-.7s-.1-.5-.3-.7zM5.8 14.7l6.2 6.3 6.2-6.3c.2-.2.3-.5.3-.7s-.1-.5-.3-.7c-.2-.2-.4-.3-.7-.3h-11c-.3 0-.5.1-.7.3-.2.2-.3.5-.3.7s.1.5.3.7z\"\/><\/svg><\/span><\/span><\/span><\/a><\/span><\/div>\n<nav><ul class='ez-toc-list ez-toc-list-level-1 ' ><li class='ez-toc-page-1 ez-toc-heading-level-3'><a class=\"ez-toc-link ez-toc-heading-1\" href=\"https:\/\/swiatsupli.pl\/blog\/jakie-witaminy-i-mineraly-sa-niezbedne-zima-kompletny-przewodnik\/#Dlaczego_zima_potrzebujemy_wiecej_witamin_i_mineralow\" >Dlaczego zim\u0105 potrzebujemy wi\u0119cej witamin i minera\u0142\u00f3w?<\/a><\/li><li class='ez-toc-page-1 ez-toc-heading-level-3'><a class=\"ez-toc-link ez-toc-heading-2\" href=\"https:\/\/swiatsupli.pl\/blog\/jakie-witaminy-i-mineraly-sa-niezbedne-zima-kompletny-przewodnik\/#Najwazniejsze_witaminy_i_mineraly_zima\" >Najwa\u017cniejsze witaminy i minera\u0142y zim\u0105<\/a><ul class='ez-toc-list-level-4' ><li class='ez-toc-heading-level-4'><a class=\"ez-toc-link ez-toc-heading-3\" href=\"https:\/\/swiatsupli.pl\/blog\/jakie-witaminy-i-mineraly-sa-niezbedne-zima-kompletny-przewodnik\/#Witamina_D_%E2%80%93_%E2%80%9Esloneczna_witamina%E2%80%9D\" >Witamina D \u2013 \u201es\u0142oneczna witamina\u201d<\/a><\/li><li class='ez-toc-page-1 ez-toc-heading-level-4'><a class=\"ez-toc-link ez-toc-heading-4\" href=\"https:\/\/swiatsupli.pl\/blog\/jakie-witaminy-i-mineraly-sa-niezbedne-zima-kompletny-przewodnik\/#Witamina_C_%E2%80%93_straznik_odpornosci\" >Witamina C \u2013 stra\u017cnik odporno\u015bci<\/a><\/li><li class='ez-toc-page-1 ez-toc-heading-level-4'><a class=\"ez-toc-link ez-toc-heading-5\" href=\"https:\/\/swiatsupli.pl\/blog\/jakie-witaminy-i-mineraly-sa-niezbedne-zima-kompletny-przewodnik\/#Cynk_%E2%80%93_tarcza_przeciw_infekcjom\" >Cynk \u2013 tarcza przeciw infekcjom<\/a><\/li><li class='ez-toc-page-1 ez-toc-heading-level-4'><a class=\"ez-toc-link ez-toc-heading-6\" href=\"https:\/\/swiatsupli.pl\/blog\/jakie-witaminy-i-mineraly-sa-niezbedne-zima-kompletny-przewodnik\/#Magnez_%E2%80%93_na_stres_i_zmeczenie\" >Magnez \u2013 na stres i zm\u0119czenie<\/a><\/li><li class='ez-toc-page-1 ez-toc-heading-level-4'><a class=\"ez-toc-link ez-toc-heading-7\" href=\"https:\/\/swiatsupli.pl\/blog\/jakie-witaminy-i-mineraly-sa-niezbedne-zima-kompletny-przewodnik\/#Zelazo_%E2%80%93_na_energie_i_sile\" >\u017belazo \u2013 na energi\u0119 i si\u0142\u0119<\/a><\/li><li class='ez-toc-page-1 ez-toc-heading-level-4'><a class=\"ez-toc-link ez-toc-heading-8\" href=\"https:\/\/swiatsupli.pl\/blog\/jakie-witaminy-i-mineraly-sa-niezbedne-zima-kompletny-przewodnik\/#Witamina_A_%E2%80%93_ochrona_przed_infekcjami\" >Witamina A \u2013 ochrona przed infekcjami<\/a><\/li><li class='ez-toc-page-1 ez-toc-heading-level-4'><a class=\"ez-toc-link ez-toc-heading-9\" href=\"https:\/\/swiatsupli.pl\/blog\/jakie-witaminy-i-mineraly-sa-niezbedne-zima-kompletny-przewodnik\/#Selen_%E2%80%93_silny_antyoksydant\" >Selen \u2013 silny antyoksydant<\/a><\/li><\/ul><\/li><li class='ez-toc-page-1 ez-toc-heading-level-3'><a class=\"ez-toc-link ez-toc-heading-10\" href=\"https:\/\/swiatsupli.pl\/blog\/jakie-witaminy-i-mineraly-sa-niezbedne-zima-kompletny-przewodnik\/#Jak_wspierac_diete_zimowa_suplementami\" >Jak wspiera\u0107 diet\u0119 zimow\u0105 suplementami?<\/a><\/li><li class='ez-toc-page-1 ez-toc-heading-level-3'><a class=\"ez-toc-link ez-toc-heading-11\" href=\"https:\/\/swiatsupli.pl\/blog\/jakie-witaminy-i-mineraly-sa-niezbedne-zima-kompletny-przewodnik\/#Przykladowy_jadlospis_zimowy_wspierajacy_zdrowie\" >Przyk\u0142adowy jad\u0142ospis zimowy wspieraj\u0105cy zdrowie<\/a><\/li><li class='ez-toc-page-1 ez-toc-heading-level-3'><a class=\"ez-toc-link ez-toc-heading-12\" href=\"https:\/\/swiatsupli.pl\/blog\/jakie-witaminy-i-mineraly-sa-niezbedne-zima-kompletny-przewodnik\/#Najczesciej_zadawane_pytania\" >Najcz\u0119\u015bciej zadawane pytania<\/a><\/li><li class='ez-toc-page-1 ez-toc-heading-level-3'><a class=\"ez-toc-link ez-toc-heading-13\" href=\"https:\/\/swiatsupli.pl\/blog\/jakie-witaminy-i-mineraly-sa-niezbedne-zima-kompletny-przewodnik\/#Podsumowanie\" >Podsumowanie<\/a><\/li><\/ul><\/nav><\/div>\n\n<p>Zima to czas, kiedy organizm jest nara\u017cony na wi\u0119kszy stres zwi\u0105zany z obni\u017con\u0105 temperatur\u0105, kr\u00f3tszym dniem i mniejsz\u0105 ilo\u015bci\u0105 \u015bwiat\u0142a s\u0142onecznego. To okres, w kt\u00f3rym dieta powinna by\u0107 szczeg\u00f3lnie bogata w witaminy i minera\u0142y wspieraj\u0105ce odporno\u015b\u0107, energi\u0119 i og\u00f3ln\u0105 kondycj\u0119. W tym artykule dowiesz si\u0119, jakie sk\u0142adniki od\u017cywcze s\u0105 kluczowe zim\u0105, dlaczego s\u0105 tak wa\u017cne i w jakich produktach oraz suplementach je znale\u017a\u0107.<\/p>\n\n\n\n<h3 class=\"wp-block-heading\"><span class=\"ez-toc-section\" id=\"Dlaczego_zima_potrzebujemy_wiecej_witamin_i_mineralow\"><\/span>Dlaczego zim\u0105 potrzebujemy wi\u0119cej witamin i minera\u0142\u00f3w?<span class=\"ez-toc-section-end\"><\/span><\/h3>\n\n\n\n<ol class=\"wp-block-list\">\n<li><strong>Mniejsza dost\u0119pno\u015b\u0107 \u015bwie\u017cych warzyw i owoc\u00f3w<\/strong><br>W zimie trudniej o sezonowe produkty bogate w witaminy, co zwi\u0119ksza ryzyko niedobor\u00f3w.<\/li>\n\n\n\n<li><strong>Obni\u017cona <a href=\"https:\/\/swiatsupli.pl\/odpornosc\/c144?utm_source=blog&amp;utm_medium=referral&amp;utm_campaign=Jakie_witaminy_i_minera%C5%82y_s%C4%85_niezb%C4%99dne_zim%C4%85%3F_Kompletny_przewodnik\" target=\"_blank\" aria-label=\"odporno\u015b\u0107 (opens in a new tab)\" rel=\"noreferrer noopener\" class=\"ek-link\">odporno\u015b\u0107<\/a><\/strong><br>Niska temperatura, suche powietrze w ogrzewanych pomieszczeniach i sezon grypowy sprawiaj\u0105, \u017ce organizm potrzebuje dodatkowego wsparcia.<\/li>\n\n\n\n<li><strong>Brak s\u0142o\u0144ca<\/strong><br>Kr\u00f3tkie dni i ma\u0142a ilo\u015b\u0107 \u015bwiat\u0142a s\u0142onecznego prowadz\u0105 do niedoboru witaminy D.<\/li>\n\n\n\n<li><strong>Wi\u0119ksze zapotrzebowanie na energi\u0119<\/strong><br>Organizm zu\u017cywa wi\u0119cej kalorii na ogrzewanie cia\u0142a, co wymaga wi\u0119kszej ilo\u015bci sk\u0142adnik\u00f3w od\u017cywczych.<\/li>\n<\/ol>\n\n\n\n<hr class=\"wp-block-separator has-alpha-channel-opacity\"\/>\n\n\n\n<h3 class=\"wp-block-heading\"><span class=\"ez-toc-section\" id=\"Najwazniejsze_witaminy_i_mineraly_zima\"><\/span>Najwa\u017cniejsze witaminy i minera\u0142y zim\u0105<span class=\"ez-toc-section-end\"><\/span><\/h3>\n\n\n\n<h4 class=\"wp-block-heading\"><span class=\"ez-toc-section\" id=\"Witamina_D_%E2%80%93_%E2%80%9Esloneczna_witamina%E2%80%9D\"><\/span>Witamina D \u2013 \u201es\u0142oneczna witamina\u201d<span class=\"ez-toc-section-end\"><\/span><\/h4>\n\n\n\n<p>Witamina D jest niezb\u0119dna dla zdrowia ko\u015bci, uk\u0142adu odporno\u015bciowego i og\u00f3lnej kondycji organizmu. Zim\u0105 jej niedob\u00f3r jest powszechny, poniewa\u017c organizm produkuje j\u0105 g\u0142\u00f3wnie pod wp\u0142ywem s\u0142o\u0144ca.<\/p>\n\n\n\n<p><strong>Korzy\u015bci:<\/strong><\/p>\n\n\n\n<ul class=\"wp-block-list\">\n<li>Wzmacnia odporno\u015b\u0107<\/li>\n\n\n\n<li>Wspiera zdrowie ko\u015bci i z\u0119b\u00f3w<\/li>\n\n\n\n<li>Poprawia nastr\u00f3j i zmniejsza ryzyko depresji sezonowej<\/li>\n<\/ul>\n\n\n\n<p><strong>Gdzie znale\u017a\u0107?<\/strong><\/p>\n\n\n\n<ul class=\"wp-block-list\">\n<li>T\u0142uste ryby (\u0142oso\u015b, makrela, sardynki)<\/li>\n\n\n\n<li>\u017b\u00f3\u0142tka jaj<\/li>\n\n\n\n<li>Wzbogacane produkty mleczne<\/li>\n<\/ul>\n\n\n\n<p><strong>Suplementacja:<\/strong><br>Zalecana dawka to 800-2000 IU dziennie w formie suplementu, dost\u0119pnego w \u015awiat Supli.<\/p>\n\n\n\n<figure class=\"wp-block-image size-full\"><a href=\"https:\/\/swiatsupli.pl\/witaminy-d-activlab-witamina-d3-4000iu-60kaps\/p4116?utm_source=blog&amp;utm_medium=referral&amp;utm_campaign=Jakie_witaminy_i_minera%C5%82y_s%C4%85_niezb%C4%99dne_zim%C4%85%3F_Kompletny_przewodnik\" target=\"_blank\" rel=\"noreferrer noopener\"><img loading=\"lazy\" decoding=\"async\" width=\"800\" height=\"800\" src=\"https:\/\/swiatsupli.pl\/blog\/wp-content\/uploads\/2025\/01\/witaminy-d-activlab-witamina-d3-4000iu-60kaps-1.jpg\" alt=\"\" class=\"wp-image-20187\" srcset=\"https:\/\/swiatsupli.pl\/blog\/wp-content\/uploads\/2025\/01\/witaminy-d-activlab-witamina-d3-4000iu-60kaps-1.jpg 800w, https:\/\/swiatsupli.pl\/blog\/wp-content\/uploads\/2025\/01\/witaminy-d-activlab-witamina-d3-4000iu-60kaps-1-300x300.jpg 300w, https:\/\/swiatsupli.pl\/blog\/wp-content\/uploads\/2025\/01\/witaminy-d-activlab-witamina-d3-4000iu-60kaps-1-150x150.jpg 150w, https:\/\/swiatsupli.pl\/blog\/wp-content\/uploads\/2025\/01\/witaminy-d-activlab-witamina-d3-4000iu-60kaps-1-768x768.jpg 768w, https:\/\/swiatsupli.pl\/blog\/wp-content\/uploads\/2025\/01\/witaminy-d-activlab-witamina-d3-4000iu-60kaps-1-360x360.jpg 360w\" sizes=\"auto, (max-width: 800px) 100vw, 800px\" \/><\/a><\/figure>\n\n\n\n<p class=\"has-text-align-center\"><a href=\"https:\/\/swiatsupli.pl\/witaminy-d-activlab-witamina-d3-4000iu-60kaps\/p4116?utm_source=blog&amp;utm_medium=referral&amp;utm_campaign=Jakie_witaminy_i_minera%C5%82y_s%C4%85_niezb%C4%99dne_zim%C4%85%3F_Kompletny_przewodnik\" target=\"_blank\" aria-label=\"Activlab Witamina D3 4000IU 60kaps-KLIKNIJ TUTUAJ (opens in a new tab)\" rel=\"noreferrer noopener\" class=\"ek-link\">Activlab Witamina D3 4000IU 60kaps-KLIKNIJ TUTUAJ<\/a><\/p>\n\n\n\n<hr class=\"wp-block-separator has-alpha-channel-opacity\"\/>\n\n\n\n<h4 class=\"wp-block-heading\"><span class=\"ez-toc-section\" id=\"Witamina_C_%E2%80%93_straznik_odpornosci\"><\/span><a href=\"https:\/\/swiatsupli.pl\/witamina-c\/c292?utm_source=blog&amp;utm_medium=referral&amp;utm_campaign=Jakie_witaminy_i_minera%C5%82y_s%C4%85_niezb%C4%99dne_zim%C4%85%3F_Kompletny_przewodnik\" target=\"_blank\" aria-label=\"Witamina C (opens in a new tab)\" rel=\"noreferrer noopener\" class=\"ek-link\">Witamina C<\/a> \u2013 stra\u017cnik odporno\u015bci<span class=\"ez-toc-section-end\"><\/span><\/h4>\n\n\n\n<p>Witamina C jest silnym antyoksydantem, kt\u00f3ry wspiera uk\u0142ad odporno\u015bciowy i chroni organizm przed infekcjami.<\/p>\n\n\n\n<p><strong>Korzy\u015bci:<\/strong><\/p>\n\n\n\n<ul class=\"wp-block-list\">\n<li>Wzmacnia uk\u0142ad odporno\u015bciowy<\/li>\n\n\n\n<li>Przyspiesza gojenie ran<\/li>\n\n\n\n<li>Poprawia wch\u0142anianie \u017celaza<\/li>\n<\/ul>\n\n\n\n<p><strong>Gdzie znale\u017a\u0107?<\/strong><\/p>\n\n\n\n<ul class=\"wp-block-list\">\n<li>Cytrusy (pomara\u0144cze, grejpfruty, cytryny)<\/li>\n\n\n\n<li>Papryka czerwona<\/li>\n\n\n\n<li>Kiszonki (kapusta kiszona, og\u00f3rki kiszone)<\/li>\n<\/ul>\n\n\n\n<p><strong>Suplementacja:<\/strong><br>Suplementy witaminy C w formie tabletek lub proszku s\u0105 wygodnym uzupe\u0142nieniem diety.<\/p>\n\n\n\n<hr class=\"wp-block-separator has-alpha-channel-opacity\"\/>\n\n\n\n<h4 class=\"wp-block-heading\"><span class=\"ez-toc-section\" id=\"Cynk_%E2%80%93_tarcza_przeciw_infekcjom\"><\/span>Cynk \u2013 tarcza przeciw infekcjom<span class=\"ez-toc-section-end\"><\/span><\/h4>\n\n\n\n<p>Cynk jest kluczowym minera\u0142em, kt\u00f3ry wspiera regeneracj\u0119 kom\u00f3rek i wzmacnia odporno\u015b\u0107.<\/p>\n\n\n\n<p><strong>Korzy\u015bci:<\/strong><\/p>\n\n\n\n<ul class=\"wp-block-list\">\n<li>Skraca czas trwania przezi\u0119bienia<\/li>\n\n\n\n<li>Poprawia kondycj\u0119 sk\u00f3ry, w\u0142os\u00f3w i paznokci<\/li>\n\n\n\n<li>Wspiera zdrowie reprodukcyjne<\/li>\n<\/ul>\n\n\n\n<p><strong>Gdzie znale\u017a\u0107?<\/strong><\/p>\n\n\n\n<ul class=\"wp-block-list\">\n<li>Orzechy nerkowca<\/li>\n\n\n\n<li>Pestki dyni<\/li>\n\n\n\n<li>Czerwone mi\u0119so i podroby<\/li>\n<\/ul>\n\n\n\n<p><strong>Suplementacja:<\/strong><br>Cynk w tabletkach lub w formie chelatu jest najlepiej przyswajalny.<\/p>\n\n\n\n<figure class=\"wp-block-image size-full\"><a href=\"https:\/\/swiatsupli.pl\/mineraly-cynk-promaker-zinc-15mg-100kaps\/p4312?utm_source=blog&amp;utm_medium=referral&amp;utm_campaign=Jakie_witaminy_i_minera%C5%82y_s%C4%85_niezb%C4%99dne_zim%C4%85%3F_Kompletny_przewodnik\" target=\"_blank\" rel=\"noreferrer noopener\"><img loading=\"lazy\" decoding=\"async\" width=\"800\" height=\"800\" src=\"https:\/\/swiatsupli.pl\/blog\/wp-content\/uploads\/2025\/01\/mineraly-cynk-promaker-zinc-15mg-100kaps.png\" alt=\"\" class=\"wp-image-20188\" srcset=\"https:\/\/swiatsupli.pl\/blog\/wp-content\/uploads\/2025\/01\/mineraly-cynk-promaker-zinc-15mg-100kaps.png 800w, https:\/\/swiatsupli.pl\/blog\/wp-content\/uploads\/2025\/01\/mineraly-cynk-promaker-zinc-15mg-100kaps-300x300.png 300w, https:\/\/swiatsupli.pl\/blog\/wp-content\/uploads\/2025\/01\/mineraly-cynk-promaker-zinc-15mg-100kaps-150x150.png 150w, https:\/\/swiatsupli.pl\/blog\/wp-content\/uploads\/2025\/01\/mineraly-cynk-promaker-zinc-15mg-100kaps-768x768.png 768w, https:\/\/swiatsupli.pl\/blog\/wp-content\/uploads\/2025\/01\/mineraly-cynk-promaker-zinc-15mg-100kaps-360x360.png 360w\" sizes=\"auto, (max-width: 800px) 100vw, 800px\" \/><\/a><\/figure>\n\n\n\n<p class=\"has-text-align-center\"><a href=\"https:\/\/swiatsupli.pl\/mineraly-cynk-promaker-zinc-15mg-100kaps\/p4312?utm_source=blog&amp;utm_medium=referral&amp;utm_campaign=Jakie_witaminy_i_minera%C5%82y_s%C4%85_niezb%C4%99dne_zim%C4%85%3F_Kompletny_przewodnik\" target=\"_blank\" aria-label=\"Promaker Zinc 15mg 100kaps-KLIKNIJTUTAJ (opens in a new tab)\" rel=\"noreferrer noopener\" class=\"ek-link\">Promaker Zinc 15mg 100kaps-KLIKNIJTUTAJ<\/a><\/p>\n\n\n\n<hr class=\"wp-block-separator has-alpha-channel-opacity\"\/>\n\n\n\n<h4 class=\"wp-block-heading\"><span class=\"ez-toc-section\" id=\"Magnez_%E2%80%93_na_stres_i_zmeczenie\"><\/span><a href=\"https:\/\/swiatsupli.pl\/magnez\/c126?utm_source=blog&amp;utm_medium=referral&amp;utm_campaign=Jakie_witaminy_i_minera%C5%82y_s%C4%85_niezb%C4%99dne_zim%C4%85%3F_Kompletny_przewodnik\" target=\"_blank\" aria-label=\"Magnez  (opens in a new tab)\" rel=\"noreferrer noopener\" class=\"ek-link\">Magnez <\/a>\u2013 na stres i zm\u0119czenie<span class=\"ez-toc-section-end\"><\/span><\/h4>\n\n\n\n<p>Magnez wspiera funkcjonowanie uk\u0142adu nerwowego i mi\u0119\u015bniowego, pomagaj\u0105c radzi\u0107 sobie ze stresem i zm\u0119czeniem.<\/p>\n\n\n\n<p><strong>Korzy\u015bci:<\/strong><\/p>\n\n\n\n<ul class=\"wp-block-list\">\n<li>Redukuje napi\u0119cie mi\u0119\u015bniowe<\/li>\n\n\n\n<li>Wspiera zdrowie serca<\/li>\n\n\n\n<li>Poprawia jako\u015b\u0107 snu<\/li>\n<\/ul>\n\n\n\n<p><strong>Gdzie znale\u017a\u0107?<\/strong><\/p>\n\n\n\n<ul class=\"wp-block-list\">\n<li>Orzechy migda\u0142owe<\/li>\n\n\n\n<li>Szpinak i inne zielone warzywa<\/li>\n\n\n\n<li>Banany<\/li>\n<\/ul>\n\n\n\n<p><strong>Suplementacja:<\/strong><br>Magnez w formie cytrynianu lub jab\u0142czanu jest najskuteczniejszy.<\/p>\n\n\n\n<hr class=\"wp-block-separator has-alpha-channel-opacity\"\/>\n\n\n\n<h4 class=\"wp-block-heading\"><span class=\"ez-toc-section\" id=\"Zelazo_%E2%80%93_na_energie_i_sile\"><\/span>\u017belazo \u2013 na energi\u0119 i si\u0142\u0119<span class=\"ez-toc-section-end\"><\/span><\/h4>\n\n\n\n<p>\u017belazo jest kluczowe dla produkcji hemoglobiny, kt\u00f3ra transportuje tlen w organizmie.<\/p>\n\n\n\n<p><strong>Korzy\u015bci:<\/strong><\/p>\n\n\n\n<ul class=\"wp-block-list\">\n<li>Zmniejsza uczucie zm\u0119czenia<\/li>\n\n\n\n<li>Poprawia funkcje poznawcze<\/li>\n\n\n\n<li>Wspiera zdrowie krwi<\/li>\n<\/ul>\n\n\n\n<p><strong>Gdzie znale\u017a\u0107?<\/strong><\/p>\n\n\n\n<ul class=\"wp-block-list\">\n<li>Czerwone mi\u0119so<\/li>\n\n\n\n<li>Ro\u015bliny str\u0105czkowe<\/li>\n\n\n\n<li>Szpinak<\/li>\n<\/ul>\n\n\n\n<p><strong>Suplementacja:<\/strong><br>\u017belazo w formie chelat\u00f3w lub siarczanu jest dobrze przyswajalne, szczeg\u00f3lnie w po\u0142\u0105czeniu z witamin\u0105 C.<\/p>\n\n\n\n<figure class=\"wp-block-image size-full\"><a href=\"https:\/\/swiatsupli.pl\/mineraly-zelazo-pharmovit-zelazo-organiczne-20mg-60kaps\/p4825\" target=\"_blank\" rel=\"noreferrer noopener\"><img loading=\"lazy\" decoding=\"async\" width=\"800\" height=\"800\" src=\"https:\/\/swiatsupli.pl\/blog\/wp-content\/uploads\/2025\/01\/mineraly-zelazo-pharmovit-zelazo-organiczne-20mg-60kaps.png\" alt=\"\" class=\"wp-image-20189\" srcset=\"https:\/\/swiatsupli.pl\/blog\/wp-content\/uploads\/2025\/01\/mineraly-zelazo-pharmovit-zelazo-organiczne-20mg-60kaps.png 800w, https:\/\/swiatsupli.pl\/blog\/wp-content\/uploads\/2025\/01\/mineraly-zelazo-pharmovit-zelazo-organiczne-20mg-60kaps-300x300.png 300w, https:\/\/swiatsupli.pl\/blog\/wp-content\/uploads\/2025\/01\/mineraly-zelazo-pharmovit-zelazo-organiczne-20mg-60kaps-150x150.png 150w, https:\/\/swiatsupli.pl\/blog\/wp-content\/uploads\/2025\/01\/mineraly-zelazo-pharmovit-zelazo-organiczne-20mg-60kaps-768x768.png 768w, https:\/\/swiatsupli.pl\/blog\/wp-content\/uploads\/2025\/01\/mineraly-zelazo-pharmovit-zelazo-organiczne-20mg-60kaps-360x360.png 360w\" sizes=\"auto, (max-width: 800px) 100vw, 800px\" \/><\/a><\/figure>\n\n\n\n<p class=\"has-text-align-center\"><a href=\"https:\/\/swiatsupli.pl\/mineraly-zelazo-pharmovit-zelazo-organiczne-20mg-60kaps\/p4825\" target=\"_blank\" aria-label=\"Pharmovit \u017belazo Organiczne 20mg 60kaps-KLIKNIJ TUTAJ (opens in a new tab)\" rel=\"noreferrer noopener\" class=\"ek-link\">Pharmovit \u017belazo Organiczne 20mg 60kaps-KLIKNIJ TUTAJ<\/a><\/p>\n\n\n\n<hr class=\"wp-block-separator has-alpha-channel-opacity\"\/>\n\n\n\n<h4 class=\"wp-block-heading\"><span class=\"ez-toc-section\" id=\"Witamina_A_%E2%80%93_ochrona_przed_infekcjami\"><\/span>Witamina A \u2013 ochrona przed infekcjami<span class=\"ez-toc-section-end\"><\/span><\/h4>\n\n\n\n<p>Witamina A wspiera zdrowie oczu, sk\u00f3ry i b\u0142on \u015bluzowych, kt\u00f3re s\u0105 pierwsz\u0105 lini\u0105 obrony przed patogenami.<\/p>\n\n\n\n<p><strong>Korzy\u015bci:<\/strong><\/p>\n\n\n\n<ul class=\"wp-block-list\">\n<li>Wspomaga uk\u0142ad odporno\u015bciowy<\/li>\n\n\n\n<li>Chroni sk\u00f3r\u0119 przed przesuszeniem zim\u0105<\/li>\n\n\n\n<li>Wspiera zdrowie oczu<\/li>\n<\/ul>\n\n\n\n<p><strong>Gdzie znale\u017a\u0107?<\/strong><\/p>\n\n\n\n<ul class=\"wp-block-list\">\n<li>Marchew<\/li>\n\n\n\n<li>Dynia<\/li>\n\n\n\n<li>W\u0105tr\u00f3bka<\/li>\n<\/ul>\n\n\n\n<hr class=\"wp-block-separator has-alpha-channel-opacity\"\/>\n\n\n\n<h4 class=\"wp-block-heading\"><span class=\"ez-toc-section\" id=\"Selen_%E2%80%93_silny_antyoksydant\"><\/span>Selen \u2013 silny antyoksydant<span class=\"ez-toc-section-end\"><\/span><\/h4>\n\n\n\n<p>Selen pomaga w walce z wolnymi rodnikami i wspiera prawid\u0142owe funkcjonowanie tarczycy.<\/p>\n\n\n\n<p><strong>Korzy\u015bci:<\/strong><\/p>\n\n\n\n<ul class=\"wp-block-list\">\n<li>Wzmacnia uk\u0142ad odporno\u015bciowy<\/li>\n\n\n\n<li>Chroni kom\u00f3rki przed stresem oksydacyjnym<\/li>\n\n\n\n<li>Wspiera metabolizm<\/li>\n<\/ul>\n\n\n\n<p><strong>Gdzie znale\u017a\u0107?<\/strong><\/p>\n\n\n\n<ul class=\"wp-block-list\">\n<li>Orzechy brazylijskie<\/li>\n\n\n\n<li>Ryby i owoce morza<\/li>\n\n\n\n<li>Jaja<\/li>\n<\/ul>\n\n\n\n<p><strong>Suplementacja:<\/strong><br>Selen w formie organicznej jest najlepiej przyswajalny.<\/p>\n\n\n\n<hr class=\"wp-block-separator has-alpha-channel-opacity\"\/>\n\n\n\n<h3 class=\"wp-block-heading\"><span class=\"ez-toc-section\" id=\"Jak_wspierac_diete_zimowa_suplementami\"><\/span>Jak wspiera\u0107 diet\u0119 zimow\u0105 suplementami?<span class=\"ez-toc-section-end\"><\/span><\/h3>\n\n\n\n<p>Suplementy diety mog\u0105 pom\u00f3c w uzupe\u0142nieniu niedobor\u00f3w i wzmocnieniu organizmu zim\u0105.<\/p>\n\n\n\n<p>Polecane produkty z \u015awiat Supli:<\/p>\n\n\n\n<ul class=\"wp-block-list\">\n<li>Multiwitamina: Kompleks witamin i minera\u0142\u00f3w wspiera og\u00f3lne zdrowie.<\/li>\n\n\n\n<li>Witamina D3 + K2: Idealne po\u0142\u0105czenie dla zdrowych ko\u015bci i odporno\u015bci.<\/li>\n\n\n\n<li>Probiotyki: Wspieraj\u0105 mikrobiom jelitowy, kt\u00f3ry ma ogromny wp\u0142yw na odporno\u015b\u0107.<\/li>\n\n\n\n<li>Ashwagandha: Adaptogen, kt\u00f3ry pomaga w radzeniu sobie ze stresem i zm\u0119czeniem.<\/li>\n\n\n\n<li>Kolagen: Wspiera zdrowie sk\u00f3ry, kt\u00f3ra zim\u0105 jest nara\u017cona na przesuszenie.<\/li>\n<\/ul>\n\n\n\n<hr class=\"wp-block-separator has-alpha-channel-opacity\"\/>\n\n\n\n<h3 class=\"wp-block-heading\"><span class=\"ez-toc-section\" id=\"Przykladowy_jadlospis_zimowy_wspierajacy_zdrowie\"><\/span>Przyk\u0142adowy jad\u0142ospis zimowy wspieraj\u0105cy zdrowie<span class=\"ez-toc-section-end\"><\/span><\/h3>\n\n\n\n<p><strong>\u015aniadanie<\/strong><br>Owsianka z bananem, orzechami w\u0142oskimi i miodem.<\/p>\n\n\n\n<p><strong>Drugie \u015bniadanie<\/strong><br>Jogurt naturalny z kiszon\u0105 kapust\u0105 i pestkami dyni.<\/p>\n\n\n\n<p><strong>Obiad<\/strong><br>Pieczony \u0142oso\u015b z puree z batat\u00f3w i broku\u0142ami.<\/p>\n\n\n\n<p><strong>Przek\u0105ska<\/strong><br>Mandarynka i gar\u015b\u0107 migda\u0142\u00f3w.<\/p>\n\n\n\n<p><strong>Kolacja<\/strong><br>Zupa dyniowa z imbirem i mlekiem kokosowym.<\/p>\n\n\n\n<hr class=\"wp-block-separator has-alpha-channel-opacity\"\/>\n\n\n\n<h3 class=\"wp-block-heading\"><span class=\"ez-toc-section\" id=\"Najczesciej_zadawane_pytania\"><\/span>Najcz\u0119\u015bciej zadawane pytania<span class=\"ez-toc-section-end\"><\/span><\/h3>\n\n\n\n<p><strong>Czy suplementy s\u0105 konieczne zim\u0105?<\/strong><br>Cho\u0107 zbilansowana dieta dostarcza wi\u0119kszo\u015bci sk\u0142adnik\u00f3w od\u017cywczych, suplementacja witaminy D, magnezu czy probiotyk\u00f3w zim\u0105 mo\u017ce by\u0107 konieczna.<\/p>\n\n\n\n<p><strong>Jak szybko zauwa\u017c\u0119 efekty suplementacji?<\/strong><br>To zale\u017cy od niedoboru. W przypadku witaminy D poprawa nastroju mo\u017ce nast\u0105pi\u0107 ju\u017c po kilku tygodniach regularnego stosowania.<\/p>\n\n\n\n<p><strong>Czy suplementy mo\u017cna \u0142\u0105czy\u0107?<\/strong><br>Tak, jednak warto konsultowa\u0107 si\u0119 z dietetykiem lub lekarzem, aby unikn\u0105\u0107 nadmiaru okre\u015blonych sk\u0142adnik\u00f3w.<\/p>\n\n\n\n<hr class=\"wp-block-separator has-alpha-channel-opacity\"\/>\n\n\n\n<h3 class=\"wp-block-heading\"><span class=\"ez-toc-section\" id=\"Podsumowanie\"><\/span>Podsumowanie<span class=\"ez-toc-section-end\"><\/span><\/h3>\n\n\n\n<p>Zimowe miesi\u0105ce wymagaj\u0105 szczeg\u00f3lnej troski o zdrowie. W\u0142\u0105czenie do diety witamin i minera\u0142\u00f3w, takich jak witamina D, C, magnez czy cynk, pomo\u017ce wzmocni\u0107 odporno\u015b\u0107, poprawi\u0107 nastr\u00f3j i zadba\u0107 o og\u00f3ln\u0105 kondycj\u0119 organizmu. Suplementy diety z \u015awiat Supli to doskona\u0142e uzupe\u0142nienie zimowej diety, kt\u00f3re zapewni Ci energi\u0119 i zdrowie przez ca\u0142\u0105 zim\u0119. Zadbaj o siebie ju\u017c dzi\u015b \u2013 Tw\u00f3j organizm Ci za to podzi\u0119kuje!<\/p>\n","protected":false},"excerpt":{"rendered":"<p>Zainteresowa\u0142 ci\u0119 temat minera\u0142\u00f3w oraz suplement\u00f3w okresem zimowym?<br \/>\nZapraszamy!<\/p>\n","protected":false},"author":6,"featured_media":20190,"comment_status":"open","ping_status":"open","sticky":false,"template":"","format":"standard","meta":{"_editorskit_title_hidden":false,"_editorskit_reading_time":0,"_editorskit_is_block_options_detached":false,"_editorskit_block_options_position":"{}","inline_featured_image":false,"rop_custom_images_group":[],"rop_custom_messages_group":[],"rop_publish_now":"initial","rop_publish_now_accounts":[],"rop_publish_now_history":[],"rop_publish_now_status":"pending","footnotes":""},"categories":[1380],"tags":[268,2763,481,2764,2068,1861,2253,228,2765],"class_list":{"0":"post-20186","1":"post","2":"type-post","3":"status-publish","4":"format-standard","5":"has-post-thumbnail","7":"category-suplementy-naturalne","8":"tag-jakie","9":"tag-kompletny","10":"tag-mineraly","11":"tag-niezbedne","12":"tag-przewodnik","13":"tag-s","14":"tag-sa","15":"tag-witaminy","16":"tag-zima-2"},"yoast_head":"<!-- This site is optimized with the Yoast SEO plugin v27.4 - https:\/\/yoast.com\/product\/yoast-seo-wordpress\/ -->\n<title>Jakie witaminy i minera\u0142y s\u0105 niezb\u0119dne zim\u0105? Kompletny przewodnik - Blog \u015awiat Supli<\/title>\n<meta name=\"description\" content=\"Jakie witaminy i minera\u0142y s\u0105 niezb\u0119dne zim\u0105? Kompletny przewodnik - zobacz wi\u0119cej na blogu \u015awiatSupli.pl\" \/>\n<meta name=\"robots\" content=\"index, follow, max-snippet:-1, max-image-preview:large, max-video-preview:-1\" \/>\n<link rel=\"canonical\" href=\"https:\/\/swiatsupli.pl\/blog\/jakie-witaminy-i-mineraly-sa-niezbedne-zima-kompletny-przewodnik\/\" \/>\n<meta property=\"og:locale\" content=\"pl_PL\" \/>\n<meta property=\"og:type\" content=\"article\" \/>\n<meta property=\"og:title\" content=\"Jakie witaminy i minera\u0142y s\u0105 niezb\u0119dne zim\u0105? Kompletny przewodnik - Blog \u015awiat Supli\" \/>\n<meta property=\"og:description\" content=\"Jakie witaminy i minera\u0142y s\u0105 niezb\u0119dne zim\u0105? Kompletny przewodnik - zobacz wi\u0119cej na blogu \u015awiatSupli.pl\" \/>\n<meta property=\"og:url\" content=\"https:\/\/swiatsupli.pl\/blog\/jakie-witaminy-i-mineraly-sa-niezbedne-zima-kompletny-przewodnik\/\" \/>\n<meta property=\"og:site_name\" content=\"Blog \u015awiat Supli\" \/>\n<meta property=\"article:publisher\" content=\"https:\/\/www.facebook.com\/Swiat.Supli\" \/>\n<meta property=\"article:published_time\" content=\"2025-01-21T10:14:36+00:00\" \/>\n<meta property=\"article:modified_time\" content=\"2025-01-21T10:14:37+00:00\" \/>\n<meta property=\"og:image\" content=\"https:\/\/swiatsupli.pl\/blog\/wp-content\/uploads\/2025\/01\/Jakie-witaminy-i-mineraly-sa-niezbedne-zima-Kompletny-przewodnik-1024x741.jpg\" \/>\n\t<meta property=\"og:image:width\" content=\"1024\" \/>\n\t<meta property=\"og:image:height\" content=\"741\" \/>\n\t<meta property=\"og:image:type\" content=\"image\/jpeg\" \/>\n<meta name=\"author\" content=\"Pawe\u0142 Lisowski\" \/>\n<meta name=\"twitter:card\" content=\"summary_large_image\" \/>\n<meta name=\"twitter:creator\" content=\"@SwiatSupli\" \/>\n<meta name=\"twitter:site\" content=\"@SwiatSupli\" \/>\n<meta name=\"twitter:label1\" content=\"Napisane przez\" \/>\n\t<meta name=\"twitter:data1\" content=\"Pawe\u0142 Lisowski\" \/>\n\t<meta name=\"twitter:label2\" content=\"Szacowany czas czytania\" \/>\n\t<meta name=\"twitter:data2\" content=\"6 minut\" \/>\n<script type=\"application\/ld+json\" class=\"yoast-schema-graph\">{\"@context\":\"https:\\\/\\\/schema.org\",\"@graph\":[{\"@type\":\"Article\",\"@id\":\"https:\\\/\\\/swiatsupli.pl\\\/blog\\\/jakie-witaminy-i-mineraly-sa-niezbedne-zima-kompletny-przewodnik\\\/#article\",\"isPartOf\":{\"@id\":\"https:\\\/\\\/swiatsupli.pl\\\/blog\\\/jakie-witaminy-i-mineraly-sa-niezbedne-zima-kompletny-przewodnik\\\/\"},\"author\":{\"name\":\"Pawe\u0142 Lisowski\",\"@id\":\"https:\\\/\\\/swiatsupli.pl\\\/blog\\\/#\\\/schema\\\/person\\\/b92e54cf03cf0b288057351cf090e58a\"},\"headline\":\"Jakie witaminy i minera\u0142y s\u0105 niezb\u0119dne zim\u0105? Kompletny przewodnik\",\"datePublished\":\"2025-01-21T10:14:36+00:00\",\"dateModified\":\"2025-01-21T10:14:37+00:00\",\"mainEntityOfPage\":{\"@id\":\"https:\\\/\\\/swiatsupli.pl\\\/blog\\\/jakie-witaminy-i-mineraly-sa-niezbedne-zima-kompletny-przewodnik\\\/\"},\"wordCount\":930,\"commentCount\":0,\"publisher\":{\"@id\":\"https:\\\/\\\/swiatsupli.pl\\\/blog\\\/#organization\"},\"image\":{\"@id\":\"https:\\\/\\\/swiatsupli.pl\\\/blog\\\/jakie-witaminy-i-mineraly-sa-niezbedne-zima-kompletny-przewodnik\\\/#primaryimage\"},\"thumbnailUrl\":\"https:\\\/\\\/swiatsupli.pl\\\/blog\\\/wp-content\\\/uploads\\\/2025\\\/01\\\/Jakie-witaminy-i-mineraly-sa-niezbedne-zima-Kompletny-przewodnik.jpg\",\"keywords\":[\"jakie\",\"Kompletny\",\"minera\u0142y\",\"Niezb\u0119dne\",\"Przewodnik\",\"S\",\"S\u0105\",\"Witaminy\",\"Zim\u0105\"],\"articleSection\":[\"Suplementy naturalne\"],\"inLanguage\":\"pl-PL\",\"potentialAction\":[{\"@type\":\"CommentAction\",\"name\":\"Comment\",\"target\":[\"https:\\\/\\\/swiatsupli.pl\\\/blog\\\/jakie-witaminy-i-mineraly-sa-niezbedne-zima-kompletny-przewodnik\\\/#respond\"]}]},{\"@type\":\"WebPage\",\"@id\":\"https:\\\/\\\/swiatsupli.pl\\\/blog\\\/jakie-witaminy-i-mineraly-sa-niezbedne-zima-kompletny-przewodnik\\\/\",\"url\":\"https:\\\/\\\/swiatsupli.pl\\\/blog\\\/jakie-witaminy-i-mineraly-sa-niezbedne-zima-kompletny-przewodnik\\\/\",\"name\":\"Jakie witaminy i minera\u0142y s\u0105 niezb\u0119dne zim\u0105? Kompletny przewodnik - Blog \u015awiat Supli\",\"isPartOf\":{\"@id\":\"https:\\\/\\\/swiatsupli.pl\\\/blog\\\/#website\"},\"primaryImageOfPage\":{\"@id\":\"https:\\\/\\\/swiatsupli.pl\\\/blog\\\/jakie-witaminy-i-mineraly-sa-niezbedne-zima-kompletny-przewodnik\\\/#primaryimage\"},\"image\":{\"@id\":\"https:\\\/\\\/swiatsupli.pl\\\/blog\\\/jakie-witaminy-i-mineraly-sa-niezbedne-zima-kompletny-przewodnik\\\/#primaryimage\"},\"thumbnailUrl\":\"https:\\\/\\\/swiatsupli.pl\\\/blog\\\/wp-content\\\/uploads\\\/2025\\\/01\\\/Jakie-witaminy-i-mineraly-sa-niezbedne-zima-Kompletny-przewodnik.jpg\",\"datePublished\":\"2025-01-21T10:14:36+00:00\",\"dateModified\":\"2025-01-21T10:14:37+00:00\",\"description\":\"Jakie witaminy i minera\u0142y s\u0105 niezb\u0119dne zim\u0105? Kompletny przewodnik - zobacz wi\u0119cej na blogu \u015awiatSupli.pl\",\"breadcrumb\":{\"@id\":\"https:\\\/\\\/swiatsupli.pl\\\/blog\\\/jakie-witaminy-i-mineraly-sa-niezbedne-zima-kompletny-przewodnik\\\/#breadcrumb\"},\"inLanguage\":\"pl-PL\",\"potentialAction\":[{\"@type\":\"ReadAction\",\"target\":[\"https:\\\/\\\/swiatsupli.pl\\\/blog\\\/jakie-witaminy-i-mineraly-sa-niezbedne-zima-kompletny-przewodnik\\\/\"]}]},{\"@type\":\"ImageObject\",\"inLanguage\":\"pl-PL\",\"@id\":\"https:\\\/\\\/swiatsupli.pl\\\/blog\\\/jakie-witaminy-i-mineraly-sa-niezbedne-zima-kompletny-przewodnik\\\/#primaryimage\",\"url\":\"https:\\\/\\\/swiatsupli.pl\\\/blog\\\/wp-content\\\/uploads\\\/2025\\\/01\\\/Jakie-witaminy-i-mineraly-sa-niezbedne-zima-Kompletny-przewodnik.jpg\",\"contentUrl\":\"https:\\\/\\\/swiatsupli.pl\\\/blog\\\/wp-content\\\/uploads\\\/2025\\\/01\\\/Jakie-witaminy-i-mineraly-sa-niezbedne-zima-Kompletny-przewodnik.jpg\",\"width\":1600,\"height\":1158},{\"@type\":\"BreadcrumbList\",\"@id\":\"https:\\\/\\\/swiatsupli.pl\\\/blog\\\/jakie-witaminy-i-mineraly-sa-niezbedne-zima-kompletny-przewodnik\\\/#breadcrumb\",\"itemListElement\":[{\"@type\":\"ListItem\",\"position\":1,\"name\":\"Strona g\u0142\u00f3wna\",\"item\":\"https:\\\/\\\/swiatsupli.pl\\\/blog\\\/\"},{\"@type\":\"ListItem\",\"position\":2,\"name\":\"Jakie witaminy i minera\u0142y s\u0105 niezb\u0119dne zim\u0105? Kompletny przewodnik\"}]},{\"@type\":\"WebSite\",\"@id\":\"https:\\\/\\\/swiatsupli.pl\\\/blog\\\/#website\",\"url\":\"https:\\\/\\\/swiatsupli.pl\\\/blog\\\/\",\"name\":\"Blog \u015awiat Supli\",\"description\":\"Wspieramy Tw\u00f3j styl \u017cycia\",\"publisher\":{\"@id\":\"https:\\\/\\\/swiatsupli.pl\\\/blog\\\/#organization\"},\"potentialAction\":[{\"@type\":\"SearchAction\",\"target\":{\"@type\":\"EntryPoint\",\"urlTemplate\":\"https:\\\/\\\/swiatsupli.pl\\\/blog\\\/?s={search_term_string}\"},\"query-input\":{\"@type\":\"PropertyValueSpecification\",\"valueRequired\":true,\"valueName\":\"search_term_string\"}}],\"inLanguage\":\"pl-PL\"},{\"@type\":\"Organization\",\"@id\":\"https:\\\/\\\/swiatsupli.pl\\\/blog\\\/#organization\",\"name\":\"\u015awiat Supli\",\"url\":\"https:\\\/\\\/swiatsupli.pl\\\/blog\\\/\",\"logo\":{\"@type\":\"ImageObject\",\"inLanguage\":\"pl-PL\",\"@id\":\"https:\\\/\\\/swiatsupli.pl\\\/blog\\\/#\\\/schema\\\/logo\\\/image\\\/\",\"url\":\"https:\\\/\\\/swiatsupli.pl\\\/blog\\\/wp-content\\\/uploads\\\/2020\\\/10\\\/swiat-supli-logo-hex-color-bg-2-scaled.jpg\",\"contentUrl\":\"https:\\\/\\\/swiatsupli.pl\\\/blog\\\/wp-content\\\/uploads\\\/2020\\\/10\\\/swiat-supli-logo-hex-color-bg-2-scaled.jpg\",\"width\":2560,\"height\":680,\"caption\":\"\u015awiat Supli\"},\"image\":{\"@id\":\"https:\\\/\\\/swiatsupli.pl\\\/blog\\\/#\\\/schema\\\/logo\\\/image\\\/\"},\"sameAs\":[\"https:\\\/\\\/www.facebook.com\\\/Swiat.Supli\",\"https:\\\/\\\/x.com\\\/SwiatSupli\",\"https:\\\/\\\/www.instagram.com\\\/swiatsupli_pl\\\/\",\"https:\\\/\\\/www.youtube.com\\\/channel\\\/UCbrXSxhnVQmv08kapZgYW5Q\"]},{\"@type\":\"Person\",\"@id\":\"https:\\\/\\\/swiatsupli.pl\\\/blog\\\/#\\\/schema\\\/person\\\/b92e54cf03cf0b288057351cf090e58a\",\"name\":\"Pawe\u0142 Lisowski\",\"sameAs\":[\"http:\\\/\\\/www.swiatsupli.pl\"],\"url\":\"https:\\\/\\\/swiatsupli.pl\\\/blog\\\/author\\\/lisek\\\/\"}]}<\/script>\n<!-- \/ Yoast SEO plugin. -->","yoast_head_json":{"title":"Jakie witaminy i minera\u0142y s\u0105 niezb\u0119dne zim\u0105? Kompletny przewodnik - Blog \u015awiat Supli","description":"Jakie witaminy i minera\u0142y s\u0105 niezb\u0119dne zim\u0105? Kompletny przewodnik - zobacz wi\u0119cej na blogu \u015awiatSupli.pl","robots":{"index":"index","follow":"follow","max-snippet":"max-snippet:-1","max-image-preview":"max-image-preview:large","max-video-preview":"max-video-preview:-1"},"canonical":"https:\/\/swiatsupli.pl\/blog\/jakie-witaminy-i-mineraly-sa-niezbedne-zima-kompletny-przewodnik\/","og_locale":"pl_PL","og_type":"article","og_title":"Jakie witaminy i minera\u0142y s\u0105 niezb\u0119dne zim\u0105? Kompletny przewodnik - Blog \u015awiat Supli","og_description":"Jakie witaminy i minera\u0142y s\u0105 niezb\u0119dne zim\u0105? Kompletny przewodnik - zobacz wi\u0119cej na blogu \u015awiatSupli.pl","og_url":"https:\/\/swiatsupli.pl\/blog\/jakie-witaminy-i-mineraly-sa-niezbedne-zima-kompletny-przewodnik\/","og_site_name":"Blog \u015awiat Supli","article_publisher":"https:\/\/www.facebook.com\/Swiat.Supli","article_published_time":"2025-01-21T10:14:36+00:00","article_modified_time":"2025-01-21T10:14:37+00:00","og_image":[{"width":1024,"height":741,"url":"https:\/\/swiatsupli.pl\/blog\/wp-content\/uploads\/2025\/01\/Jakie-witaminy-i-mineraly-sa-niezbedne-zima-Kompletny-przewodnik-1024x741.jpg","type":"image\/jpeg"}],"author":"Pawe\u0142 Lisowski","twitter_card":"summary_large_image","twitter_creator":"@SwiatSupli","twitter_site":"@SwiatSupli","twitter_misc":{"Napisane przez":"Pawe\u0142 Lisowski","Szacowany czas czytania":"6 minut"},"schema":{"@context":"https:\/\/schema.org","@graph":[{"@type":"Article","@id":"https:\/\/swiatsupli.pl\/blog\/jakie-witaminy-i-mineraly-sa-niezbedne-zima-kompletny-przewodnik\/#article","isPartOf":{"@id":"https:\/\/swiatsupli.pl\/blog\/jakie-witaminy-i-mineraly-sa-niezbedne-zima-kompletny-przewodnik\/"},"author":{"name":"Pawe\u0142 Lisowski","@id":"https:\/\/swiatsupli.pl\/blog\/#\/schema\/person\/b92e54cf03cf0b288057351cf090e58a"},"headline":"Jakie witaminy i minera\u0142y s\u0105 niezb\u0119dne zim\u0105? Kompletny przewodnik","datePublished":"2025-01-21T10:14:36+00:00","dateModified":"2025-01-21T10:14:37+00:00","mainEntityOfPage":{"@id":"https:\/\/swiatsupli.pl\/blog\/jakie-witaminy-i-mineraly-sa-niezbedne-zima-kompletny-przewodnik\/"},"wordCount":930,"commentCount":0,"publisher":{"@id":"https:\/\/swiatsupli.pl\/blog\/#organization"},"image":{"@id":"https:\/\/swiatsupli.pl\/blog\/jakie-witaminy-i-mineraly-sa-niezbedne-zima-kompletny-przewodnik\/#primaryimage"},"thumbnailUrl":"https:\/\/swiatsupli.pl\/blog\/wp-content\/uploads\/2025\/01\/Jakie-witaminy-i-mineraly-sa-niezbedne-zima-Kompletny-przewodnik.jpg","keywords":["jakie","Kompletny","minera\u0142y","Niezb\u0119dne","Przewodnik","S","S\u0105","Witaminy","Zim\u0105"],"articleSection":["Suplementy naturalne"],"inLanguage":"pl-PL","potentialAction":[{"@type":"CommentAction","name":"Comment","target":["https:\/\/swiatsupli.pl\/blog\/jakie-witaminy-i-mineraly-sa-niezbedne-zima-kompletny-przewodnik\/#respond"]}]},{"@type":"WebPage","@id":"https:\/\/swiatsupli.pl\/blog\/jakie-witaminy-i-mineraly-sa-niezbedne-zima-kompletny-przewodnik\/","url":"https:\/\/swiatsupli.pl\/blog\/jakie-witaminy-i-mineraly-sa-niezbedne-zima-kompletny-przewodnik\/","name":"Jakie witaminy i minera\u0142y s\u0105 niezb\u0119dne zim\u0105? Kompletny przewodnik - Blog \u015awiat Supli","isPartOf":{"@id":"https:\/\/swiatsupli.pl\/blog\/#website"},"primaryImageOfPage":{"@id":"https:\/\/swiatsupli.pl\/blog\/jakie-witaminy-i-mineraly-sa-niezbedne-zima-kompletny-przewodnik\/#primaryimage"},"image":{"@id":"https:\/\/swiatsupli.pl\/blog\/jakie-witaminy-i-mineraly-sa-niezbedne-zima-kompletny-przewodnik\/#primaryimage"},"thumbnailUrl":"https:\/\/swiatsupli.pl\/blog\/wp-content\/uploads\/2025\/01\/Jakie-witaminy-i-mineraly-sa-niezbedne-zima-Kompletny-przewodnik.jpg","datePublished":"2025-01-21T10:14:36+00:00","dateModified":"2025-01-21T10:14:37+00:00","description":"Jakie witaminy i minera\u0142y s\u0105 niezb\u0119dne zim\u0105? Kompletny przewodnik - zobacz wi\u0119cej na blogu \u015awiatSupli.pl","breadcrumb":{"@id":"https:\/\/swiatsupli.pl\/blog\/jakie-witaminy-i-mineraly-sa-niezbedne-zima-kompletny-przewodnik\/#breadcrumb"},"inLanguage":"pl-PL","potentialAction":[{"@type":"ReadAction","target":["https:\/\/swiatsupli.pl\/blog\/jakie-witaminy-i-mineraly-sa-niezbedne-zima-kompletny-przewodnik\/"]}]},{"@type":"ImageObject","inLanguage":"pl-PL","@id":"https:\/\/swiatsupli.pl\/blog\/jakie-witaminy-i-mineraly-sa-niezbedne-zima-kompletny-przewodnik\/#primaryimage","url":"https:\/\/swiatsupli.pl\/blog\/wp-content\/uploads\/2025\/01\/Jakie-witaminy-i-mineraly-sa-niezbedne-zima-Kompletny-przewodnik.jpg","contentUrl":"https:\/\/swiatsupli.pl\/blog\/wp-content\/uploads\/2025\/01\/Jakie-witaminy-i-mineraly-sa-niezbedne-zima-Kompletny-przewodnik.jpg","width":1600,"height":1158},{"@type":"BreadcrumbList","@id":"https:\/\/swiatsupli.pl\/blog\/jakie-witaminy-i-mineraly-sa-niezbedne-zima-kompletny-przewodnik\/#breadcrumb","itemListElement":[{"@type":"ListItem","position":1,"name":"Strona g\u0142\u00f3wna","item":"https:\/\/swiatsupli.pl\/blog\/"},{"@type":"ListItem","position":2,"name":"Jakie witaminy i minera\u0142y s\u0105 niezb\u0119dne zim\u0105? Kompletny przewodnik"}]},{"@type":"WebSite","@id":"https:\/\/swiatsupli.pl\/blog\/#website","url":"https:\/\/swiatsupli.pl\/blog\/","name":"Blog \u015awiat Supli","description":"Wspieramy Tw\u00f3j styl \u017cycia","publisher":{"@id":"https:\/\/swiatsupli.pl\/blog\/#organization"},"potentialAction":[{"@type":"SearchAction","target":{"@type":"EntryPoint","urlTemplate":"https:\/\/swiatsupli.pl\/blog\/?s={search_term_string}"},"query-input":{"@type":"PropertyValueSpecification","valueRequired":true,"valueName":"search_term_string"}}],"inLanguage":"pl-PL"},{"@type":"Organization","@id":"https:\/\/swiatsupli.pl\/blog\/#organization","name":"\u015awiat Supli","url":"https:\/\/swiatsupli.pl\/blog\/","logo":{"@type":"ImageObject","inLanguage":"pl-PL","@id":"https:\/\/swiatsupli.pl\/blog\/#\/schema\/logo\/image\/","url":"https:\/\/swiatsupli.pl\/blog\/wp-content\/uploads\/2020\/10\/swiat-supli-logo-hex-color-bg-2-scaled.jpg","contentUrl":"https:\/\/swiatsupli.pl\/blog\/wp-content\/uploads\/2020\/10\/swiat-supli-logo-hex-color-bg-2-scaled.jpg","width":2560,"height":680,"caption":"\u015awiat Supli"},"image":{"@id":"https:\/\/swiatsupli.pl\/blog\/#\/schema\/logo\/image\/"},"sameAs":["https:\/\/www.facebook.com\/Swiat.Supli","https:\/\/x.com\/SwiatSupli","https:\/\/www.instagram.com\/swiatsupli_pl\/","https:\/\/www.youtube.com\/channel\/UCbrXSxhnVQmv08kapZgYW5Q"]},{"@type":"Person","@id":"https:\/\/swiatsupli.pl\/blog\/#\/schema\/person\/b92e54cf03cf0b288057351cf090e58a","name":"Pawe\u0142 Lisowski","sameAs":["http:\/\/www.swiatsupli.pl"],"url":"https:\/\/swiatsupli.pl\/blog\/author\/lisek\/"}]}},"_links":{"self":[{"href":"https:\/\/swiatsupli.pl\/blog\/wp-json\/wp\/v2\/posts\/20186","targetHints":{"allow":["GET"]}}],"collection":[{"href":"https:\/\/swiatsupli.pl\/blog\/wp-json\/wp\/v2\/posts"}],"about":[{"href":"https:\/\/swiatsupli.pl\/blog\/wp-json\/wp\/v2\/types\/post"}],"author":[{"embeddable":true,"href":"https:\/\/swiatsupli.pl\/blog\/wp-json\/wp\/v2\/users\/6"}],"replies":[{"embeddable":true,"href":"https:\/\/swiatsupli.pl\/blog\/wp-json\/wp\/v2\/comments?post=20186"}],"version-history":[{"count":1,"href":"https:\/\/swiatsupli.pl\/blog\/wp-json\/wp\/v2\/posts\/20186\/revisions"}],"predecessor-version":[{"id":20191,"href":"https:\/\/swiatsupli.pl\/blog\/wp-json\/wp\/v2\/posts\/20186\/revisions\/20191"}],"wp:featuredmedia":[{"embeddable":true,"href":"https:\/\/swiatsupli.pl\/blog\/wp-json\/wp\/v2\/media\/20190"}],"wp:attachment":[{"href":"https:\/\/swiatsupli.pl\/blog\/wp-json\/wp\/v2\/media?parent=20186"}],"wp:term":[{"taxonomy":"category","embeddable":true,"href":"https:\/\/swiatsupli.pl\/blog\/wp-json\/wp\/v2\/categories?post=20186"},{"taxonomy":"post_tag","embeddable":true,"href":"https:\/\/swiatsupli.pl\/blog\/wp-json\/wp\/v2\/tags?post=20186"}],"curies":[{"name":"wp","href":"https:\/\/api.w.org\/{rel}","templated":true}]}}