{"id":18149,"date":"2024-08-28T10:37:00","date_gmt":"2024-08-28T08:37:00","guid":{"rendered":"https:\/\/swiatsupli.pl\/blog\/?p=18149"},"modified":"2024-08-28T12:30:23","modified_gmt":"2024-08-28T10:30:23","slug":"zespol-pfapa-objawy-leczenie-i-wsparcie-suplementacyjne","status":"publish","type":"post","link":"https:\/\/swiatsupli.pl\/blog\/zespol-pfapa-objawy-leczenie-i-wsparcie-suplementacyjne\/","title":{"rendered":"Zesp\u00f3\u0142 PFAPA: Objawy, Leczenie i Wsparcie Suplementacyjne"},"content":{"rendered":"<div id=\"ez-toc-container\" class=\"ez-toc-v2_0_75 counter-hierarchy ez-toc-counter ez-toc-grey ez-toc-container-direction\">\n<div class=\"ez-toc-title-container\">\n<p class=\"ez-toc-title\" style=\"cursor:inherit\">Spis tre\u015bci<\/p>\n<span class=\"ez-toc-title-toggle\"><a href=\"#\" class=\"ez-toc-pull-right ez-toc-btn ez-toc-btn-xs ez-toc-btn-default ez-toc-toggle\" aria-label=\"Toggle Table of Content\"><span class=\"ez-toc-js-icon-con\"><span class=\"\"><span class=\"eztoc-hide\" style=\"display:none;\">Toggle<\/span><span class=\"ez-toc-icon-toggle-span\"><svg style=\"fill: #999;color:#999\" xmlns=\"http:\/\/www.w3.org\/2000\/svg\" class=\"list-377408\" width=\"20px\" height=\"20px\" viewBox=\"0 0 24 24\" fill=\"none\"><path d=\"M6 6H4v2h2V6zm14 0H8v2h12V6zM4 11h2v2H4v-2zm16 0H8v2h12v-2zM4 16h2v2H4v-2zm16 0H8v2h12v-2z\" fill=\"currentColor\"><\/path><\/svg><svg style=\"fill: #999;color:#999\" class=\"arrow-unsorted-368013\" xmlns=\"http:\/\/www.w3.org\/2000\/svg\" width=\"10px\" height=\"10px\" viewBox=\"0 0 24 24\" version=\"1.2\" baseProfile=\"tiny\"><path d=\"M18.2 9.3l-6.2-6.3-6.2 6.3c-.2.2-.3.4-.3.7s.1.5.3.7c.2.2.4.3.7.3h11c.3 0 .5-.1.7-.3.2-.2.3-.5.3-.7s-.1-.5-.3-.7zM5.8 14.7l6.2 6.3 6.2-6.3c.2-.2.3-.5.3-.7s-.1-.5-.3-.7c-.2-.2-.4-.3-.7-.3h-11c-.3 0-.5.1-.7.3-.2.2-.3.5-.3.7s.1.5.3.7z\"\/><\/svg><\/span><\/span><\/span><\/a><\/span><\/div>\n<nav><ul class='ez-toc-list ez-toc-list-level-1 ' ><li class='ez-toc-page-1 ez-toc-heading-level-3'><a class=\"ez-toc-link ez-toc-heading-1\" href=\"https:\/\/swiatsupli.pl\/blog\/zespol-pfapa-objawy-leczenie-i-wsparcie-suplementacyjne\/#Objawy_zespolu_PFAPA\" >Objawy zespo\u0142u PFAPA<\/a><\/li><li class='ez-toc-page-1 ez-toc-heading-level-3'><a class=\"ez-toc-link ez-toc-heading-2\" href=\"https:\/\/swiatsupli.pl\/blog\/zespol-pfapa-objawy-leczenie-i-wsparcie-suplementacyjne\/#Diagnoza_i_leczenie_zespolu_PFAPA\" >Diagnoza i leczenie zespo\u0142u PFAPA<\/a><\/li><li class='ez-toc-page-1 ez-toc-heading-level-3'><a class=\"ez-toc-link ez-toc-heading-3\" href=\"https:\/\/swiatsupli.pl\/blog\/zespol-pfapa-objawy-leczenie-i-wsparcie-suplementacyjne\/#Suplementacja_wspierajaca_w_zespole_PFAPA\" >Suplementacja wspieraj\u0105ca w zespole PFAPA<\/a><ul class='ez-toc-list-level-4' ><li class='ez-toc-heading-level-4'><a class=\"ez-toc-link ez-toc-heading-4\" href=\"https:\/\/swiatsupli.pl\/blog\/zespol-pfapa-objawy-leczenie-i-wsparcie-suplementacyjne\/#1_Witamina_D\" >1. Witamina D<\/a><\/li><li class='ez-toc-page-1 ez-toc-heading-level-4'><a class=\"ez-toc-link ez-toc-heading-5\" href=\"https:\/\/swiatsupli.pl\/blog\/zespol-pfapa-objawy-leczenie-i-wsparcie-suplementacyjne\/#2_Kwasy_tluszczowe_omega-3\" >2. Kwasy t\u0142uszczowe omega-3<\/a><\/li><li class='ez-toc-page-1 ez-toc-heading-level-4'><a class=\"ez-toc-link ez-toc-heading-6\" href=\"https:\/\/swiatsupli.pl\/blog\/zespol-pfapa-objawy-leczenie-i-wsparcie-suplementacyjne\/#3_Probiotyki\" >3. Probiotyki<\/a><\/li><li class='ez-toc-page-1 ez-toc-heading-level-4'><a class=\"ez-toc-link ez-toc-heading-7\" href=\"https:\/\/swiatsupli.pl\/blog\/zespol-pfapa-objawy-leczenie-i-wsparcie-suplementacyjne\/#4_Cynk\" >4. Cynk<\/a><\/li><li class='ez-toc-page-1 ez-toc-heading-level-4'><a class=\"ez-toc-link ez-toc-heading-8\" href=\"https:\/\/swiatsupli.pl\/blog\/zespol-pfapa-objawy-leczenie-i-wsparcie-suplementacyjne\/#5_Witamina_C\" >5. Witamina C<\/a><\/li><\/ul><\/li><li class='ez-toc-page-1 ez-toc-heading-level-3'><a class=\"ez-toc-link ez-toc-heading-9\" href=\"https:\/\/swiatsupli.pl\/blog\/zespol-pfapa-objawy-leczenie-i-wsparcie-suplementacyjne\/#Naturalne_srodki_wspierajace_zdrowie_w_PFAPA\" >Naturalne \u015brodki wspieraj\u0105ce zdrowie w PFAPA<\/a><\/li><li class='ez-toc-page-1 ez-toc-heading-level-3'><a class=\"ez-toc-link ez-toc-heading-10\" href=\"https:\/\/swiatsupli.pl\/blog\/zespol-pfapa-objawy-leczenie-i-wsparcie-suplementacyjne\/#Zmiany_w_diecie_wspierajace_pacjentow_z_PFAPA\" >Zmiany w diecie wspieraj\u0105ce pacjent\u00f3w z PFAPA<\/a><\/li><li class='ez-toc-page-1 ez-toc-heading-level-3'><a class=\"ez-toc-link ez-toc-heading-11\" href=\"https:\/\/swiatsupli.pl\/blog\/zespol-pfapa-objawy-leczenie-i-wsparcie-suplementacyjne\/#Podsumowanie\" >Podsumowanie<\/a><\/li><li class='ez-toc-page-1 ez-toc-heading-level-3'><a class=\"ez-toc-link ez-toc-heading-12\" href=\"https:\/\/swiatsupli.pl\/blog\/zespol-pfapa-objawy-leczenie-i-wsparcie-suplementacyjne\/#Bibliografia\" >Bibliografia<\/a><\/li><\/ul><\/nav><\/div>\n\n<p><strong>Zesp\u00f3\u0142 PFAPA (Periodic Fever, Aphthous Stomatitis, Pharyngitis, and Adenitis)<\/strong> to choroba okresowa, kt\u00f3ra charakteryzuje si\u0119 nawracaj\u0105cymi epizodami gor\u0105czki, zapaleniem gard\u0142a, aftowym zapaleniem jamy ustnej oraz powi\u0119kszeniem w\u0119z\u0142\u00f3w ch\u0142onnych. Zesp\u00f3\u0142 PFAPA jest najcz\u0119\u015bciej diagnozowany u dzieci w wieku przedszkolnym, ale mo\u017ce r\u00f3wnie\u017c wyst\u0119powa\u0107 u doros\u0142ych. Chocia\u017c nie jest to schorzenie zagra\u017caj\u0105ce \u017cyciu to zesp\u00f3\u0142 PFAPA, mo\u017ce znacz\u0105co wp\u0142ywa\u0107 na jako\u015b\u0107 \u017cycia pacjent\u00f3w i ich rodzin.<\/p>\n\n\n\n<figure class=\"wp-block-image size-large\"><img loading=\"lazy\" decoding=\"async\" width=\"720\" height=\"1024\" src=\"https:\/\/swiatsupli.pl\/blog\/wp-content\/uploads\/2024\/08\/sick-1547973_1280-720x1024.jpg\" alt=\"\" class=\"wp-image-18150\" srcset=\"https:\/\/swiatsupli.pl\/blog\/wp-content\/uploads\/2024\/08\/sick-1547973_1280-720x1024.jpg 720w, https:\/\/swiatsupli.pl\/blog\/wp-content\/uploads\/2024\/08\/sick-1547973_1280-211x300.jpg 211w, https:\/\/swiatsupli.pl\/blog\/wp-content\/uploads\/2024\/08\/sick-1547973_1280-768x1092.jpg 768w, https:\/\/swiatsupli.pl\/blog\/wp-content\/uploads\/2024\/08\/sick-1547973_1280-360x512.jpg 360w, https:\/\/swiatsupli.pl\/blog\/wp-content\/uploads\/2024\/08\/sick-1547973_1280.jpg 900w\" sizes=\"auto, (max-width: 720px) 100vw, 720px\" \/><\/figure>\n\n\n\n<p>W artykule om\u00f3wimy szczeg\u00f3\u0142owo objawy zespo\u0142u PFAPA, dost\u0119pne opcje leczenia oraz wsparcie suplementacyjne, kt\u00f3re mo\u017ce pom\u00f3c w \u0142agodzeniu objaw\u00f3w i wspieraniu og\u00f3lnego zdrowia pacjent\u00f3w.<\/p>\n\n\n\n<h3 class=\"wp-block-heading\"><span class=\"ez-toc-section\" id=\"Objawy_zespolu_PFAPA\"><\/span>Objawy zespo\u0142u PFAPA<span class=\"ez-toc-section-end\"><\/span><\/h3>\n\n\n\n<p>Objawy zespo\u0142u PFAPA s\u0105 charakterystyczne i obejmuj\u0105:<\/p>\n\n\n\n<ol class=\"wp-block-list\">\n<li><strong>Okresowa gor\u0105czka<\/strong> \u2013 zwykle wyst\u0119puje regularnie co 3-8 tygodni, trwa 3-6 dni, a temperatura mo\u017ce przekracza\u0107 39\u00b0C.<\/li>\n\n\n\n<li><strong>Aftowe zapalenie jamy ustnej<\/strong> \u2013 bolesne owrzodzenia (afty) w jamie ustnej, kt\u00f3re mog\u0105 utrudnia\u0107 jedzenie i picie.<\/li>\n\n\n\n<li><strong>Zapalenie gard\u0142a<\/strong> \u2013 b\u00f3l gard\u0142a, kt\u00f3ry cz\u0119sto jest b\u0142\u0119dnie diagnozowany jako infekcja bakteryjna.<\/li>\n\n\n\n<li><strong>Powi\u0119kszenie w\u0119z\u0142\u00f3w ch\u0142onnych<\/strong> \u2013 w szczeg\u00f3lno\u015bci w\u0119z\u0142y ch\u0142onne szyjne mog\u0105 by\u0107 bolesne i powi\u0119kszone.<\/li>\n<\/ol>\n\n\n\n<h3 class=\"wp-block-heading\"><span class=\"ez-toc-section\" id=\"Diagnoza_i_leczenie_zespolu_PFAPA\"><\/span>Diagnoza i leczenie zespo\u0142u PFAPA<span class=\"ez-toc-section-end\"><\/span><\/h3>\n\n\n\n<p>Diagnoza zespo\u0142u PFAPA opiera si\u0119 g\u0142\u00f3wnie na historii choroby oraz wykluczeniu innych przyczyn gor\u0105czki okresowej. Nie ma specyficznego testu diagnostycznego dla PFAPA, dlatego rozpoznanie jest cz\u0119sto oparte na kryteriach klinicznych.<\/p>\n\n\n\n<p><strong>Leczenie zespo\u0142u PFAPA<\/strong> mo\u017ce obejmowa\u0107:<\/p>\n\n\n\n<ol class=\"wp-block-list\">\n<li><strong>Steroidy<\/strong> \u2013 w przypadku ci\u0119\u017ckich objaw\u00f3w, lekarze cz\u0119sto przepisuj\u0105 pojedyncze dawki prednizonu lub betametazonu, kt\u00f3re mog\u0105 szybko przerwa\u0107 epizod gor\u0105czki. Jednak d\u0142ugotrwa\u0142e stosowanie steroid\u00f3w nie jest zalecane z powodu potencjalnych skutk\u00f3w ubocznych.<\/li>\n\n\n\n<li><strong>Tonsillektomia<\/strong> \u2013 usuni\u0119cie migda\u0142k\u00f3w podniebiennych mo\u017ce by\u0107 skutecznym sposobem na trwa\u0142e pozbycie si\u0119 objaw\u00f3w PFAPA, szczeg\u00f3lnie u dzieci, u kt\u00f3rych objawy s\u0105 szczeg\u00f3lnie uci\u0105\u017cliwe.<\/li>\n\n\n\n<li><strong>Leki przeciwgor\u0105czkowe<\/strong> \u2013 takie jak ibuprofen lub paracetamol, mog\u0105 by\u0107 stosowane w celu z\u0142agodzenia gor\u0105czki i b\u00f3lu podczas epizod\u00f3w.<\/li>\n<\/ol>\n\n\n\n<h3 class=\"wp-block-heading\"><span class=\"ez-toc-section\" id=\"Suplementacja_wspierajaca_w_zespole_PFAPA\"><\/span>Suplementacja wspieraj\u0105ca w zespole PFAPA<span class=\"ez-toc-section-end\"><\/span><\/h3>\n\n\n\n<p>Chocia\u017c g\u0142\u00f3wnym leczeniem PFAPA pozostaj\u0105 interwencje medyczne, niekt\u00f3re <strong>suplementy diety<\/strong> mog\u0105 wspomaga\u0107 uk\u0142ad odporno\u015bciowy, \u0142agodzi\u0107 stan zapalny i wspiera\u0107 og\u00f3lne zdrowie pacjenta. Oto kilka suplement\u00f3w, kt\u00f3re mog\u0105 by\u0107 korzystne:<\/p>\n\n\n\n<h4 class=\"wp-block-heading\"><span class=\"ez-toc-section\" id=\"1_Witamina_D\"><\/span>1. <a href=\"https:\/\/swiatsupli.pl\/witamina-d\/c293?utm_source=blog&amp;utm_medium=referral&amp;utm_campaign=Zesp%C3%B3%C5%82_PFAPA%3A_Objawy%2C_Leczenie_i_Wsparcie_Suplementacyjne\" target=\"_blank\" aria-label=\"Witamina D (opens in a new tab)\" rel=\"noreferrer noopener\" class=\"ek-link\">Witamina D<\/a><span class=\"ez-toc-section-end\"><\/span><\/h4>\n\n\n\n<p><strong>Witamina D<\/strong> odgrywa kluczow\u0105 rol\u0119 w regulacji uk\u0142adu odporno\u015bciowego. Niedob\u00f3r witaminy D mo\u017ce by\u0107 zwi\u0105zany ze zwi\u0119kszon\u0105 cz\u0119stotliwo\u015bci\u0105 infekcji oraz nasilonym stanem zapalnym, co mo\u017ce pogarsza\u0107 objawy PFAPA. Regularna suplementacja witaminy D mo\u017ce pom\u00f3c w wzmocnieniu odporno\u015bci i zmniejszeniu cz\u0119sto\u015bci nawrot\u00f3w epizod\u00f3w gor\u0105czkowych.<\/p>\n\n\n\n<figure class=\"wp-block-image size-full\"><a href=\"https:\/\/swiatsupli.pl\/witaminy-d-promaker-vitamin-d3-pro-4000iu-120kaps\/p10143?utm_source=blog&amp;utm_medium=referral&amp;utm_campaign=Zesp%C3%B3%C5%82_PFAPA%3A_Objawy%2C_Leczenie_i_Wsparcie_Suplementacyjne\" target=\"_blank\" rel=\"noreferrer noopener\"><img loading=\"lazy\" decoding=\"async\" width=\"800\" height=\"800\" src=\"https:\/\/swiatsupli.pl\/blog\/wp-content\/uploads\/2024\/08\/witaminy-d-promaker-vitamin-d3-pro-4000iu-120kaps-3.png\" alt=\"\" class=\"wp-image-18151\" srcset=\"https:\/\/swiatsupli.pl\/blog\/wp-content\/uploads\/2024\/08\/witaminy-d-promaker-vitamin-d3-pro-4000iu-120kaps-3.png 800w, https:\/\/swiatsupli.pl\/blog\/wp-content\/uploads\/2024\/08\/witaminy-d-promaker-vitamin-d3-pro-4000iu-120kaps-3-300x300.png 300w, https:\/\/swiatsupli.pl\/blog\/wp-content\/uploads\/2024\/08\/witaminy-d-promaker-vitamin-d3-pro-4000iu-120kaps-3-150x150.png 150w, https:\/\/swiatsupli.pl\/blog\/wp-content\/uploads\/2024\/08\/witaminy-d-promaker-vitamin-d3-pro-4000iu-120kaps-3-768x768.png 768w, https:\/\/swiatsupli.pl\/blog\/wp-content\/uploads\/2024\/08\/witaminy-d-promaker-vitamin-d3-pro-4000iu-120kaps-3-360x360.png 360w\" sizes=\"auto, (max-width: 800px) 100vw, 800px\" \/><\/a><\/figure>\n\n\n\n<p class=\"has-text-align-center\"><a href=\"https:\/\/swiatsupli.pl\/witaminy-d-promaker-vitamin-d3-pro-4000iu-120kaps\/p10143?utm_source=blog&amp;utm_medium=referral&amp;utm_campaign=Zesp%C3%B3%C5%82_PFAPA%3A_Objawy%2C_Leczenie_i_Wsparcie_Suplementacyjne\" target=\"_blank\" aria-label=\"Promaker Vitamin D3 PRO+ 4000IU 120kaps-KLIKNIJ TUTAJ (opens in a new tab)\" rel=\"noreferrer noopener\" class=\"ek-link\">Promaker Vitamin D3 PRO+ 4000IU 120kaps-KLIKNIJ TUTAJ<\/a><\/p>\n\n\n\n<h4 class=\"wp-block-heading\"><span class=\"ez-toc-section\" id=\"2_Kwasy_tluszczowe_omega-3\"><\/span>2. Kwasy t\u0142uszczowe omega-3<span class=\"ez-toc-section-end\"><\/span><\/h4>\n\n\n\n<p><strong><a href=\"https:\/\/swiatsupli.pl\/omega-3-omega-3-6-9\/c139?utm_source=blog&amp;utm_medium=referral&amp;utm_campaign=Zesp%C3%B3%C5%82_PFAPA%3A_Objawy%2C_Leczenie_i_Wsparcie_Suplementacyjne\" target=\"_blank\" aria-label=\"Kwasy t\u0142uszczowe omega-3 (opens in a new tab)\" rel=\"noreferrer noopener\" class=\"ek-link\">Kwasy t\u0142uszczowe omega-3<\/a><\/strong>, takie jak DHA i EPA, maj\u0105 silne w\u0142a\u015bciwo\u015bci przeciwzapalne. Suplementacja omega-3 mo\u017ce pom\u00f3c w zmniejszeniu stanu zapalnego, co jest kluczowe dla \u0142agodzenia objaw\u00f3w PFAPA. Omega-3 mo\u017cna znale\u017a\u0107 w t\u0142ustych rybach, takich jak \u0142oso\u015b i makrela, a tak\u017ce w suplementach diety, takich jak olej rybny lub olej z alg.<\/p>\n\n\n\n<figure class=\"wp-block-image size-full\"><a href=\"https:\/\/swiatsupli.pl\/kwasy-tluszczowe-omega-now-foods-ultra-omega-3-90softgels\/p4413?utm_source=blog&amp;utm_medium=referral&amp;utm_campaign=Zesp%C3%B3%C5%82_PFAPA%3A_Objawy%2C_Leczenie_i_Wsparcie_Suplementacyjne\" target=\"_blank\" rel=\"noreferrer noopener\"><img loading=\"lazy\" decoding=\"async\" width=\"800\" height=\"800\" src=\"https:\/\/swiatsupli.pl\/blog\/wp-content\/uploads\/2024\/08\/kwasy-tluszczowe-omega-now-foods-ultra-omega-3-90softgels-3.png\" alt=\"\" class=\"wp-image-18152\" srcset=\"https:\/\/swiatsupli.pl\/blog\/wp-content\/uploads\/2024\/08\/kwasy-tluszczowe-omega-now-foods-ultra-omega-3-90softgels-3.png 800w, https:\/\/swiatsupli.pl\/blog\/wp-content\/uploads\/2024\/08\/kwasy-tluszczowe-omega-now-foods-ultra-omega-3-90softgels-3-300x300.png 300w, https:\/\/swiatsupli.pl\/blog\/wp-content\/uploads\/2024\/08\/kwasy-tluszczowe-omega-now-foods-ultra-omega-3-90softgels-3-150x150.png 150w, https:\/\/swiatsupli.pl\/blog\/wp-content\/uploads\/2024\/08\/kwasy-tluszczowe-omega-now-foods-ultra-omega-3-90softgels-3-768x768.png 768w, https:\/\/swiatsupli.pl\/blog\/wp-content\/uploads\/2024\/08\/kwasy-tluszczowe-omega-now-foods-ultra-omega-3-90softgels-3-360x360.png 360w\" sizes=\"auto, (max-width: 800px) 100vw, 800px\" \/><\/a><\/figure>\n\n\n\n<p class=\"has-text-align-center\"><a href=\"https:\/\/swiatsupli.pl\/kwasy-tluszczowe-omega-now-foods-ultra-omega-3-90softgels\/p4413?utm_source=blog&amp;utm_medium=referral&amp;utm_campaign=Zesp%C3%B3%C5%82_PFAPA%3A_Objawy%2C_Leczenie_i_Wsparcie_Suplementacyjne\" target=\"_blank\" aria-label=\"Now Foods Ultra Omega-3 90softgels-KLIKNIJ TUTAJ (opens in a new tab)\" rel=\"noreferrer noopener\" class=\"ek-link\">Now Foods Ultra Omega-3 90softgels-KLIKNIJ TUTAJ<\/a><\/p>\n\n\n\n<h4 class=\"wp-block-heading\"><span class=\"ez-toc-section\" id=\"3_Probiotyki\"><\/span>3. <a href=\"https:\/\/swiatsupli.pl\/trawienie\/c145?utm_source=blog&amp;utm_medium=referral&amp;utm_campaign=Zesp%C3%B3%C5%82_PFAPA%3A_Objawy%2C_Leczenie_i_Wsparcie_Suplementacyjne\" target=\"_blank\" aria-label=\"Probiotyki (opens in a new tab)\" rel=\"noreferrer noopener\" class=\"ek-link\">Probiotyki<\/a><span class=\"ez-toc-section-end\"><\/span><\/h4>\n\n\n\n<p><strong>Probiotyki<\/strong> to \u017cywe mikroorganizmy, kt\u00f3re mog\u0105 wspiera\u0107 zdrowie jelit i uk\u0142ad odporno\u015bciowy. Istniej\u0105 dowody sugeruj\u0105ce, \u017ce zdrowa flora bakteryjna jelit mo\u017ce odgrywa\u0107 rol\u0119 w modulacji odpowiedzi immunologicznej, co mo\u017ce by\u0107 korzystne w przypadku chor\u00f3b autoimmunologicznych i zapalnych, takich jak PFAPA. Suplementacja probiotykami mo\u017ce pom\u00f3c w utrzymaniu zdrowej mikroflory jelitowej, co mo\u017ce wspiera\u0107 og\u00f3lne zdrowie i odporno\u015b\u0107.<\/p>\n\n\n\n<figure class=\"wp-block-image size-full\"><a href=\"https:\/\/swiatsupli.pl\/wsparcie-jelit-probiotyki-swanson-ultimate-16-strain-probiotic-60kaps\/p3596?utm_source=blog&amp;utm_medium=referral&amp;utm_campaign=Zesp%C3%B3%C5%82_PFAPA%3A_Objawy%2C_Leczenie_i_Wsparcie_Suplementacyjne\" target=\"_blank\" rel=\"noreferrer noopener\"><img loading=\"lazy\" decoding=\"async\" width=\"800\" height=\"800\" src=\"https:\/\/swiatsupli.pl\/blog\/wp-content\/uploads\/2024\/08\/wsparcie-jelit-probiotyki-swanson-ultimate-16-strain-probiotic-60kaps.png\" alt=\"\" class=\"wp-image-18153\" srcset=\"https:\/\/swiatsupli.pl\/blog\/wp-content\/uploads\/2024\/08\/wsparcie-jelit-probiotyki-swanson-ultimate-16-strain-probiotic-60kaps.png 800w, https:\/\/swiatsupli.pl\/blog\/wp-content\/uploads\/2024\/08\/wsparcie-jelit-probiotyki-swanson-ultimate-16-strain-probiotic-60kaps-300x300.png 300w, https:\/\/swiatsupli.pl\/blog\/wp-content\/uploads\/2024\/08\/wsparcie-jelit-probiotyki-swanson-ultimate-16-strain-probiotic-60kaps-150x150.png 150w, https:\/\/swiatsupli.pl\/blog\/wp-content\/uploads\/2024\/08\/wsparcie-jelit-probiotyki-swanson-ultimate-16-strain-probiotic-60kaps-768x768.png 768w, https:\/\/swiatsupli.pl\/blog\/wp-content\/uploads\/2024\/08\/wsparcie-jelit-probiotyki-swanson-ultimate-16-strain-probiotic-60kaps-360x360.png 360w\" sizes=\"auto, (max-width: 800px) 100vw, 800px\" \/><\/a><\/figure>\n\n\n\n<p class=\"has-text-align-center\"><a href=\"https:\/\/swiatsupli.pl\/wsparcie-jelit-probiotyki-swanson-ultimate-16-strain-probiotic-60kaps\/p3596?utm_source=blog&amp;utm_medium=referral&amp;utm_campaign=Zesp%C3%B3%C5%82_PFAPA%3A_Objawy%2C_Leczenie_i_Wsparcie_Suplementacyjne\" target=\"_blank\" aria-label=\"Swanson Ultimate-16 Strain Probiotic 60kaps-KLIKNIJ TUTAJ (opens in a new tab)\" rel=\"noreferrer noopener\" class=\"ek-link\">Swanson Ultimate-16 Strain Probiotic 60kaps-KLIKNIJ TUTAJ<\/a><\/p>\n\n\n\n<h4 class=\"wp-block-heading\"><span class=\"ez-toc-section\" id=\"4_Cynk\"><\/span>4. Cynk<span class=\"ez-toc-section-end\"><\/span><\/h4>\n\n\n\n<p><a href=\"https:\/\/swiatsupli.pl\/cynk\/c303?utm_source=blog&amp;utm_medium=referral&amp;utm_campaign=Zesp%C3%B3%C5%82_PFAPA%3A_Objawy%2C_Leczenie_i_Wsparcie_Suplementacyjne\" target=\"_blank\" aria-label=\"Cynk  (opens in a new tab)\" rel=\"noreferrer noopener\" class=\"ek-link\"><strong>Cynk<\/strong> <\/a>jest niezb\u0119dnym minera\u0142em, kt\u00f3ry odgrywa kluczow\u0105 rol\u0119 w funkcjonowaniu uk\u0142adu odporno\u015bciowego. Suplementacja cynkiem mo\u017ce wspiera\u0107 zdrowie uk\u0142adu odporno\u015bciowego i zmniejsza\u0107 podatno\u015b\u0107 na infekcje, kt\u00f3re mog\u0105 wywo\u0142ywa\u0107 epizody PFAPA. Cynk jest dost\u0119pny w wielu formach, w tym w postaci tabletek, kapsu\u0142ek i syrop\u00f3w.<\/p>\n\n\n\n<figure class=\"wp-block-image size-full\"><a href=\"https:\/\/swiatsupli.pl\/mineraly-cynk-now-foods-zinc-50mg-100tab\/p1742\" target=\"_blank\" rel=\"noreferrer noopener\"><img loading=\"lazy\" decoding=\"async\" width=\"800\" height=\"800\" src=\"https:\/\/swiatsupli.pl\/blog\/wp-content\/uploads\/2024\/08\/mineraly-cynk-now-foods-zinc-50mg-100tab-1.jpg\" alt=\"\" class=\"wp-image-18154\" srcset=\"https:\/\/swiatsupli.pl\/blog\/wp-content\/uploads\/2024\/08\/mineraly-cynk-now-foods-zinc-50mg-100tab-1.jpg 800w, https:\/\/swiatsupli.pl\/blog\/wp-content\/uploads\/2024\/08\/mineraly-cynk-now-foods-zinc-50mg-100tab-1-300x300.jpg 300w, https:\/\/swiatsupli.pl\/blog\/wp-content\/uploads\/2024\/08\/mineraly-cynk-now-foods-zinc-50mg-100tab-1-150x150.jpg 150w, https:\/\/swiatsupli.pl\/blog\/wp-content\/uploads\/2024\/08\/mineraly-cynk-now-foods-zinc-50mg-100tab-1-768x768.jpg 768w, https:\/\/swiatsupli.pl\/blog\/wp-content\/uploads\/2024\/08\/mineraly-cynk-now-foods-zinc-50mg-100tab-1-360x360.jpg 360w\" sizes=\"auto, (max-width: 800px) 100vw, 800px\" \/><\/a><\/figure>\n\n\n\n<p class=\"has-text-align-center\"><a href=\"https:\/\/swiatsupli.pl\/mineraly-cynk-now-foods-zinc-50mg-100tab\/p1742\" target=\"_blank\" aria-label=\"Now Foods Zinc 50mg 100tab-KLIKNIJ TUTAJ (opens in a new tab)\" rel=\"noreferrer noopener\" class=\"ek-link\">Now Foods Zinc 50mg 100tab-KLIKNIJ TUTAJ<\/a><\/p>\n\n\n\n<h4 class=\"wp-block-heading\"><span class=\"ez-toc-section\" id=\"5_Witamina_C\"><\/span>5. Witamina C<span class=\"ez-toc-section-end\"><\/span><\/h4>\n\n\n\n<p><strong><a href=\"https:\/\/swiatsupli.pl\/witamina-c\/c292?utm_source=blog&amp;utm_medium=referral&amp;utm_campaign=Zesp%C3%B3%C5%82_PFAPA%3A_Objawy%2C_Leczenie_i_Wsparcie_Suplementacyjne\" target=\"_blank\" aria-label=\"Witamina C (opens in a new tab)\" rel=\"noreferrer noopener\" class=\"ek-link\">Witamina C<\/a><\/strong> jest silnym antyoksydantem, kt\u00f3ry wspiera uk\u0142ad odporno\u015bciowy i pomaga w walce z infekcjami. Suplementacja witamin\u0105 C mo\u017ce pom\u00f3c w zmniejszeniu nasilenia objaw\u00f3w i wspiera\u0107 regeneracj\u0119 organizmu po epizodach gor\u0105czkowych.<\/p>\n\n\n\n<figure class=\"wp-block-image size-full\"><a href=\"https:\/\/swiatsupli.pl\/witamina-c-aliness-witamina-c-1000-mg-plus-100kaps\/p7925?utm_source=blog&amp;utm_medium=referral&amp;utm_campaign=Zesp%C3%B3%C5%82_PFAPA%3A_Objawy%2C_Leczenie_i_Wsparcie_Suplementacyjne\" target=\"_blank\" rel=\"noreferrer noopener\"><img loading=\"lazy\" decoding=\"async\" width=\"800\" height=\"800\" src=\"https:\/\/swiatsupli.pl\/blog\/wp-content\/uploads\/2024\/08\/witamina-c-aliness-witamina-c-1000-mg-plus-100kaps.png\" alt=\"\" class=\"wp-image-18156\" srcset=\"https:\/\/swiatsupli.pl\/blog\/wp-content\/uploads\/2024\/08\/witamina-c-aliness-witamina-c-1000-mg-plus-100kaps.png 800w, https:\/\/swiatsupli.pl\/blog\/wp-content\/uploads\/2024\/08\/witamina-c-aliness-witamina-c-1000-mg-plus-100kaps-300x300.png 300w, https:\/\/swiatsupli.pl\/blog\/wp-content\/uploads\/2024\/08\/witamina-c-aliness-witamina-c-1000-mg-plus-100kaps-150x150.png 150w, https:\/\/swiatsupli.pl\/blog\/wp-content\/uploads\/2024\/08\/witamina-c-aliness-witamina-c-1000-mg-plus-100kaps-768x768.png 768w, https:\/\/swiatsupli.pl\/blog\/wp-content\/uploads\/2024\/08\/witamina-c-aliness-witamina-c-1000-mg-plus-100kaps-360x360.png 360w\" sizes=\"auto, (max-width: 800px) 100vw, 800px\" \/><\/a><\/figure>\n\n\n\n<p class=\"has-text-align-center\"><a href=\"https:\/\/swiatsupli.pl\/witamina-c-aliness-witamina-c-1000-mg-plus-100kaps\/p7925?utm_source=blog&amp;utm_medium=referral&amp;utm_campaign=Zesp%C3%B3%C5%82_PFAPA%3A_Objawy%2C_Leczenie_i_Wsparcie_Suplementacyjne\" target=\"_blank\" aria-label=\"Aliness Witamina C 1000 mg Plus 100kaps-KLIKNIJ TUTAJ (opens in a new tab)\" rel=\"noreferrer noopener\" class=\"ek-link\">Aliness Witamina C 1000 mg Plus 100kaps-KLIKNIJ TUTAJ<\/a><\/p>\n\n\n\n<h3 class=\"wp-block-heading\"><span class=\"ez-toc-section\" id=\"Naturalne_srodki_wspierajace_zdrowie_w_PFAPA\"><\/span>Naturalne \u015brodki wspieraj\u0105ce zdrowie w PFAPA<span class=\"ez-toc-section-end\"><\/span><\/h3>\n\n\n\n<p>Opr\u00f3cz suplementacji, niekt\u00f3re <strong>naturalne \u015brodki<\/strong> mog\u0105 wspiera\u0107 zdrowie pacjent\u00f3w z zespo\u0142em PFAPA:<\/p>\n\n\n\n<ul class=\"wp-block-list\">\n<li><strong>Imbir<\/strong> \u2013 ma w\u0142a\u015bciwo\u015bci przeciwzapalne i mo\u017ce pom\u00f3c w zmniejszeniu b\u00f3lu gard\u0142a oraz stan\u00f3w zapalnych.<\/li>\n\n\n\n<li><strong>Mi\u00f3d<\/strong> \u2013 dzia\u0142a \u0142agodz\u0105co na podra\u017cnione gard\u0142o i mo\u017ce wspiera\u0107 uk\u0142ad odporno\u015bciowy.<\/li>\n\n\n\n<li><strong>Herbaty zio\u0142owe<\/strong> \u2013 takie jak rumianek czy mi\u0119ta, mog\u0105 pom\u00f3c w relaksacji i \u0142agodzeniu objaw\u00f3w dyskomfortu.<\/li>\n<\/ul>\n\n\n\n<h3 class=\"wp-block-heading\"><span class=\"ez-toc-section\" id=\"Zmiany_w_diecie_wspierajace_pacjentow_z_PFAPA\"><\/span>Zmiany w diecie wspieraj\u0105ce pacjent\u00f3w z PFAPA<span class=\"ez-toc-section-end\"><\/span><\/h3>\n\n\n\n<p>Odpowiednia <strong>dieta<\/strong> mo\u017ce r\u00f3wnie\u017c odgrywa\u0107 wa\u017cn\u0105 rol\u0119 w \u0142agodzeniu objaw\u00f3w PFAPA i wspieraniu zdrowia. Dieta bogata w \u015bwie\u017ce owoce, warzywa, pe\u0142noziarniste produkty oraz zdrowe t\u0142uszcze mo\u017ce wspiera\u0107 uk\u0142ad odporno\u015bciowy i zmniejsza\u0107 stan zapalny.<\/p>\n\n\n\n<ul class=\"wp-block-list\">\n<li><strong>Spo\u017cywanie pokarm\u00f3w bogatych w witamin\u0119 C<\/strong> \u2013 takie jak cytrusy, kiwi, papryka i broku\u0142y.<\/li>\n\n\n\n<li><strong>Zwi\u0119kszenie spo\u017cycia t\u0142ustych ryb<\/strong> \u2013 takich jak \u0142oso\u015b, makrela i sardynki, aby dostarczy\u0107 organizmowi kwas\u00f3w omega-3.<\/li>\n\n\n\n<li><strong>Unikanie przetworzonych produkt\u00f3w i cukr\u00f3w<\/strong> \u2013 kt\u00f3re mog\u0105 nasila\u0107 stan zapalny.<\/li>\n<\/ul>\n\n\n\n<h3 class=\"wp-block-heading\"><span class=\"ez-toc-section\" id=\"Podsumowanie\"><\/span>Podsumowanie<span class=\"ez-toc-section-end\"><\/span><\/h3>\n\n\n\n<p><strong>Zesp\u00f3\u0142 PFAPA<\/strong> to stan, kt\u00f3ry mo\u017ce znacz\u0105co wp\u0142ywa\u0107 na \u017cycie pacjent\u00f3w, ale odpowiednie leczenie i wsparcie suplementacyjne mog\u0105 pom\u00f3c w \u0142agodzeniu objaw\u00f3w. <strong>Witamina D<\/strong>, <strong>omega-3<\/strong>, <strong>probiotyki<\/strong>, <strong>cynk<\/strong> i <strong>witamina C<\/strong> to suplementy, kt\u00f3re mog\u0105 wspiera\u0107 zdrowie uk\u0142adu odporno\u015bciowego i pom\u00f3c w walce z nawracaj\u0105cymi epizodami gor\u0105czkowymi. Ponadto, wprowadzenie zdrowych nawyk\u00f3w \u017cywieniowych i naturalnych \u015brodk\u00f3w mo\u017ce wspiera\u0107 og\u00f3lne zdrowie i dobre samopoczucie pacjent\u00f3w z PFAPA. Przed rozpocz\u0119ciem suplementacji zawsze warto skonsultowa\u0107 si\u0119 z lekarzem, aby dostosowa\u0107 dawki do indywidualnych potrzeb pacjenta.<\/p>\n\n\n\n<h3 class=\"wp-block-heading\"><span class=\"ez-toc-section\" id=\"Bibliografia\"><\/span>Bibliografia<span class=\"ez-toc-section-end\"><\/span><\/h3>\n\n\n\n<ol class=\"wp-block-list\">\n<li><strong>Gertig, H., &amp; Przys\u0142awski, J.<\/strong> (2010). <em>Podstawy nauki o \u017cywieniu<\/em>. Wydawnictwo Lekarskie PZWL, Warszawa.<\/li>\n<\/ol>\n\n\n\n<ul class=\"wp-block-list\">\n<li>Ksi\u0105\u017cka omawia podstawy \u017cywienia i znaczenie witamin oraz minera\u0142\u00f3w, takich jak witamina D i cynk, w kontek\u015bcie wsparcia uk\u0142adu odporno\u015bciowego, co jest istotne w leczeniu zespo\u0142u PFAPA.<\/li>\n<\/ul>\n\n\n\n<ol class=\"wp-block-list\">\n<li><strong>Jarosz, M.<\/strong> (red.). (2020). <em>Normy \u017cywienia dla populacji Polski i ich zastosowanie<\/em>. Instytut \u017bywno\u015bci i \u017bywienia, Warszawa.<\/li>\n<\/ol>\n\n\n\n<ul class=\"wp-block-list\">\n<li>Praca zawiera aktualne zalecenia dotycz\u0105ce suplementacji, w tym witaminy D, kwas\u00f3w omega-3, cynku i witaminy C, kt\u00f3re mog\u0105 wspiera\u0107 zdrowie pacjent\u00f3w z przewlek\u0142ymi chorobami zapalnymi, takimi jak zesp\u00f3\u0142 PFAPA.<\/li>\n<\/ul>\n\n\n\n<ol class=\"wp-block-list\">\n<li><strong>Rutkowski, A.<\/strong> (2017). <em>Suplementacja diety w chorobach autoimmunologicznych i zapalnych<\/em>. Wydawnictwo Lekarskie PZWL, Warszawa.<\/li>\n<\/ol>\n\n\n\n<ul class=\"wp-block-list\">\n<li>Ksi\u0105\u017cka koncentruje si\u0119 na roli suplement\u00f3w, takich jak probiotyki, witamina D i omega-3, w leczeniu i \u0142agodzeniu objaw\u00f3w chor\u00f3b autoimmunologicznych i zapalnych, co jest istotne w przypadku zespo\u0142u PFAPA.<\/li>\n<\/ul>\n\n\n\n<ol class=\"wp-block-list\">\n<li><strong>Ostrowski, J.<\/strong> (2018). <em>Zio\u0142a i naturalne \u015brodki w terapii chor\u00f3b przewlek\u0142ych<\/em>. Wydawnictwo MedPharm, Wroc\u0142aw.<\/li>\n<\/ol>\n\n\n\n<ul class=\"wp-block-list\">\n<li>Publikacja omawia zastosowanie zi\u00f3\u0142 i naturalnych \u015brodk\u00f3w, takich jak imbir i mi\u00f3d, w leczeniu chor\u00f3b przewlek\u0142ych, w tym wspieranie uk\u0142adu odporno\u015bciowego u pacjent\u00f3w z zespo\u0142em PFAPA.<\/li>\n<\/ul>\n\n\n\n<ol class=\"wp-block-list\">\n<li><strong>Koz\u0142owska-Wojciechowska, M.<\/strong> (2019). <em>\u017bywienie w chorobach zapalnych i autoimmunologicznych<\/em>. Wydawnictwo Naukowe PWN, Warszawa.<\/li>\n<\/ol>\n\n\n\n<ul class=\"wp-block-list\">\n<li>Ksi\u0105\u017cka analizuje wp\u0142yw diety i suplementacji na zdrowie pacjent\u00f3w z chorobami zapalnymi, podkre\u015blaj\u0105c znaczenie witamin, minera\u0142\u00f3w i kwas\u00f3w t\u0142uszczowych omega-3 w leczeniu objaw\u00f3w zespo\u0142u PFAPA.<\/li>\n<\/ul>\n","protected":false},"excerpt":{"rendered":"<p>Chcia\u0142by\u015b doedukowa\u0107 si\u0119 na temat Zespo\u0142u PFAPA?<br \/>\n\u015awietnie trafi\u0142e\u015b, zapraszamy do wpisu!<\/p>\n","protected":false},"author":6,"featured_media":18160,"comment_status":"open","ping_status":"open","sticky":false,"template":"","format":"standard","meta":{"_editorskit_title_hidden":false,"_editorskit_reading_time":0,"_editorskit_is_block_options_detached":false,"_editorskit_block_options_position":"{}","inline_featured_image":false,"rop_custom_images_group":[],"rop_custom_messages_group":[],"rop_publish_now":"initial","rop_publish_now_accounts":[],"rop_publish_now_history":[],"rop_publish_now_status":"pending","footnotes":""},"categories":[1385,1378],"tags":[410,481,430,989,2051,2049,2050,2052,1941,42,1632],"class_list":{"0":"post-18149","1":"post","2":"type-post","3":"status-publish","4":"format-standard","5":"has-post-thumbnail","7":"category-dolegliwosci-i-choroby","8":"category-suplementacja","9":"tag-leczenie","10":"tag-mineraly","11":"tag-objawy","12":"tag-omega","13":"tag-pfap","14":"tag-pfapa","15":"tag-suplementacyjne","16":"tag-witamina","17":"tag-wsparcie","18":"tag-zdrowie","19":"tag-zespol"},"yoast_head":"<!-- This site is optimized with the Yoast SEO plugin v27.5 - https:\/\/yoast.com\/product\/yoast-seo-wordpress\/ -->\n<title>Zesp\u00f3\u0142 PFAPA: Objawy, Leczenie i Wsparcie Suplementacyjne - Blog \u015awiat Supli<\/title>\n<meta name=\"description\" content=\"Zesp\u00f3\u0142 PFAPA: Objawy, Leczenie i Wsparcie Suplementacyjne - zobacz wi\u0119cej na blogu \u015awiatSupli.pl\" \/>\n<meta name=\"robots\" content=\"index, follow, max-snippet:-1, max-image-preview:large, max-video-preview:-1\" \/>\n<link rel=\"canonical\" href=\"https:\/\/swiatsupli.pl\/blog\/zespol-pfapa-objawy-leczenie-i-wsparcie-suplementacyjne\/\" \/>\n<meta property=\"og:locale\" content=\"pl_PL\" \/>\n<meta property=\"og:type\" content=\"article\" \/>\n<meta property=\"og:title\" content=\"Zesp\u00f3\u0142 PFAPA: Objawy, Leczenie i Wsparcie Suplementacyjne - Blog \u015awiat Supli\" \/>\n<meta property=\"og:description\" content=\"Zesp\u00f3\u0142 PFAPA: Objawy, Leczenie i Wsparcie Suplementacyjne - zobacz wi\u0119cej na blogu \u015awiatSupli.pl\" \/>\n<meta property=\"og:url\" content=\"https:\/\/swiatsupli.pl\/blog\/zespol-pfapa-objawy-leczenie-i-wsparcie-suplementacyjne\/\" \/>\n<meta property=\"og:site_name\" content=\"Blog \u015awiat Supli\" \/>\n<meta property=\"article:publisher\" content=\"https:\/\/www.facebook.com\/Swiat.Supli\" \/>\n<meta property=\"article:published_time\" content=\"2024-08-28T08:37:00+00:00\" \/>\n<meta property=\"article:modified_time\" content=\"2024-08-28T10:30:23+00:00\" \/>\n<meta property=\"og:image\" content=\"https:\/\/swiatsupli.pl\/blog\/wp-content\/uploads\/2024\/08\/xD.png\" \/>\n\t<meta property=\"og:image:width\" content=\"1140\" \/>\n\t<meta property=\"og:image:height\" content=\"694\" \/>\n\t<meta property=\"og:image:type\" content=\"image\/png\" \/>\n<meta name=\"author\" content=\"Pawe\u0142 Lisowski\" \/>\n<meta name=\"twitter:card\" content=\"summary_large_image\" \/>\n<meta name=\"twitter:creator\" content=\"@SwiatSupli\" \/>\n<meta name=\"twitter:site\" content=\"@SwiatSupli\" \/>\n<meta name=\"twitter:label1\" content=\"Napisane przez\" \/>\n\t<meta name=\"twitter:data1\" content=\"Pawe\u0142 Lisowski\" \/>\n\t<meta name=\"twitter:label2\" content=\"Szacowany czas czytania\" \/>\n\t<meta name=\"twitter:data2\" content=\"8 minut\" \/>\n<script type=\"application\/ld+json\" class=\"yoast-schema-graph\">{\"@context\":\"https:\\\/\\\/schema.org\",\"@graph\":[{\"@type\":\"Article\",\"@id\":\"https:\\\/\\\/swiatsupli.pl\\\/blog\\\/zespol-pfapa-objawy-leczenie-i-wsparcie-suplementacyjne\\\/#article\",\"isPartOf\":{\"@id\":\"https:\\\/\\\/swiatsupli.pl\\\/blog\\\/zespol-pfapa-objawy-leczenie-i-wsparcie-suplementacyjne\\\/\"},\"author\":{\"name\":\"Pawe\u0142 Lisowski\",\"@id\":\"https:\\\/\\\/swiatsupli.pl\\\/blog\\\/#\\\/schema\\\/person\\\/b92e54cf03cf0b288057351cf090e58a\"},\"headline\":\"Zesp\u00f3\u0142 PFAPA: Objawy, Leczenie i Wsparcie Suplementacyjne\",\"datePublished\":\"2024-08-28T08:37:00+00:00\",\"dateModified\":\"2024-08-28T10:30:23+00:00\",\"mainEntityOfPage\":{\"@id\":\"https:\\\/\\\/swiatsupli.pl\\\/blog\\\/zespol-pfapa-objawy-leczenie-i-wsparcie-suplementacyjne\\\/\"},\"wordCount\":1250,\"commentCount\":0,\"publisher\":{\"@id\":\"https:\\\/\\\/swiatsupli.pl\\\/blog\\\/#organization\"},\"image\":{\"@id\":\"https:\\\/\\\/swiatsupli.pl\\\/blog\\\/zespol-pfapa-objawy-leczenie-i-wsparcie-suplementacyjne\\\/#primaryimage\"},\"thumbnailUrl\":\"https:\\\/\\\/swiatsupli.pl\\\/blog\\\/wp-content\\\/uploads\\\/2024\\\/08\\\/xD.png\",\"keywords\":[\"leczenie\",\"minera\u0142y\",\"objawy\",\"omega\",\"pfap\",\"pfapa\",\"Suplementacyjne\",\"witamina\",\"Wsparcie\",\"Zdrowie\",\"zesp\u00f3\u0142\"],\"articleSection\":[\"Dolegliwo\u015bci i choroby\",\"Suplementacja\"],\"inLanguage\":\"pl-PL\",\"potentialAction\":[{\"@type\":\"CommentAction\",\"name\":\"Comment\",\"target\":[\"https:\\\/\\\/swiatsupli.pl\\\/blog\\\/zespol-pfapa-objawy-leczenie-i-wsparcie-suplementacyjne\\\/#respond\"]}]},{\"@type\":\"WebPage\",\"@id\":\"https:\\\/\\\/swiatsupli.pl\\\/blog\\\/zespol-pfapa-objawy-leczenie-i-wsparcie-suplementacyjne\\\/\",\"url\":\"https:\\\/\\\/swiatsupli.pl\\\/blog\\\/zespol-pfapa-objawy-leczenie-i-wsparcie-suplementacyjne\\\/\",\"name\":\"Zesp\u00f3\u0142 PFAPA: Objawy, Leczenie i Wsparcie Suplementacyjne - Blog \u015awiat Supli\",\"isPartOf\":{\"@id\":\"https:\\\/\\\/swiatsupli.pl\\\/blog\\\/#website\"},\"primaryImageOfPage\":{\"@id\":\"https:\\\/\\\/swiatsupli.pl\\\/blog\\\/zespol-pfapa-objawy-leczenie-i-wsparcie-suplementacyjne\\\/#primaryimage\"},\"image\":{\"@id\":\"https:\\\/\\\/swiatsupli.pl\\\/blog\\\/zespol-pfapa-objawy-leczenie-i-wsparcie-suplementacyjne\\\/#primaryimage\"},\"thumbnailUrl\":\"https:\\\/\\\/swiatsupli.pl\\\/blog\\\/wp-content\\\/uploads\\\/2024\\\/08\\\/xD.png\",\"datePublished\":\"2024-08-28T08:37:00+00:00\",\"dateModified\":\"2024-08-28T10:30:23+00:00\",\"description\":\"Zesp\u00f3\u0142 PFAPA: Objawy, Leczenie i Wsparcie Suplementacyjne - zobacz wi\u0119cej na blogu \u015awiatSupli.pl\",\"breadcrumb\":{\"@id\":\"https:\\\/\\\/swiatsupli.pl\\\/blog\\\/zespol-pfapa-objawy-leczenie-i-wsparcie-suplementacyjne\\\/#breadcrumb\"},\"inLanguage\":\"pl-PL\",\"potentialAction\":[{\"@type\":\"ReadAction\",\"target\":[\"https:\\\/\\\/swiatsupli.pl\\\/blog\\\/zespol-pfapa-objawy-leczenie-i-wsparcie-suplementacyjne\\\/\"]}]},{\"@type\":\"ImageObject\",\"inLanguage\":\"pl-PL\",\"@id\":\"https:\\\/\\\/swiatsupli.pl\\\/blog\\\/zespol-pfapa-objawy-leczenie-i-wsparcie-suplementacyjne\\\/#primaryimage\",\"url\":\"https:\\\/\\\/swiatsupli.pl\\\/blog\\\/wp-content\\\/uploads\\\/2024\\\/08\\\/xD.png\",\"contentUrl\":\"https:\\\/\\\/swiatsupli.pl\\\/blog\\\/wp-content\\\/uploads\\\/2024\\\/08\\\/xD.png\",\"width\":1140,\"height\":694,\"caption\":\"zespol-pfapa-objawy-leczenie-i-wsparcie-suplementacyjne\"},{\"@type\":\"BreadcrumbList\",\"@id\":\"https:\\\/\\\/swiatsupli.pl\\\/blog\\\/zespol-pfapa-objawy-leczenie-i-wsparcie-suplementacyjne\\\/#breadcrumb\",\"itemListElement\":[{\"@type\":\"ListItem\",\"position\":1,\"name\":\"Strona g\u0142\u00f3wna\",\"item\":\"https:\\\/\\\/swiatsupli.pl\\\/blog\\\/\"},{\"@type\":\"ListItem\",\"position\":2,\"name\":\"Zesp\u00f3\u0142 PFAPA: Objawy, Leczenie i Wsparcie Suplementacyjne\"}]},{\"@type\":\"WebSite\",\"@id\":\"https:\\\/\\\/swiatsupli.pl\\\/blog\\\/#website\",\"url\":\"https:\\\/\\\/swiatsupli.pl\\\/blog\\\/\",\"name\":\"Blog \u015awiat Supli\",\"description\":\"Wspieramy Tw\u00f3j styl \u017cycia\",\"publisher\":{\"@id\":\"https:\\\/\\\/swiatsupli.pl\\\/blog\\\/#organization\"},\"potentialAction\":[{\"@type\":\"SearchAction\",\"target\":{\"@type\":\"EntryPoint\",\"urlTemplate\":\"https:\\\/\\\/swiatsupli.pl\\\/blog\\\/?s={search_term_string}\"},\"query-input\":{\"@type\":\"PropertyValueSpecification\",\"valueRequired\":true,\"valueName\":\"search_term_string\"}}],\"inLanguage\":\"pl-PL\"},{\"@type\":\"Organization\",\"@id\":\"https:\\\/\\\/swiatsupli.pl\\\/blog\\\/#organization\",\"name\":\"\u015awiat Supli\",\"url\":\"https:\\\/\\\/swiatsupli.pl\\\/blog\\\/\",\"logo\":{\"@type\":\"ImageObject\",\"inLanguage\":\"pl-PL\",\"@id\":\"https:\\\/\\\/swiatsupli.pl\\\/blog\\\/#\\\/schema\\\/logo\\\/image\\\/\",\"url\":\"https:\\\/\\\/swiatsupli.pl\\\/blog\\\/wp-content\\\/uploads\\\/2020\\\/10\\\/swiat-supli-logo-hex-color-bg-2-scaled.jpg\",\"contentUrl\":\"https:\\\/\\\/swiatsupli.pl\\\/blog\\\/wp-content\\\/uploads\\\/2020\\\/10\\\/swiat-supli-logo-hex-color-bg-2-scaled.jpg\",\"width\":2560,\"height\":680,\"caption\":\"\u015awiat Supli\"},\"image\":{\"@id\":\"https:\\\/\\\/swiatsupli.pl\\\/blog\\\/#\\\/schema\\\/logo\\\/image\\\/\"},\"sameAs\":[\"https:\\\/\\\/www.facebook.com\\\/Swiat.Supli\",\"https:\\\/\\\/x.com\\\/SwiatSupli\",\"https:\\\/\\\/www.instagram.com\\\/swiatsupli_pl\\\/\",\"https:\\\/\\\/www.youtube.com\\\/channel\\\/UCbrXSxhnVQmv08kapZgYW5Q\"]},{\"@type\":\"Person\",\"@id\":\"https:\\\/\\\/swiatsupli.pl\\\/blog\\\/#\\\/schema\\\/person\\\/b92e54cf03cf0b288057351cf090e58a\",\"name\":\"Pawe\u0142 Lisowski\",\"sameAs\":[\"http:\\\/\\\/www.swiatsupli.pl\"],\"url\":\"https:\\\/\\\/swiatsupli.pl\\\/blog\\\/author\\\/lisek\\\/\"}]}<\/script>\n<!-- \/ Yoast SEO plugin. -->","yoast_head_json":{"title":"Zesp\u00f3\u0142 PFAPA: Objawy, Leczenie i Wsparcie Suplementacyjne - Blog \u015awiat Supli","description":"Zesp\u00f3\u0142 PFAPA: Objawy, Leczenie i Wsparcie Suplementacyjne - zobacz wi\u0119cej na blogu \u015awiatSupli.pl","robots":{"index":"index","follow":"follow","max-snippet":"max-snippet:-1","max-image-preview":"max-image-preview:large","max-video-preview":"max-video-preview:-1"},"canonical":"https:\/\/swiatsupli.pl\/blog\/zespol-pfapa-objawy-leczenie-i-wsparcie-suplementacyjne\/","og_locale":"pl_PL","og_type":"article","og_title":"Zesp\u00f3\u0142 PFAPA: Objawy, Leczenie i Wsparcie Suplementacyjne - Blog \u015awiat Supli","og_description":"Zesp\u00f3\u0142 PFAPA: Objawy, Leczenie i Wsparcie Suplementacyjne - zobacz wi\u0119cej na blogu \u015awiatSupli.pl","og_url":"https:\/\/swiatsupli.pl\/blog\/zespol-pfapa-objawy-leczenie-i-wsparcie-suplementacyjne\/","og_site_name":"Blog \u015awiat Supli","article_publisher":"https:\/\/www.facebook.com\/Swiat.Supli","article_published_time":"2024-08-28T08:37:00+00:00","article_modified_time":"2024-08-28T10:30:23+00:00","og_image":[{"width":1140,"height":694,"url":"https:\/\/swiatsupli.pl\/blog\/wp-content\/uploads\/2024\/08\/xD.png","type":"image\/png"}],"author":"Pawe\u0142 Lisowski","twitter_card":"summary_large_image","twitter_creator":"@SwiatSupli","twitter_site":"@SwiatSupli","twitter_misc":{"Napisane przez":"Pawe\u0142 Lisowski","Szacowany czas czytania":"8 minut"},"schema":{"@context":"https:\/\/schema.org","@graph":[{"@type":"Article","@id":"https:\/\/swiatsupli.pl\/blog\/zespol-pfapa-objawy-leczenie-i-wsparcie-suplementacyjne\/#article","isPartOf":{"@id":"https:\/\/swiatsupli.pl\/blog\/zespol-pfapa-objawy-leczenie-i-wsparcie-suplementacyjne\/"},"author":{"name":"Pawe\u0142 Lisowski","@id":"https:\/\/swiatsupli.pl\/blog\/#\/schema\/person\/b92e54cf03cf0b288057351cf090e58a"},"headline":"Zesp\u00f3\u0142 PFAPA: Objawy, Leczenie i Wsparcie Suplementacyjne","datePublished":"2024-08-28T08:37:00+00:00","dateModified":"2024-08-28T10:30:23+00:00","mainEntityOfPage":{"@id":"https:\/\/swiatsupli.pl\/blog\/zespol-pfapa-objawy-leczenie-i-wsparcie-suplementacyjne\/"},"wordCount":1250,"commentCount":0,"publisher":{"@id":"https:\/\/swiatsupli.pl\/blog\/#organization"},"image":{"@id":"https:\/\/swiatsupli.pl\/blog\/zespol-pfapa-objawy-leczenie-i-wsparcie-suplementacyjne\/#primaryimage"},"thumbnailUrl":"https:\/\/swiatsupli.pl\/blog\/wp-content\/uploads\/2024\/08\/xD.png","keywords":["leczenie","minera\u0142y","objawy","omega","pfap","pfapa","Suplementacyjne","witamina","Wsparcie","Zdrowie","zesp\u00f3\u0142"],"articleSection":["Dolegliwo\u015bci i choroby","Suplementacja"],"inLanguage":"pl-PL","potentialAction":[{"@type":"CommentAction","name":"Comment","target":["https:\/\/swiatsupli.pl\/blog\/zespol-pfapa-objawy-leczenie-i-wsparcie-suplementacyjne\/#respond"]}]},{"@type":"WebPage","@id":"https:\/\/swiatsupli.pl\/blog\/zespol-pfapa-objawy-leczenie-i-wsparcie-suplementacyjne\/","url":"https:\/\/swiatsupli.pl\/blog\/zespol-pfapa-objawy-leczenie-i-wsparcie-suplementacyjne\/","name":"Zesp\u00f3\u0142 PFAPA: Objawy, Leczenie i Wsparcie Suplementacyjne - Blog \u015awiat Supli","isPartOf":{"@id":"https:\/\/swiatsupli.pl\/blog\/#website"},"primaryImageOfPage":{"@id":"https:\/\/swiatsupli.pl\/blog\/zespol-pfapa-objawy-leczenie-i-wsparcie-suplementacyjne\/#primaryimage"},"image":{"@id":"https:\/\/swiatsupli.pl\/blog\/zespol-pfapa-objawy-leczenie-i-wsparcie-suplementacyjne\/#primaryimage"},"thumbnailUrl":"https:\/\/swiatsupli.pl\/blog\/wp-content\/uploads\/2024\/08\/xD.png","datePublished":"2024-08-28T08:37:00+00:00","dateModified":"2024-08-28T10:30:23+00:00","description":"Zesp\u00f3\u0142 PFAPA: Objawy, Leczenie i Wsparcie Suplementacyjne - zobacz wi\u0119cej na blogu \u015awiatSupli.pl","breadcrumb":{"@id":"https:\/\/swiatsupli.pl\/blog\/zespol-pfapa-objawy-leczenie-i-wsparcie-suplementacyjne\/#breadcrumb"},"inLanguage":"pl-PL","potentialAction":[{"@type":"ReadAction","target":["https:\/\/swiatsupli.pl\/blog\/zespol-pfapa-objawy-leczenie-i-wsparcie-suplementacyjne\/"]}]},{"@type":"ImageObject","inLanguage":"pl-PL","@id":"https:\/\/swiatsupli.pl\/blog\/zespol-pfapa-objawy-leczenie-i-wsparcie-suplementacyjne\/#primaryimage","url":"https:\/\/swiatsupli.pl\/blog\/wp-content\/uploads\/2024\/08\/xD.png","contentUrl":"https:\/\/swiatsupli.pl\/blog\/wp-content\/uploads\/2024\/08\/xD.png","width":1140,"height":694,"caption":"zespol-pfapa-objawy-leczenie-i-wsparcie-suplementacyjne"},{"@type":"BreadcrumbList","@id":"https:\/\/swiatsupli.pl\/blog\/zespol-pfapa-objawy-leczenie-i-wsparcie-suplementacyjne\/#breadcrumb","itemListElement":[{"@type":"ListItem","position":1,"name":"Strona g\u0142\u00f3wna","item":"https:\/\/swiatsupli.pl\/blog\/"},{"@type":"ListItem","position":2,"name":"Zesp\u00f3\u0142 PFAPA: Objawy, Leczenie i Wsparcie Suplementacyjne"}]},{"@type":"WebSite","@id":"https:\/\/swiatsupli.pl\/blog\/#website","url":"https:\/\/swiatsupli.pl\/blog\/","name":"Blog \u015awiat Supli","description":"Wspieramy Tw\u00f3j styl \u017cycia","publisher":{"@id":"https:\/\/swiatsupli.pl\/blog\/#organization"},"potentialAction":[{"@type":"SearchAction","target":{"@type":"EntryPoint","urlTemplate":"https:\/\/swiatsupli.pl\/blog\/?s={search_term_string}"},"query-input":{"@type":"PropertyValueSpecification","valueRequired":true,"valueName":"search_term_string"}}],"inLanguage":"pl-PL"},{"@type":"Organization","@id":"https:\/\/swiatsupli.pl\/blog\/#organization","name":"\u015awiat Supli","url":"https:\/\/swiatsupli.pl\/blog\/","logo":{"@type":"ImageObject","inLanguage":"pl-PL","@id":"https:\/\/swiatsupli.pl\/blog\/#\/schema\/logo\/image\/","url":"https:\/\/swiatsupli.pl\/blog\/wp-content\/uploads\/2020\/10\/swiat-supli-logo-hex-color-bg-2-scaled.jpg","contentUrl":"https:\/\/swiatsupli.pl\/blog\/wp-content\/uploads\/2020\/10\/swiat-supli-logo-hex-color-bg-2-scaled.jpg","width":2560,"height":680,"caption":"\u015awiat Supli"},"image":{"@id":"https:\/\/swiatsupli.pl\/blog\/#\/schema\/logo\/image\/"},"sameAs":["https:\/\/www.facebook.com\/Swiat.Supli","https:\/\/x.com\/SwiatSupli","https:\/\/www.instagram.com\/swiatsupli_pl\/","https:\/\/www.youtube.com\/channel\/UCbrXSxhnVQmv08kapZgYW5Q"]},{"@type":"Person","@id":"https:\/\/swiatsupli.pl\/blog\/#\/schema\/person\/b92e54cf03cf0b288057351cf090e58a","name":"Pawe\u0142 Lisowski","sameAs":["http:\/\/www.swiatsupli.pl"],"url":"https:\/\/swiatsupli.pl\/blog\/author\/lisek\/"}]}},"_links":{"self":[{"href":"https:\/\/swiatsupli.pl\/blog\/wp-json\/wp\/v2\/posts\/18149","targetHints":{"allow":["GET"]}}],"collection":[{"href":"https:\/\/swiatsupli.pl\/blog\/wp-json\/wp\/v2\/posts"}],"about":[{"href":"https:\/\/swiatsupli.pl\/blog\/wp-json\/wp\/v2\/types\/post"}],"author":[{"embeddable":true,"href":"https:\/\/swiatsupli.pl\/blog\/wp-json\/wp\/v2\/users\/6"}],"replies":[{"embeddable":true,"href":"https:\/\/swiatsupli.pl\/blog\/wp-json\/wp\/v2\/comments?post=18149"}],"version-history":[{"count":3,"href":"https:\/\/swiatsupli.pl\/blog\/wp-json\/wp\/v2\/posts\/18149\/revisions"}],"predecessor-version":[{"id":18162,"href":"https:\/\/swiatsupli.pl\/blog\/wp-json\/wp\/v2\/posts\/18149\/revisions\/18162"}],"wp:featuredmedia":[{"embeddable":true,"href":"https:\/\/swiatsupli.pl\/blog\/wp-json\/wp\/v2\/media\/18160"}],"wp:attachment":[{"href":"https:\/\/swiatsupli.pl\/blog\/wp-json\/wp\/v2\/media?parent=18149"}],"wp:term":[{"taxonomy":"category","embeddable":true,"href":"https:\/\/swiatsupli.pl\/blog\/wp-json\/wp\/v2\/categories?post=18149"},{"taxonomy":"post_tag","embeddable":true,"href":"https:\/\/swiatsupli.pl\/blog\/wp-json\/wp\/v2\/tags?post=18149"}],"curies":[{"name":"wp","href":"https:\/\/api.w.org\/{rel}","templated":true}]}}